{"id":1941,"date":"2024-02-08T07:31:43","date_gmt":"2024-02-08T07:31:43","guid":{"rendered":"https:\/\/altisk-mlak.edu.hu\/?p=1941"},"modified":"2024-02-08T12:06:27","modified_gmt":"2024-02-08T12:06:27","slug":"balazsaldas-iskolankban","status":"publish","type":"post","link":"https:\/\/altisk-mlak.edu.hu\/index.php\/balazsaldas-iskolankban\/","title":{"rendered":"Bal\u00e1zs\u00e1ld\u00e1s iskol\u00e1nkban"},"content":{"rendered":"<p align=\"justify\"><span lang=\"hu-HU\"> 2024. febru\u00e1r 5-\u00e9n, h\u00e9tf\u0151n a kora d\u00e9lut\u00e1ni \u00f3r\u00e1kban tartotta meg Gyula atya a magyarlak-cs\u00f6r\u00f6tneki iskola aul\u00e1j\u00e1ban a febru\u00e1ri iskolamis\u00e9nket. N\u00e9h\u00e1ny fels\u0151s nagyfi\u00fa seg\u00edts\u00e9g\u00e9vel rendezkedt\u00fcnk be: az olt\u00e1r a fels\u0151 szintr\u0151l lehozott gyalupad lett, tornapadokkal \u00e9s sz\u00e9kekkel pedig kialak\u00edtottuk a \u2019haj\u00f3t\u2019 a h\u00edv\u0151k sz\u00e1m\u00e1ra. A szentmis\u00e9re meg\u00e9rkeztek a r\u00e1bagyarmati iskola tanul\u00f3i \u00e9s tan\u00edt\u00f3i is, valamint ism\u00e9t t\u00f6bb sz\u00fcl\u0151, nagysz\u00fcl\u0151, kistestv\u00e9r is. <\/span><\/p>\n<p align=\"justify\"><span lang=\"hu-HU\"> A szentmis\u00e9n a m\u00e1r ismert karizmatikus \u00e9nekeket \u00e9nekelt\u00fck. \u00dajdons\u00e1gk\u00e9nt a h\u00e9tk\u00f6znapi szentmis\u00e9n nem k\u00f6telez\u0151 Dics\u0151s\u00e9g \u00e9s Hiszekegy im\u00e1ds\u00e1gokat elim\u00e1dkoztuk, hogy a gyerekek a vas\u00e1rnapi miserendet \u00e9s im\u00e1ds\u00e1gokat is megismerj\u00e9k. <\/span><\/p>\n<table style=\"border-collapse: collapse; width: 100%;\">\n<tbody>\n<tr>\n<td style=\"width: 50%;\"><img fetchpriority=\"high\" decoding=\"async\" class=\"aligncenter wp-image-1944 size-large\" src=\"https:\/\/altisk-mlak.edu.hu\/wp-content\/uploads\/2024\/02\/422062528_842446161016002_7255781495703769294_n-e1707377132639-1024x807.jpg\" alt=\"\" width=\"604\" height=\"476\" srcset=\"https:\/\/altisk-mlak.edu.hu\/wp-content\/uploads\/2024\/02\/422062528_842446161016002_7255781495703769294_n-e1707377132639-1024x807.jpg 1024w, https:\/\/altisk-mlak.edu.hu\/wp-content\/uploads\/2024\/02\/422062528_842446161016002_7255781495703769294_n-e1707377132639-300x236.jpg 300w, https:\/\/altisk-mlak.edu.hu\/wp-content\/uploads\/2024\/02\/422062528_842446161016002_7255781495703769294_n-e1707377132639-768x605.jpg 768w, https:\/\/altisk-mlak.edu.hu\/wp-content\/uploads\/2024\/02\/422062528_842446161016002_7255781495703769294_n-e1707377132639-1536x1210.jpg 1536w, https:\/\/altisk-mlak.edu.hu\/wp-content\/uploads\/2024\/02\/422062528_842446161016002_7255781495703769294_n-e1707377132639-600x473.jpg 600w, https:\/\/altisk-mlak.edu.hu\/wp-content\/uploads\/2024\/02\/422062528_842446161016002_7255781495703769294_n-e1707377132639.jpg 1819w\" sizes=\"(max-width: 604px) 100vw, 604px\" \/><\/td>\n<td style=\"width: 50%;\"><img decoding=\"async\" class=\"aligncenter wp-image-1942 size-large\" src=\"https:\/\/altisk-mlak.edu.hu\/wp-content\/uploads\/2024\/02\/422065343_842446267682658_8339307533548117242_n-e1707377161276-1024x787.jpg\" alt=\"\" width=\"604\" height=\"464\" srcset=\"https:\/\/altisk-mlak.edu.hu\/wp-content\/uploads\/2024\/02\/422065343_842446267682658_8339307533548117242_n-e1707377161276-1024x787.jpg 1024w, https:\/\/altisk-mlak.edu.hu\/wp-content\/uploads\/2024\/02\/422065343_842446267682658_8339307533548117242_n-e1707377161276-300x230.jpg 300w, https:\/\/altisk-mlak.edu.hu\/wp-content\/uploads\/2024\/02\/422065343_842446267682658_8339307533548117242_n-e1707377161276-768x590.jpg 768w, https:\/\/altisk-mlak.edu.hu\/wp-content\/uploads\/2024\/02\/422065343_842446267682658_8339307533548117242_n-e1707377161276-1536x1180.jpg 1536w, https:\/\/altisk-mlak.edu.hu\/wp-content\/uploads\/2024\/02\/422065343_842446267682658_8339307533548117242_n-e1707377161276-600x461.jpg 600w, https:\/\/altisk-mlak.edu.hu\/wp-content\/uploads\/2024\/02\/422065343_842446267682658_8339307533548117242_n-e1707377161276.jpg 2048w\" sizes=\"(max-width: 604px) 100vw, 604px\" \/><\/td>\n<\/tr>\n<\/tbody>\n<\/table>\n<p align=\"justify\"><span lang=\"hu-HU\">Gyula atya Szent Bal\u00e1zs p\u00fcsp\u00f6k \u00e9s v\u00e9rtan\u00far\u00f3l mondta a szentmis\u00e9t. A szentlecke neh\u00e9z sz\u00f6veg\u00e9t Mesits Patr\u00edcia 7. oszt\u00e1lyos tanul\u00f3 olvasta fel hib\u00e1tlanul, \u00e9rthet\u0151en, pontosan \u00e9rtelmezve. Gyula atya a pr\u00e9dik\u00e1ci\u00f3ban arr\u00f3l besz\u00e9lt, hogy mi, akik sok sz\u00e1z \u00e9vvel \u00e9l\u00fcnk Szent Bal\u00e1zs p\u00fcsp\u00f6k ut\u00e1n, hogyan r\u00e9szesedhet\u00fcnk azokb\u00f3l az aj\u00e1nd\u00e9kokb\u00f3l, amelyekkel Isten az \u0151 tan\u00fas\u00e1gtev\u0151 \u00e9let\u00e9t \u00e9s b\u00e1tor v\u00e9rtan\u00fahal\u00e1l\u00e1t jutalmazta. Az egyetemes k\u00f6ny\u00f6rg\u00e9seket Magyar Levente \u00e9s Kakas Levente 4. oszt\u00e1lyos tanul\u00f3k olvast\u00e1k fel. A szentmise v\u00e9g\u00e9n Gyula atya mindenkit Bal\u00e1zs-\u00e1ld\u00e1sban r\u00e9szes\u00edtett. <\/span><\/p>\n<table style=\"border-collapse: collapse; width: 100%;\">\n<tbody>\n<tr>\n<td style=\"width: 50%;\"><img decoding=\"async\" class=\"aligncenter wp-image-1947 size-large\" src=\"https:\/\/altisk-mlak.edu.hu\/wp-content\/uploads\/2024\/02\/424714965_842446357682649_6152051553827403001_n-e1707377396735-1024x575.jpg\" alt=\"\" width=\"604\" height=\"339\" srcset=\"https:\/\/altisk-mlak.edu.hu\/wp-content\/uploads\/2024\/02\/424714965_842446357682649_6152051553827403001_n-e1707377396735-1024x575.jpg 1024w, https:\/\/altisk-mlak.edu.hu\/wp-content\/uploads\/2024\/02\/424714965_842446357682649_6152051553827403001_n-e1707377396735-300x168.jpg 300w, https:\/\/altisk-mlak.edu.hu\/wp-content\/uploads\/2024\/02\/424714965_842446357682649_6152051553827403001_n-e1707377396735-768x431.jpg 768w, https:\/\/altisk-mlak.edu.hu\/wp-content\/uploads\/2024\/02\/424714965_842446357682649_6152051553827403001_n-e1707377396735-1536x863.jpg 1536w, https:\/\/altisk-mlak.edu.hu\/wp-content\/uploads\/2024\/02\/424714965_842446357682649_6152051553827403001_n-e1707377396735-1600x900.jpg 1600w, https:\/\/altisk-mlak.edu.hu\/wp-content\/uploads\/2024\/02\/424714965_842446357682649_6152051553827403001_n-e1707377396735-600x337.jpg 600w, https:\/\/altisk-mlak.edu.hu\/wp-content\/uploads\/2024\/02\/424714965_842446357682649_6152051553827403001_n-e1707377396735.jpg 2048w\" sizes=\"(max-width: 604px) 100vw, 604px\" \/><\/td>\n<td style=\"width: 50%;\"><img loading=\"lazy\" decoding=\"async\" class=\"aligncenter size-large wp-image-1943\" src=\"https:\/\/altisk-mlak.edu.hu\/wp-content\/uploads\/2024\/02\/421941886_842446301015988_1991310883576854127_n-1024x580.jpg\" alt=\"\" width=\"604\" height=\"342\" srcset=\"https:\/\/altisk-mlak.edu.hu\/wp-content\/uploads\/2024\/02\/421941886_842446301015988_1991310883576854127_n-1024x580.jpg 1024w, https:\/\/altisk-mlak.edu.hu\/wp-content\/uploads\/2024\/02\/421941886_842446301015988_1991310883576854127_n-300x170.jpg 300w, https:\/\/altisk-mlak.edu.hu\/wp-content\/uploads\/2024\/02\/421941886_842446301015988_1991310883576854127_n-768x435.jpg 768w, https:\/\/altisk-mlak.edu.hu\/wp-content\/uploads\/2024\/02\/421941886_842446301015988_1991310883576854127_n-1536x869.jpg 1536w, https:\/\/altisk-mlak.edu.hu\/wp-content\/uploads\/2024\/02\/421941886_842446301015988_1991310883576854127_n-600x340.jpg 600w, https:\/\/altisk-mlak.edu.hu\/wp-content\/uploads\/2024\/02\/421941886_842446301015988_1991310883576854127_n.jpg 2048w\" sizes=\"(max-width: 604px) 100vw, 604px\" \/><\/td>\n<\/tr>\n<tr>\n<td style=\"width: 50%;\"><img loading=\"lazy\" decoding=\"async\" class=\"aligncenter size-large wp-image-1945\" src=\"https:\/\/altisk-mlak.edu.hu\/wp-content\/uploads\/2024\/02\/421942896_842446597682625_4745226934681973970_n-1024x991.jpg\" alt=\"\" width=\"604\" height=\"585\" srcset=\"https:\/\/altisk-mlak.edu.hu\/wp-content\/uploads\/2024\/02\/421942896_842446597682625_4745226934681973970_n-1024x991.jpg 1024w, https:\/\/altisk-mlak.edu.hu\/wp-content\/uploads\/2024\/02\/421942896_842446597682625_4745226934681973970_n-300x290.jpg 300w, https:\/\/altisk-mlak.edu.hu\/wp-content\/uploads\/2024\/02\/421942896_842446597682625_4745226934681973970_n-768x743.jpg 768w, https:\/\/altisk-mlak.edu.hu\/wp-content\/uploads\/2024\/02\/421942896_842446597682625_4745226934681973970_n-1536x1486.jpg 1536w, https:\/\/altisk-mlak.edu.hu\/wp-content\/uploads\/2024\/02\/421942896_842446597682625_4745226934681973970_n-600x580.jpg 600w, https:\/\/altisk-mlak.edu.hu\/wp-content\/uploads\/2024\/02\/421942896_842446597682625_4745226934681973970_n.jpg 2048w\" sizes=\"(max-width: 604px) 100vw, 604px\" \/><\/td>\n<td style=\"width: 50%;\"><img loading=\"lazy\" decoding=\"async\" class=\"aligncenter wp-image-1946 size-large\" src=\"https:\/\/altisk-mlak.edu.hu\/wp-content\/uploads\/2024\/02\/424637890_842446517682633_4707762250411206063_n-e1707377494917-1024x986.jpg\" alt=\"\" width=\"604\" height=\"582\" srcset=\"https:\/\/altisk-mlak.edu.hu\/wp-content\/uploads\/2024\/02\/424637890_842446517682633_4707762250411206063_n-e1707377494917-1024x986.jpg 1024w, https:\/\/altisk-mlak.edu.hu\/wp-content\/uploads\/2024\/02\/424637890_842446517682633_4707762250411206063_n-e1707377494917-300x289.jpg 300w, https:\/\/altisk-mlak.edu.hu\/wp-content\/uploads\/2024\/02\/424637890_842446517682633_4707762250411206063_n-e1707377494917-768x739.jpg 768w, https:\/\/altisk-mlak.edu.hu\/wp-content\/uploads\/2024\/02\/424637890_842446517682633_4707762250411206063_n-e1707377494917-1536x1479.jpg 1536w, https:\/\/altisk-mlak.edu.hu\/wp-content\/uploads\/2024\/02\/424637890_842446517682633_4707762250411206063_n-e1707377494917-600x578.jpg 600w, https:\/\/altisk-mlak.edu.hu\/wp-content\/uploads\/2024\/02\/424637890_842446517682633_4707762250411206063_n-e1707377494917.jpg 2013w\" sizes=\"(max-width: 604px) 100vw, 604px\" \/><\/td>\n<\/tr>\n<\/tbody>\n<\/table>\n<p align=\"justify\"><span lang=\"hu-HU\">Ezut\u00e1n Kati n\u00e9ni, iskol\u00e1nk igazgat\u00f3n\u0151je kiosztotta a tanulm\u00e1nyi, k\u00f6z\u00f6ss\u00e9gi \u00e9s hit\u00e9leti tev\u00e9kenys\u00e9g\u00fck\u00e9rt dics\u00e9retben r\u00e9szes\u00fclt tanul\u00f3k jutalmait, amelyr\u0151l a k\u00e9s\u0151bbiekben r\u00e9szletesen besz\u00e1molunk. <\/span><\/p>\n","protected":false},"excerpt":{"rendered":"<p>2024. febru\u00e1r 5-\u00e9n, h\u00e9tf\u0151n a kora d\u00e9lut\u00e1ni \u00f3r\u00e1kban tartotta meg Gyula atya a magyarlak-cs\u00f6r\u00f6tneki iskola aul\u00e1j\u00e1ban a febru\u00e1ri iskolamis\u00e9nket. N\u00e9h\u00e1ny fels\u0151s nagyfi\u00fa seg\u00edts\u00e9g\u00e9vel rendezkedt\u00fcnk be: az olt\u00e1r a fels\u0151 szintr\u0151l lehozott gyalupad<a class=\"moretag\" href=\"https:\/\/altisk-mlak.edu.hu\/index.php\/balazsaldas-iskolankban\/\">Read More&#8230;<\/a><\/p>\n","protected":false},"author":3,"featured_media":0,"comment_status":"closed","ping_status":"closed","sticky":false,"template":"","format":"standard","meta":{"two_page_speed":[],"footnotes":""},"categories":[1],"tags":[],"class_list":["post-1941","post","type-post","status-publish","format-standard","hentry","category-egyeb"],"_links":{"self":[{"href":"https:\/\/altisk-mlak.edu.hu\/index.php\/wp-json\/wp\/v2\/posts\/1941","targetHints":{"allow":["GET"]}}],"collection":[{"href":"https:\/\/altisk-mlak.edu.hu\/index.php\/wp-json\/wp\/v2\/posts"}],"about":[{"href":"https:\/\/altisk-mlak.edu.hu\/index.php\/wp-json\/wp\/v2\/types\/post"}],"author":[{"embeddable":true,"href":"https:\/\/altisk-mlak.edu.hu\/index.php\/wp-json\/wp\/v2\/users\/3"}],"replies":[{"embeddable":true,"href":"https:\/\/altisk-mlak.edu.hu\/index.php\/wp-json\/wp\/v2\/comments?post=1941"}],"version-history":[{"count":1,"href":"https:\/\/altisk-mlak.edu.hu\/index.php\/wp-json\/wp\/v2\/posts\/1941\/revisions"}],"predecessor-version":[{"id":1948,"href":"https:\/\/altisk-mlak.edu.hu\/index.php\/wp-json\/wp\/v2\/posts\/1941\/revisions\/1948"}],"wp:attachment":[{"href":"https:\/\/altisk-mlak.edu.hu\/index.php\/wp-json\/wp\/v2\/media?parent=1941"}],"wp:term":[{"taxonomy":"category","embeddable":true,"href":"https:\/\/altisk-mlak.edu.hu\/index.php\/wp-json\/wp\/v2\/categories?post=1941"},{"taxonomy":"post_tag","embeddable":true,"href":"https:\/\/altisk-mlak.edu.hu\/index.php\/wp-json\/wp\/v2\/tags?post=1941"}],"curies":[{"name":"wp","href":"https:\/\/api.w.org\/{rel}","templated":true}]}}