{"id":1949,"date":"2024-02-08T12:14:57","date_gmt":"2024-02-08T12:14:57","guid":{"rendered":"https:\/\/altisk-mlak.edu.hu\/?p=1949"},"modified":"2024-02-08T12:15:11","modified_gmt":"2024-02-08T12:15:11","slug":"felevertekelo-az-iskolagyulesen","status":"publish","type":"post","link":"https:\/\/altisk-mlak.edu.hu\/index.php\/felevertekelo-az-iskolagyulesen\/","title":{"rendered":"F\u00e9l\u00e9v\u00e9rt\u00e9kel\u0151 az iskolagy\u0171l\u00e9sen"},"content":{"rendered":"<p align=\"justify\"><span style=\"font-size: medium;\">A febru\u00e1ri iskolamis\u00e9t k\u00f6vet\u0151en Mezein\u00e9 Kiss Katalin tagint\u00e9zm\u00e9ny-igazgat\u00f3 \u00e9rt\u00e9kelte az iskolak\u00f6z\u00f6ss\u00e9g f\u00e9l\u00e9ves munk\u00e1j\u00e1t. Dics\u00e9retben r\u00e9szes\u00edtette azokat a tanul\u00f3kat, akik sz\u00e9p tanulm\u00e1nyi eredm\u00e9nyt \u00e9rtek el, \u00e9s megk\u00f6sz\u00f6nte azon di\u00e1kok szorgos munk\u00e1j\u00e1t, akik k\u00e9pess\u00e9geikhez m\u00e9rten teljes\u00edtettek. A vezet\u0151 kit\u00e9rt arra, hogy a k\u00fczd\u00e9s, a szorgalom \u00e9s a kitart\u00e1s mindig meghozza gy\u00fcm\u00f6lcs\u00e9t. Biztat\u00f3 szavakat int\u00e9zett a gyeng\u00e9bben teljes\u00edt\u0151k fel\u00e9, \u00edgy motiv\u00e1lta \u0151ket az \u00f6sszehangolt tan\u00edt\u00e1sra. A tov\u00e1bbiakban jutalmat adott \u00e1t azon gyermekeknek, akik tanulm\u00e1nyi, k\u00f6z\u00f6ss\u00e9gi \u00e9s hit\u00e9leti tev\u00e9kenys\u00e9g\u00fck miatt dics\u00e9retben r\u00e9szes\u00fcltek.<\/span><\/p>\n<p align=\"justify\"><img fetchpriority=\"high\" decoding=\"async\" class=\"aligncenter size-large wp-image-1950\" src=\"https:\/\/altisk-mlak.edu.hu\/wp-content\/uploads\/2024\/02\/IMG_20240205_171249-1024x831.jpg\" alt=\"\" width=\"604\" height=\"490\" srcset=\"https:\/\/altisk-mlak.edu.hu\/wp-content\/uploads\/2024\/02\/IMG_20240205_171249-1024x831.jpg 1024w, https:\/\/altisk-mlak.edu.hu\/wp-content\/uploads\/2024\/02\/IMG_20240205_171249-300x243.jpg 300w, https:\/\/altisk-mlak.edu.hu\/wp-content\/uploads\/2024\/02\/IMG_20240205_171249-768x623.jpg 768w, https:\/\/altisk-mlak.edu.hu\/wp-content\/uploads\/2024\/02\/IMG_20240205_171249-1536x1246.jpg 1536w, https:\/\/altisk-mlak.edu.hu\/wp-content\/uploads\/2024\/02\/IMG_20240205_171249-2048x1662.jpg 2048w, https:\/\/altisk-mlak.edu.hu\/wp-content\/uploads\/2024\/02\/IMG_20240205_171249-600x487.jpg 600w\" sizes=\"(max-width: 604px) 100vw, 604px\" \/><\/p>\n<p><span style=\"font-size: medium;\"><b>1. oszt\u00e1ly :<br \/>\n<\/b><\/span><span style=\"font-size: medium;\">Minden tanul\u00f3t dics\u00e9ret illet tanulm\u00e1nyi munk\u00e1\u00e9rt, k\u00f6z\u00f6ss\u00e9gi programokon val\u00f3 akt\u00edv r\u00e9szv\u00e9tel\u00e9rt<br \/>\n<\/span><span style=\"font-size: medium;\">Hitaller Jutocsa Farkas: napk\u00f6zis foglakoz\u00e1son p\u00e9ld\u00e1s magaviselet\u00e9rt \u00e9s szorgalom\u00e9rt, \u00f6tletgazdag tev\u00e9kenys\u00e9g\u00e9rt<br \/>\n<\/span><span style=\"font-size: medium;\">Nagy Kiara Beatrix: napk\u00f6zis foglakoz\u00e1son p\u00e9ld\u00e1s magaviselet\u00e9rt \u00e9s szorgalom\u00e9rt, \u00f6tletgazdag tev\u00e9kenys\u00e9g\u00e9rt<br \/>\n<\/span><span style=\"font-size: medium;\">Czotter Gr\u00e9ta hit\u00e9leti tev\u00e9kenys\u00e9g\u00e9rt<br \/>\n<\/span><span style=\"font-size: medium;\">Laki Szofia hit\u00e9leti tev\u00e9kenys\u00e9g\u00e9rt<br \/>\n<\/span><span style=\"font-size: medium;\">Sekulic Zo\u00e9 hit\u00e9leti tev\u00e9kenys\u00e9g\u00e9rt, napk\u00f6zis foglakoz\u00e1son p\u00e9ld\u00e1s magaviselet\u00e9rt \u00e9s szorgalom\u00e9rt, \u00f6tletgazdag tev\u00e9kenys\u00e9g\u00e9rt<\/span><\/p>\n<p><span style=\"font-size: medium;\"><b>2. oszt\u00e1ly:<br \/>\n<\/b><\/span><span style=\"font-size: medium;\">Horv\u00e1th Zita hit\u00e9leti tev\u00e9kenys\u00e9g\u00e9rt, \u00e9nekkari szolg\u00e1lat\u00e9rt<br \/>\n<\/span><span style=\"font-size: medium;\">Vad\u00e1sz Andr\u00e1s hit\u00e9leti tev\u00e9kenys\u00e9g\u00e9rt, napk\u00f6zis foglakoz\u00e1son p\u00e9ld\u00e1s magaviselet\u00e9rt \u00e9s szorgalom\u00e9rt, \u00f6tletgazdag tev\u00e9kenys\u00e9g\u00e9rt<\/span><\/p>\n<p><span style=\"font-size: medium;\"><b>3. oszt\u00e1ly:<br \/>\n<\/b><\/span><span style=\"font-size: medium;\">Horv\u00e1th Arn\u00f3 tanulm\u00e1nyi munk\u00e1\u00e9rt<br \/>\n<\/span><span style=\"font-size: medium;\">Tak\u00e1cs D\u00e1vid tanulm\u00e1nyi munk\u00e1\u00e9rt, hit\u00e9leti tev\u00e9kenys\u00e9g\u00e9rt<br \/>\n<\/span><span style=\"font-size: medium;\">Doncsecz Vanda hit\u00e9leti tev\u00e9kenys\u00e9g\u00e9rt, k\u00f6z\u00f6ss\u00e9gi munk\u00e1j\u00e1\u00e9rt, \u00e9nekkari szolg\u00e1lat\u00e9rt<br \/>\n<\/span><span style=\"font-size: medium;\">Horv\u00e1th M\u00e1t\u00e9 hit\u00e9leti tev\u00e9kenys\u00e9g\u00e9rt<\/span><\/p>\n<p><span style=\"font-size: medium;\"><b>4. oszt\u00e1ly:<br \/>\n<\/b><\/span><span style=\"font-size: medium;\">Tak\u00e1cs Viktor tanulm\u00e1nyi eredm\u00e9ny\u00e9rt<br \/>\n<\/span><span style=\"font-size: medium;\">Kakas Levente hit\u00e9leti tev\u00e9kenys\u00e9g\u00e9rt<br \/>\n<\/span><span style=\"font-size: medium;\">Magyar Levente hit\u00e9leti tev\u00e9kenys\u00e9g\u00e9rt<br \/>\n<\/span><span style=\"font-size: medium;\">Mezei Anna hit\u00e9leti tev\u00e9kenys\u00e9g\u00e9rt, k\u00f6z\u00f6ss\u00e9gi tev\u00e9kenys\u00e9g\u00e9rt<\/span><\/p>\n<p><span style=\"font-size: medium;\"><b>5. oszt\u00e1ly:<br \/>\n<\/b><\/span><span style=\"font-size: medium;\">Deli Aida szakk\u00f6ri tev\u00e9kenys\u00e9g\u00e9rt, \u00e9nekkari szolg\u00e1lat\u00e9rt<br \/>\n<\/span><span style=\"font-size: medium;\">Horv\u00e1th Lilla szakk\u00f6ri tev\u00e9kenys\u00e9g\u00e9rt, hit\u00e9leti tev\u00e9kenys\u00e9g\u00e9rt, \u00e9nekkari szolg\u00e1lat\u00e9rt<\/span><\/p>\n<p><span style=\"font-size: medium;\"><b>6. oszt\u00e1ly:<br \/>\n<\/b><\/span><span style=\"font-size: medium;\">Mesits Patr\u00edcia Em\u00edlia tanulm\u00e1nyi munk\u00e1\u00e9rt, szakk\u00f6ri tev\u00e9kenys\u00e9g\u00e9\u00e9rt, hit\u00e9leti tev\u00e9kenys\u00e9g\u00e9rt, \u00e9nekkari szolg\u00e1lat\u00e9rt<br \/>\n<\/span><span style=\"font-size: medium;\">Racker Elizabet szakk\u00f6ri tev\u00e9kenys\u00e9g\u00e9rt, \u00e9nekkari szolg\u00e1lat\u00e9rt<\/span><\/p>\n<p><span style=\"font-size: medium;\"><b>7. oszt\u00e1ly:<br \/>\n<\/b><\/span><span style=\"font-size: medium;\">Horv\u00e1th Judit szakk\u00f6ri tev\u00e9kenys\u00e9g\u00e9rt, hit\u00e9leti tev\u00e9kenys\u00e9g\u00e9rt, \u00e9nekkari szolg\u00e1lat\u00e9rt<br \/>\n<\/span><span style=\"font-size: medium;\">Doncsecz Vikt\u00f3ria jeles tanulm\u00e1nyi eredm\u00e9ny, hit\u00e9leti tev\u00e9kenys\u00e9g\u00e9rt, <\/span><\/p>\n<p><span style=\"font-size: medium;\"><b>8. oszt\u00e1ly:<br \/>\n<\/b><\/span><span style=\"font-size: medium;\">Gratzl Marcell kit\u0171n\u0151 tanulm\u00e1nyi eredm\u00e9ny\u00e9rt, hit\u00e9leti tev\u00e9kenys\u00e9g\u00e9rt<br \/>\n<\/span><span style=\"font-size: medium;\">Kiszely B\u00e9la hit\u00e9leti tev\u00e9kenys\u00e9g\u00e9rt<br \/>\n<\/span><span style=\"font-size: medium;\">Kiszely D\u00e1vid hit\u00e9leti tev\u00e9kenys\u00e9g\u00e9rt<\/span><\/p>\n<p><span style=\"font-size: medium;\"><b>R\u00e1bagyarmati Telephely:<br \/>\n<\/b><\/span><span style=\"font-size: medium;\"><b>3. oszt\u00e1ly:<br \/>\n<\/b><\/span><span style=\"font-size: medium;\">Kov\u00e1cs R\u00e9ka: kit\u0171n\u0151 tanulm\u00e1nyi eredm\u00e9ny\u00e9rt<\/span><\/p>\n","protected":false},"excerpt":{"rendered":"<p>A febru\u00e1ri iskolamis\u00e9t k\u00f6vet\u0151en Mezein\u00e9 Kiss Katalin tagint\u00e9zm\u00e9ny-igazgat\u00f3 \u00e9rt\u00e9kelte az iskolak\u00f6z\u00f6ss\u00e9g f\u00e9l\u00e9ves munk\u00e1j\u00e1t. Dics\u00e9retben r\u00e9szes\u00edtette azokat a tanul\u00f3kat, akik sz\u00e9p tanulm\u00e1nyi eredm\u00e9nyt \u00e9rtek el, \u00e9s megk\u00f6sz\u00f6nte azon di\u00e1kok szorgos munk\u00e1j\u00e1t, akik k\u00e9pess\u00e9geikhez<a class=\"moretag\" href=\"https:\/\/altisk-mlak.edu.hu\/index.php\/felevertekelo-az-iskolagyulesen\/\">Read More&#8230;<\/a><\/p>\n","protected":false},"author":3,"featured_media":0,"comment_status":"closed","ping_status":"closed","sticky":false,"template":"","format":"standard","meta":{"two_page_speed":[],"footnotes":""},"categories":[1],"tags":[],"class_list":["post-1949","post","type-post","status-publish","format-standard","hentry","category-egyeb"],"_links":{"self":[{"href":"https:\/\/altisk-mlak.edu.hu\/index.php\/wp-json\/wp\/v2\/posts\/1949","targetHints":{"allow":["GET"]}}],"collection":[{"href":"https:\/\/altisk-mlak.edu.hu\/index.php\/wp-json\/wp\/v2\/posts"}],"about":[{"href":"https:\/\/altisk-mlak.edu.hu\/index.php\/wp-json\/wp\/v2\/types\/post"}],"author":[{"embeddable":true,"href":"https:\/\/altisk-mlak.edu.hu\/index.php\/wp-json\/wp\/v2\/users\/3"}],"replies":[{"embeddable":true,"href":"https:\/\/altisk-mlak.edu.hu\/index.php\/wp-json\/wp\/v2\/comments?post=1949"}],"version-history":[{"count":1,"href":"https:\/\/altisk-mlak.edu.hu\/index.php\/wp-json\/wp\/v2\/posts\/1949\/revisions"}],"predecessor-version":[{"id":1951,"href":"https:\/\/altisk-mlak.edu.hu\/index.php\/wp-json\/wp\/v2\/posts\/1949\/revisions\/1951"}],"wp:attachment":[{"href":"https:\/\/altisk-mlak.edu.hu\/index.php\/wp-json\/wp\/v2\/media?parent=1949"}],"wp:term":[{"taxonomy":"category","embeddable":true,"href":"https:\/\/altisk-mlak.edu.hu\/index.php\/wp-json\/wp\/v2\/categories?post=1949"},{"taxonomy":"post_tag","embeddable":true,"href":"https:\/\/altisk-mlak.edu.hu\/index.php\/wp-json\/wp\/v2\/tags?post=1949"}],"curies":[{"name":"wp","href":"https:\/\/api.w.org\/{rel}","templated":true}]}}