{"id":1952,"date":"2024-02-08T12:28:39","date_gmt":"2024-02-08T12:28:39","guid":{"rendered":"https:\/\/altisk-mlak.edu.hu\/?p=1952"},"modified":"2024-02-09T09:04:43","modified_gmt":"2024-02-09T09:04:43","slug":"alsos-farsang","status":"publish","type":"post","link":"https:\/\/altisk-mlak.edu.hu\/index.php\/alsos-farsang\/","title":{"rendered":"Als\u00f3s farsang"},"content":{"rendered":"<p align=\"justify\"><a name=\"_GoBack\"><\/a> Iskol\u00e1nkban id\u00e9n febru\u00e1r 6-\u00e1n zajlott az als\u00f3sok farsangja. Mindenki l\u00e1zas k\u00e9sz\u00fcl\u0151d\u00e9ssel, izgatottan v\u00e1rta a mulats\u00e1got. A program a jelmezesek felvonul\u00e1s\u00e1val, bemutatkoz\u00e1s\u00e1val kezd\u0151d\u00f6tt.<\/p>\n<table style=\"border-collapse: collapse; width: 100%;\">\n<tbody>\n<tr>\n<td style=\"width: 50%;\"><img fetchpriority=\"high\" decoding=\"async\" class=\"aligncenter wp-image-1955 size-large\" src=\"https:\/\/altisk-mlak.edu.hu\/wp-content\/uploads\/2024\/02\/IMG_20240206_140731-e1707395209705-1024x802.jpg\" alt=\"\" width=\"604\" height=\"473\" srcset=\"https:\/\/altisk-mlak.edu.hu\/wp-content\/uploads\/2024\/02\/IMG_20240206_140731-e1707395209705-1024x802.jpg 1024w, https:\/\/altisk-mlak.edu.hu\/wp-content\/uploads\/2024\/02\/IMG_20240206_140731-e1707395209705-300x235.jpg 300w, https:\/\/altisk-mlak.edu.hu\/wp-content\/uploads\/2024\/02\/IMG_20240206_140731-e1707395209705-768x601.jpg 768w, https:\/\/altisk-mlak.edu.hu\/wp-content\/uploads\/2024\/02\/IMG_20240206_140731-e1707395209705-1536x1203.jpg 1536w, https:\/\/altisk-mlak.edu.hu\/wp-content\/uploads\/2024\/02\/IMG_20240206_140731-e1707395209705-600x470.jpg 600w, https:\/\/altisk-mlak.edu.hu\/wp-content\/uploads\/2024\/02\/IMG_20240206_140731-e1707395209705.jpg 2000w\" sizes=\"(max-width: 604px) 100vw, 604px\" \/><\/td>\n<td style=\"width: 50%;\"><img decoding=\"async\" class=\"aligncenter size-large wp-image-1954\" src=\"https:\/\/altisk-mlak.edu.hu\/wp-content\/uploads\/2024\/02\/IMG_20240206_140841-1024x802.jpg\" alt=\"\" width=\"604\" height=\"473\" srcset=\"https:\/\/altisk-mlak.edu.hu\/wp-content\/uploads\/2024\/02\/IMG_20240206_140841-1024x802.jpg 1024w, https:\/\/altisk-mlak.edu.hu\/wp-content\/uploads\/2024\/02\/IMG_20240206_140841-300x235.jpg 300w, https:\/\/altisk-mlak.edu.hu\/wp-content\/uploads\/2024\/02\/IMG_20240206_140841-768x602.jpg 768w, https:\/\/altisk-mlak.edu.hu\/wp-content\/uploads\/2024\/02\/IMG_20240206_140841-1536x1203.jpg 1536w, https:\/\/altisk-mlak.edu.hu\/wp-content\/uploads\/2024\/02\/IMG_20240206_140841-600x470.jpg 600w, https:\/\/altisk-mlak.edu.hu\/wp-content\/uploads\/2024\/02\/IMG_20240206_140841.jpg 2000w\" sizes=\"(max-width: 604px) 100vw, 604px\" \/><\/td>\n<\/tr>\n<tr>\n<td colspan=\"2\"><img decoding=\"async\" class=\"aligncenter size-large wp-image-1953\" src=\"https:\/\/altisk-mlak.edu.hu\/wp-content\/uploads\/2024\/02\/IMG_20240206_173230-602x1024.jpg\" alt=\"\" width=\"602\" height=\"1024\" srcset=\"https:\/\/altisk-mlak.edu.hu\/wp-content\/uploads\/2024\/02\/IMG_20240206_173230-602x1024.jpg 602w, https:\/\/altisk-mlak.edu.hu\/wp-content\/uploads\/2024\/02\/IMG_20240206_173230-176x300.jpg 176w, https:\/\/altisk-mlak.edu.hu\/wp-content\/uploads\/2024\/02\/IMG_20240206_173230-768x1307.jpg 768w, https:\/\/altisk-mlak.edu.hu\/wp-content\/uploads\/2024\/02\/IMG_20240206_173230-902x1536.jpg 902w, https:\/\/altisk-mlak.edu.hu\/wp-content\/uploads\/2024\/02\/IMG_20240206_173230-353x600.jpg 353w, https:\/\/altisk-mlak.edu.hu\/wp-content\/uploads\/2024\/02\/IMG_20240206_173230.jpg 1175w\" sizes=\"(max-width: 602px) 100vw, 602px\" \/><\/td>\n<\/tr>\n<\/tbody>\n<\/table>\n<p align=\"justify\">T\u00e1nc k\u00f6zben el\u0151ker\u00fcltek a \u201enagy klasszikusok\u201d, a sepr\u0171st\u00e1nc \u00e9s a sz\u00e9kfoglal\u00f3 is. A sz\u00fcl\u0151k \u00e9s az iskolavezet\u00e9s gondoskod\u00e1s\u00e1nak k\u00f6sz\u00f6nhet\u0151en a b\u00fcf\u00e9ben finoms\u00e1gokb\u00f3l, \u00fcd\u00edt\u0151kb\u0151l b\u0151s\u00e9ges volt a k\u00edn\u00e1lat. A rendezv\u00e9nyen j\u00f3kedvb\u0151l, vid\u00e1ms\u00e1gb\u00f3l, m\u00f3k\u00e1z\u00e1sb\u00f3l nem volt hi\u00e1ny.<\/p>\n<p style=\"text-align: right;\" align=\"justify\"><em>Zak\u00f3cs Veronika<\/em><\/p>\n","protected":false},"excerpt":{"rendered":"<p>Iskol\u00e1nkban id\u00e9n febru\u00e1r 6-\u00e1n zajlott az als\u00f3sok farsangja. Mindenki l\u00e1zas k\u00e9sz\u00fcl\u0151d\u00e9ssel, izgatottan v\u00e1rta a mulats\u00e1got. A program a jelmezesek felvonul\u00e1s\u00e1val, bemutatkoz\u00e1s\u00e1val kezd\u0151d\u00f6tt. T\u00e1nc k\u00f6zben el\u0151ker\u00fcltek a \u201enagy klasszikusok\u201d, a sepr\u0171st\u00e1nc \u00e9s a<a class=\"moretag\" href=\"https:\/\/altisk-mlak.edu.hu\/index.php\/alsos-farsang\/\">Read More&#8230;<\/a><\/p>\n","protected":false},"author":3,"featured_media":0,"comment_status":"closed","ping_status":"closed","sticky":false,"template":"","format":"standard","meta":{"two_page_speed":[],"footnotes":""},"categories":[1],"tags":[],"class_list":["post-1952","post","type-post","status-publish","format-standard","hentry","category-egyeb"],"_links":{"self":[{"href":"https:\/\/altisk-mlak.edu.hu\/index.php\/wp-json\/wp\/v2\/posts\/1952","targetHints":{"allow":["GET"]}}],"collection":[{"href":"https:\/\/altisk-mlak.edu.hu\/index.php\/wp-json\/wp\/v2\/posts"}],"about":[{"href":"https:\/\/altisk-mlak.edu.hu\/index.php\/wp-json\/wp\/v2\/types\/post"}],"author":[{"embeddable":true,"href":"https:\/\/altisk-mlak.edu.hu\/index.php\/wp-json\/wp\/v2\/users\/3"}],"replies":[{"embeddable":true,"href":"https:\/\/altisk-mlak.edu.hu\/index.php\/wp-json\/wp\/v2\/comments?post=1952"}],"version-history":[{"count":1,"href":"https:\/\/altisk-mlak.edu.hu\/index.php\/wp-json\/wp\/v2\/posts\/1952\/revisions"}],"predecessor-version":[{"id":1956,"href":"https:\/\/altisk-mlak.edu.hu\/index.php\/wp-json\/wp\/v2\/posts\/1952\/revisions\/1956"}],"wp:attachment":[{"href":"https:\/\/altisk-mlak.edu.hu\/index.php\/wp-json\/wp\/v2\/media?parent=1952"}],"wp:term":[{"taxonomy":"category","embeddable":true,"href":"https:\/\/altisk-mlak.edu.hu\/index.php\/wp-json\/wp\/v2\/categories?post=1952"},{"taxonomy":"post_tag","embeddable":true,"href":"https:\/\/altisk-mlak.edu.hu\/index.php\/wp-json\/wp\/v2\/tags?post=1952"}],"curies":[{"name":"wp","href":"https:\/\/api.w.org\/{rel}","templated":true}]}}