{"id":1976,"date":"2024-02-12T08:19:43","date_gmt":"2024-02-12T08:19:43","guid":{"rendered":"https:\/\/altisk-mlak.edu.hu\/?p=1976"},"modified":"2024-02-14T10:33:19","modified_gmt":"2024-02-14T10:33:19","slug":"betekinto-az-iskolaba-2","status":"publish","type":"post","link":"https:\/\/altisk-mlak.edu.hu\/index.php\/betekinto-az-iskolaba-2\/","title":{"rendered":"Betekint\u0151 az iskol\u00e1ba"},"content":{"rendered":"<p align=\"justify\"><img fetchpriority=\"high\" decoding=\"async\" class=\"alignleft size-medium wp-image-1979\" src=\"https:\/\/altisk-mlak.edu.hu\/wp-content\/uploads\/2024\/02\/IMG_20240211_154142-300x236.jpg\" alt=\"\" width=\"300\" height=\"236\" srcset=\"https:\/\/altisk-mlak.edu.hu\/wp-content\/uploads\/2024\/02\/IMG_20240211_154142-300x236.jpg 300w, https:\/\/altisk-mlak.edu.hu\/wp-content\/uploads\/2024\/02\/IMG_20240211_154142-1024x806.jpg 1024w, https:\/\/altisk-mlak.edu.hu\/wp-content\/uploads\/2024\/02\/IMG_20240211_154142-768x604.jpg 768w, https:\/\/altisk-mlak.edu.hu\/wp-content\/uploads\/2024\/02\/IMG_20240211_154142-600x472.jpg 600w, https:\/\/altisk-mlak.edu.hu\/wp-content\/uploads\/2024\/02\/IMG_20240211_154142.jpg 1503w\" sizes=\"(max-width: 300px) 100vw, 300px\" \/>2024. febru\u00e1r 10-\u00e9n, szombaton d\u00e9lel\u0151tt iskolai betekint\u0151re \u00e9s ismerked\u00e9sre h\u00edvtuk a nagycsoportos gyermekeket \u00e9s sz\u00fcleiket. A k\u00f6rny\u00e9ken \u00e9l\u0151 iskolak\u00f6teles tanul\u00f3k sz\u00e1m\u00e1ra szem\u00e9lyre sz\u00f3l\u00f3 megh\u00edv\u00f3t k\u00e9sz\u00edtett\u00fcnk, melyet z\u00f6mmel szem\u00e9lyesen k\u00e9zbes\u00edtett\u00fcnk. A megh\u00edv\u00f3lev\u00e9l mellett plak\u00e1tokkal is hirdett\u00fck a betekint\u0151t. A szeles, bar\u00e1ts\u00e1gtalan id\u0151j\u00e1r\u00e1s \u00e9s a megbeteged\u00e9sek ellen\u00e9re sz\u00e9p sz\u00e1mban j\u00f6ttek hozz\u00e1nk \u00e9rdekl\u0151d\u0151k. \u00c9rkeztek csal\u00e1dok Magyarlakr\u00f3l, Cs\u00f6r\u00f6tnekr\u0151l, R\u00f6n\u00f6kr\u0151l \u00e9s Vasszentmih\u00e1lyr\u00f3l is.<\/p>\n<table style=\"border-collapse: collapse; width: 100%;\" align=\"center\">\n<tbody>\n<tr>\n<td style=\"width: 50%;\"><img decoding=\"async\" class=\"alignleft size-medium wp-image-1980\" src=\"https:\/\/altisk-mlak.edu.hu\/wp-content\/uploads\/2024\/02\/IMG_20240211_153804-300x177.jpg\" alt=\"\" width=\"300\" height=\"177\" srcset=\"https:\/\/altisk-mlak.edu.hu\/wp-content\/uploads\/2024\/02\/IMG_20240211_153804-300x177.jpg 300w, https:\/\/altisk-mlak.edu.hu\/wp-content\/uploads\/2024\/02\/IMG_20240211_153804-1024x606.jpg 1024w, https:\/\/altisk-mlak.edu.hu\/wp-content\/uploads\/2024\/02\/IMG_20240211_153804-768x454.jpg 768w, https:\/\/altisk-mlak.edu.hu\/wp-content\/uploads\/2024\/02\/IMG_20240211_153804-1536x909.jpg 1536w, https:\/\/altisk-mlak.edu.hu\/wp-content\/uploads\/2024\/02\/IMG_20240211_153804-600x355.jpg 600w, https:\/\/altisk-mlak.edu.hu\/wp-content\/uploads\/2024\/02\/IMG_20240211_153804.jpg 2000w\" sizes=\"(max-width: 300px) 100vw, 300px\" \/><\/td>\n<td style=\"width: 50%;\"><img decoding=\"async\" class=\"wp-image-1978 alignright\" src=\"https:\/\/altisk-mlak.edu.hu\/wp-content\/uploads\/2024\/02\/IMG_20240211_153907-300x263.jpg\" alt=\"\" width=\"194\" height=\"170\" srcset=\"https:\/\/altisk-mlak.edu.hu\/wp-content\/uploads\/2024\/02\/IMG_20240211_153907-300x263.jpg 300w, https:\/\/altisk-mlak.edu.hu\/wp-content\/uploads\/2024\/02\/IMG_20240211_153907-1024x897.jpg 1024w, https:\/\/altisk-mlak.edu.hu\/wp-content\/uploads\/2024\/02\/IMG_20240211_153907-768x672.jpg 768w, https:\/\/altisk-mlak.edu.hu\/wp-content\/uploads\/2024\/02\/IMG_20240211_153907-600x525.jpg 600w, https:\/\/altisk-mlak.edu.hu\/wp-content\/uploads\/2024\/02\/IMG_20240211_153907.jpg 1351w\" sizes=\"(max-width: 194px) 100vw, 194px\" \/><\/td>\n<\/tr>\n<\/tbody>\n<\/table>\n<p align=\"justify\">Farsangi k\u00e9zm\u0171ves foglalkoz\u00e1s, mesesarok, j\u00e1t\u00e9kos n\u00e9met foglalkoz\u00e1s, robotika, vitamintorna, antarktiszi akad\u00e1lyp\u00e1lya, digit\u00e1lis feladatok \u00e9s sulib\u00fcf\u00e9 v\u00e1rta a nagycsoportosokat.<\/p>\n<p align=\"justify\"><img loading=\"lazy\" decoding=\"async\" class=\"aligncenter size-medium wp-image-1977\" src=\"https:\/\/altisk-mlak.edu.hu\/wp-content\/uploads\/2024\/02\/IMG_20240210_154050-300x176.jpg\" alt=\"\" width=\"300\" height=\"176\" srcset=\"https:\/\/altisk-mlak.edu.hu\/wp-content\/uploads\/2024\/02\/IMG_20240210_154050-300x176.jpg 300w, https:\/\/altisk-mlak.edu.hu\/wp-content\/uploads\/2024\/02\/IMG_20240210_154050-1024x601.jpg 1024w, https:\/\/altisk-mlak.edu.hu\/wp-content\/uploads\/2024\/02\/IMG_20240210_154050-768x450.jpg 768w, https:\/\/altisk-mlak.edu.hu\/wp-content\/uploads\/2024\/02\/IMG_20240210_154050-1536x901.jpg 1536w, https:\/\/altisk-mlak.edu.hu\/wp-content\/uploads\/2024\/02\/IMG_20240210_154050-600x352.jpg 600w, https:\/\/altisk-mlak.edu.hu\/wp-content\/uploads\/2024\/02\/IMG_20240210_154050.jpg 2017w\" sizes=\"(max-width: 300px) 100vw, 300px\" \/><\/p>\n<p align=\"justify\">\u00d6r\u00f6m volt l\u00e1tni a sok t\u00fcnd\u00e9ri, k\u00edv\u00e1ncsi gyermeket, akik hamar felold\u00f3dtak, \u00e9s otthonosan mozogtak az iskola \u00e9p\u00fclet\u00e9ben. A program v\u00e9g\u00e9n \u2013 spont\u00e1n \u2013 egy k\u00f6z\u00f6s dalol\u00e1sra \u00e9s zongor\u00e1z\u00e1sra is sor ker\u00fclt. H\u00e1l\u00e1san k\u00f6sz\u00f6nj\u00fck a r\u00e9sztvev\u0151knek, hogy megtiszteltek benn\u00fcnket jelenl\u00e9t\u00fckkel, \u00e9s inform\u00e1ci\u00f3t szereztek iskol\u00e1nkr\u00f3l. Szeretettel h\u00edvjuk \u00e9s v\u00e1rjuk az \u00e9rdekl\u0151d\u0151ket iskol\u00e1nk megtekint\u00e9s\u00e9re egy\u00e9nileg is. K\u00e9rj\u00fck, a l\u00e1togat\u00e1s el\u0151tt sz\u00edveskedjenek id\u0151pontot egyeztetni az al\u00e1bbi el\u00e9rhet\u0151s\u00e9geken:<\/p>\n<table border=\"0\">\n<tbody>\n<tr>\n<td>E-mail: <span style=\"color: #0563c1;\"><a href=\"mailto:altiskmagyarlak@gmail.com\"><span style=\"color: #000000;\">altiskmagyarlak@gmail.com<\/span><\/a><\/span><\/td>\n<td>Telefon: +36 30 997 3810<\/td>\n<\/tr>\n<\/tbody>\n<\/table>\n<p style=\"text-align: right;\"><em>Mezein\u00e9 Kiss Katalin<\/em><br \/>\n<em>tagint\u00e9zm\u00e9ny-igazgat\u00f3<\/em><\/p>\n","protected":false},"excerpt":{"rendered":"<p>2024. febru\u00e1r 10-\u00e9n, szombaton d\u00e9lel\u0151tt iskolai betekint\u0151re \u00e9s ismerked\u00e9sre h\u00edvtuk a nagycsoportos gyermekeket \u00e9s sz\u00fcleiket. A k\u00f6rny\u00e9ken \u00e9l\u0151 iskolak\u00f6teles tanul\u00f3k sz\u00e1m\u00e1ra szem\u00e9lyre sz\u00f3l\u00f3 megh\u00edv\u00f3t k\u00e9sz\u00edtett\u00fcnk, melyet z\u00f6mmel szem\u00e9lyesen k\u00e9zbes\u00edtett\u00fcnk. A megh\u00edv\u00f3lev\u00e9l mellett<a class=\"moretag\" href=\"https:\/\/altisk-mlak.edu.hu\/index.php\/betekinto-az-iskolaba-2\/\">Read More&#8230;<\/a><\/p>\n","protected":false},"author":3,"featured_media":0,"comment_status":"closed","ping_status":"closed","sticky":false,"template":"","format":"standard","meta":{"two_page_speed":[],"footnotes":""},"categories":[1],"tags":[],"class_list":["post-1976","post","type-post","status-publish","format-standard","hentry","category-egyeb"],"_links":{"self":[{"href":"https:\/\/altisk-mlak.edu.hu\/index.php\/wp-json\/wp\/v2\/posts\/1976","targetHints":{"allow":["GET"]}}],"collection":[{"href":"https:\/\/altisk-mlak.edu.hu\/index.php\/wp-json\/wp\/v2\/posts"}],"about":[{"href":"https:\/\/altisk-mlak.edu.hu\/index.php\/wp-json\/wp\/v2\/types\/post"}],"author":[{"embeddable":true,"href":"https:\/\/altisk-mlak.edu.hu\/index.php\/wp-json\/wp\/v2\/users\/3"}],"replies":[{"embeddable":true,"href":"https:\/\/altisk-mlak.edu.hu\/index.php\/wp-json\/wp\/v2\/comments?post=1976"}],"version-history":[{"count":1,"href":"https:\/\/altisk-mlak.edu.hu\/index.php\/wp-json\/wp\/v2\/posts\/1976\/revisions"}],"predecessor-version":[{"id":1981,"href":"https:\/\/altisk-mlak.edu.hu\/index.php\/wp-json\/wp\/v2\/posts\/1976\/revisions\/1981"}],"wp:attachment":[{"href":"https:\/\/altisk-mlak.edu.hu\/index.php\/wp-json\/wp\/v2\/media?parent=1976"}],"wp:term":[{"taxonomy":"category","embeddable":true,"href":"https:\/\/altisk-mlak.edu.hu\/index.php\/wp-json\/wp\/v2\/categories?post=1976"},{"taxonomy":"post_tag","embeddable":true,"href":"https:\/\/altisk-mlak.edu.hu\/index.php\/wp-json\/wp\/v2\/tags?post=1976"}],"curies":[{"name":"wp","href":"https:\/\/api.w.org\/{rel}","templated":true}]}}