{"id":1982,"date":"2024-02-14T10:35:07","date_gmt":"2024-02-14T10:35:07","guid":{"rendered":"https:\/\/altisk-mlak.edu.hu\/?p=1982"},"modified":"2024-02-22T11:04:21","modified_gmt":"2024-02-22T11:04:21","slug":"hamvazoszerdai-szertartas-a-magyarlak-csorotnek-altalanos-iskolaban-2","status":"publish","type":"post","link":"https:\/\/altisk-mlak.edu.hu\/index.php\/hamvazoszerdai-szertartas-a-magyarlak-csorotnek-altalanos-iskolaban-2\/","title":{"rendered":"Hamvaz\u00f3szerdai szertart\u00e1s a Magyarlak-Cs\u00f6r\u00f6tnek \u00c1ltal\u00e1nos Iskol\u00e1ban"},"content":{"rendered":"<p align=\"justify\"><img fetchpriority=\"high\" decoding=\"async\" class=\"size-medium wp-image-1984 alignleft\" src=\"https:\/\/altisk-mlak.edu.hu\/wp-content\/uploads\/2024\/02\/20240214_075805-225x300.jpg\" alt=\"\" width=\"225\" height=\"300\" srcset=\"https:\/\/altisk-mlak.edu.hu\/wp-content\/uploads\/2024\/02\/20240214_075805-225x300.jpg 225w, https:\/\/altisk-mlak.edu.hu\/wp-content\/uploads\/2024\/02\/20240214_075805-768x1024.jpg 768w, https:\/\/altisk-mlak.edu.hu\/wp-content\/uploads\/2024\/02\/20240214_075805-1152x1536.jpg 1152w, https:\/\/altisk-mlak.edu.hu\/wp-content\/uploads\/2024\/02\/20240214_075805-450x600.jpg 450w, https:\/\/altisk-mlak.edu.hu\/wp-content\/uploads\/2024\/02\/20240214_075805.jpg 1500w\" sizes=\"(max-width: 225px) 100vw, 225px\" \/>Hamvaz\u00f3szerda a kereszt\u00e9ny vall\u00e1sban a h\u00fasv\u00e9t el\u0151tti nagyb\u00f6jt kezdete, az id\u00e9n febru\u00e1r 14-re esik. E napon az egyh\u00e1z az \u00e9let muland\u00f3s\u00e1g\u00e1ra eml\u00e9kezteti \u00e9s b\u0171nb\u00e1natra sz\u00f3l\u00edtja fel a h\u00edveket.<\/p>\n<p align=\"justify\">Az \u00fcnnepnap elnevez\u00e9se egy \u0151si szok\u00e1sra vezethet\u0151 vissza. \u0150seink b\u0171neik megb\u00e1n\u00e1sa jelek\u00e9nt \u00e9s vezekl\u00e9sk\u00e9nt hamut sz\u00f3rtak a fej\u00fckre. A k\u00fcl\u00f6nleges szertart\u00e1st az egyh\u00e1z a 11. sz\u00e1zad v\u00e9g\u00e9n vette \u00e1t \u00e9s hamvazkod\u00e1snak nevezte.<\/p>\n<p align=\"justify\">A Magyarlak-Cs\u00f6r\u00f6tnek \u00c1ltal\u00e1nos Iskola mint katolikus egyh\u00e1zi iskola is \u00e1polja a hamvaz\u00f3szerdai szertart\u00e1s hagyom\u00e1ny\u00e1t. A hamvazkod\u00e1st Dr. Tak\u00e1cs Gyula iskolalelk\u00e9sz v\u00e9gezte, aki el\u0151sz\u00f6r a jeles nap \u00fczenet\u00e9t osztotta meg az iskolak\u00f6z\u00f6ss\u00e9ggel. K\u00e9t dologra intette a hallgat\u00f3s\u00e1got: b\u00e1nk\u00f3d\u00e1sra \u00e9s \u00f6r\u00f6mre. Azt k\u00e9rte mindannyiunkt\u00f3l, hogy csendes\u00fclj\u00fcnk el kis id\u0151re, n\u00e9zz\u00fcnk \u00f6nmagunkba, \u00e9s sz\u00edvb\u0151l valljunk meg b\u0171neinket. Ki-ki a maga kis rosszas\u00e1gait (elfelejtett h\u00e1zi feladat, csintalans\u00e1g, lustas\u00e1g, engedetlens\u00e9g stb.) gondolja \u00e1t, \u00e9s b\u00e1nja meg \u0151szint\u00e9n \u00f6nmaga \u00e9s J\u00e9zus el\u0151tt. Ha mindezt megtett\u00fck, akkor n\u00e9zz\u00fcnk fel az \u00dar arc\u00e1ba, \u00e9s v\u00e9gtelen \u00f6r\u00f6mben \u00e9s \u00e1ld\u00e1sban lesz r\u00e9sz\u00fcnk. A szertart\u00e1s felemel\u0151 pillanata volt, amikor az iskola k\u00f6z\u00f6ss\u00e9ge kettes\u00e9vel fegyelmezetten az atya el\u00e9 j\u00e1rult, aki szentelt hamuval keresztet rajzolt a gyermekek \u00e9s pedag\u00f3gusok homlok\u00e1ra, mik\u00f6zben a \u201eTartsatok b\u0171nb\u00e1natot, \u00e9s higgyetek az evang\u00e9liumban!\u201d sz\u00f6veget mondta.<\/p>\n<p style=\"text-align: right;\"><em>Mezein\u00e9 Kiss Katalin<\/em><\/p>\n","protected":false},"excerpt":{"rendered":"<p>Hamvaz\u00f3szerda a kereszt\u00e9ny vall\u00e1sban a h\u00fasv\u00e9t el\u0151tti nagyb\u00f6jt kezdete, az id\u00e9n febru\u00e1r 14-re esik. E napon az egyh\u00e1z az \u00e9let muland\u00f3s\u00e1g\u00e1ra eml\u00e9kezteti \u00e9s b\u0171nb\u00e1natra sz\u00f3l\u00edtja fel a h\u00edveket. Az \u00fcnnepnap elnevez\u00e9se egy<a class=\"moretag\" href=\"https:\/\/altisk-mlak.edu.hu\/index.php\/hamvazoszerdai-szertartas-a-magyarlak-csorotnek-altalanos-iskolaban-2\/\">Read More&#8230;<\/a><\/p>\n","protected":false},"author":3,"featured_media":0,"comment_status":"closed","ping_status":"closed","sticky":false,"template":"","format":"standard","meta":{"two_page_speed":[],"footnotes":""},"categories":[1],"tags":[],"class_list":["post-1982","post","type-post","status-publish","format-standard","hentry","category-egyeb"],"_links":{"self":[{"href":"https:\/\/altisk-mlak.edu.hu\/index.php\/wp-json\/wp\/v2\/posts\/1982","targetHints":{"allow":["GET"]}}],"collection":[{"href":"https:\/\/altisk-mlak.edu.hu\/index.php\/wp-json\/wp\/v2\/posts"}],"about":[{"href":"https:\/\/altisk-mlak.edu.hu\/index.php\/wp-json\/wp\/v2\/types\/post"}],"author":[{"embeddable":true,"href":"https:\/\/altisk-mlak.edu.hu\/index.php\/wp-json\/wp\/v2\/users\/3"}],"replies":[{"embeddable":true,"href":"https:\/\/altisk-mlak.edu.hu\/index.php\/wp-json\/wp\/v2\/comments?post=1982"}],"version-history":[{"count":2,"href":"https:\/\/altisk-mlak.edu.hu\/index.php\/wp-json\/wp\/v2\/posts\/1982\/revisions"}],"predecessor-version":[{"id":1985,"href":"https:\/\/altisk-mlak.edu.hu\/index.php\/wp-json\/wp\/v2\/posts\/1982\/revisions\/1985"}],"wp:attachment":[{"href":"https:\/\/altisk-mlak.edu.hu\/index.php\/wp-json\/wp\/v2\/media?parent=1982"}],"wp:term":[{"taxonomy":"category","embeddable":true,"href":"https:\/\/altisk-mlak.edu.hu\/index.php\/wp-json\/wp\/v2\/categories?post=1982"},{"taxonomy":"post_tag","embeddable":true,"href":"https:\/\/altisk-mlak.edu.hu\/index.php\/wp-json\/wp\/v2\/tags?post=1982"}],"curies":[{"name":"wp","href":"https:\/\/api.w.org\/{rel}","templated":true}]}}