{"id":1987,"date":"2024-02-22T11:06:53","date_gmt":"2024-02-22T11:06:53","guid":{"rendered":"https:\/\/altisk-mlak.edu.hu\/?p=1987"},"modified":"2024-02-26T07:18:13","modified_gmt":"2024-02-26T07:18:13","slug":"a-furdokultura-nepszerusitese-iskolankban","status":"publish","type":"post","link":"https:\/\/altisk-mlak.edu.hu\/index.php\/a-furdokultura-nepszerusitese-iskolankban\/","title":{"rendered":"A f\u00fcrd\u0151kult\u00fara n\u00e9pszer\u0171s\u00edt\u00e9se iskol\u00e1nkban"},"content":{"rendered":"<p style=\"text-align: justify;\">G\u00e1ng\u00f3 Melinda, a k\u00f6rmendi Vas Megyei Korm\u00e1nyhivatal N\u00e9peg\u00e9szs\u00e9g\u00fcgyi Oszt\u00e1ly\u00e1nak munkat\u00e1rsa k\u00e9t tan\u00f3r\u00e1n \u00e9rdekes \u00e9s informat\u00edv el\u0151ad\u00e1st tartott az 5. oszt\u00e1ly sz\u00e1m\u00e1ra a f\u00fcrd\u0151kult\u00fara t\u00e9mak\u00f6r\u00e9ben.<\/p>\n<p><img fetchpriority=\"high\" decoding=\"async\" class=\"aligncenter wp-image-1988 size-large\" src=\"https:\/\/altisk-mlak.edu.hu\/wp-content\/uploads\/2024\/02\/20240220_091250-1024x607.jpg\" alt=\"\" width=\"604\" height=\"358\" srcset=\"https:\/\/altisk-mlak.edu.hu\/wp-content\/uploads\/2024\/02\/20240220_091250-1024x607.jpg 1024w, https:\/\/altisk-mlak.edu.hu\/wp-content\/uploads\/2024\/02\/20240220_091250-300x178.jpg 300w, https:\/\/altisk-mlak.edu.hu\/wp-content\/uploads\/2024\/02\/20240220_091250-768x455.jpg 768w, https:\/\/altisk-mlak.edu.hu\/wp-content\/uploads\/2024\/02\/20240220_091250-1536x910.jpg 1536w, https:\/\/altisk-mlak.edu.hu\/wp-content\/uploads\/2024\/02\/20240220_091250-2048x1213.jpg 2048w, https:\/\/altisk-mlak.edu.hu\/wp-content\/uploads\/2024\/02\/20240220_091250-600x355.jpg 600w\" sizes=\"(max-width: 604px) 100vw, 604px\" \/><\/p>\n<p style=\"text-align: justify;\">Az el\u0151ad\u00e1s sor\u00e1n a szakember \u00e9rdekesen mutatta be a f\u00fcrd\u0151kult\u00fara t\u00f6rt\u00e9net\u00e9t \u00e9s fontoss\u00e1g\u00e1t, k\u00fcl\u00f6n\u00f6s hangs\u00falyt fektetve az eg\u00e9szs\u00e9gmeg\u0151rz\u00e9si szempontokra. Interakt\u00edv eszk\u00f6z\u00f6k seg\u00edts\u00e9g\u00e9vel (vide\u00f3 anyagok) \u00e9rthet\u0151en \u00e1br\u00e1zolta a k\u00fcl\u00f6nb\u00f6z\u0151 f\u00fcrd\u0151t\u00edpusokat \u00e9s azok el\u0151nyeit. A r\u00e9sztvev\u0151k akt\u00edvan vettek r\u00e9szt az el\u0151ad\u00e1son, \u00e9s sz\u00e1mos \u00e9rdekes t\u00e9nyt saj\u00e1t\u00edthattak el a f\u00fcrd\u0151k kult\u00far\u00e1j\u00e1r\u00f3l. Az el\u0151ad\u00e1s inspir\u00e1l\u00f3 volt, \u00e9s hozz\u00e1j\u00e1rult az oszt\u00e1ly sz\u00e9lesebb k\u00f6r\u0171 tud\u00e1s\u00e1hoz a wellness \u00e9s eg\u00e9szs\u00e9g ter\u00fclet\u00e9n. A k\u00f6zelj\u00f6v\u0151ben ell\u00e1togatunk a gotth\u00e1rdi f\u00fcrd\u0151be, ahol a tanul\u00f3k a gyakorlatban is kipr\u00f3b\u00e1lhatj\u00e1k a tanultakat. Az oszt\u00e1ly minden tagja r\u00e9szt vesz a programhoz kapcsol\u00f3d\u00f3 rajzp\u00e1ly\u00e1zaton.<\/p>\n<p style=\"text-align: right;\"><em>G\u00e9csek Oliv\u00e9r<\/em><\/p>\n","protected":false},"excerpt":{"rendered":"<p>G\u00e1ng\u00f3 Melinda, a k\u00f6rmendi Vas Megyei Korm\u00e1nyhivatal N\u00e9peg\u00e9szs\u00e9g\u00fcgyi Oszt\u00e1ly\u00e1nak munkat\u00e1rsa k\u00e9t tan\u00f3r\u00e1n \u00e9rdekes \u00e9s informat\u00edv el\u0151ad\u00e1st tartott az 5. oszt\u00e1ly sz\u00e1m\u00e1ra a f\u00fcrd\u0151kult\u00fara t\u00e9mak\u00f6r\u00e9ben. Az el\u0151ad\u00e1s sor\u00e1n a szakember \u00e9rdekesen mutatta be<a class=\"moretag\" href=\"https:\/\/altisk-mlak.edu.hu\/index.php\/a-furdokultura-nepszerusitese-iskolankban\/\">Read More&#8230;<\/a><\/p>\n","protected":false},"author":3,"featured_media":0,"comment_status":"closed","ping_status":"closed","sticky":false,"template":"","format":"standard","meta":{"two_page_speed":[],"footnotes":""},"categories":[1],"tags":[],"class_list":["post-1987","post","type-post","status-publish","format-standard","hentry","category-egyeb"],"_links":{"self":[{"href":"https:\/\/altisk-mlak.edu.hu\/index.php\/wp-json\/wp\/v2\/posts\/1987","targetHints":{"allow":["GET"]}}],"collection":[{"href":"https:\/\/altisk-mlak.edu.hu\/index.php\/wp-json\/wp\/v2\/posts"}],"about":[{"href":"https:\/\/altisk-mlak.edu.hu\/index.php\/wp-json\/wp\/v2\/types\/post"}],"author":[{"embeddable":true,"href":"https:\/\/altisk-mlak.edu.hu\/index.php\/wp-json\/wp\/v2\/users\/3"}],"replies":[{"embeddable":true,"href":"https:\/\/altisk-mlak.edu.hu\/index.php\/wp-json\/wp\/v2\/comments?post=1987"}],"version-history":[{"count":1,"href":"https:\/\/altisk-mlak.edu.hu\/index.php\/wp-json\/wp\/v2\/posts\/1987\/revisions"}],"predecessor-version":[{"id":1989,"href":"https:\/\/altisk-mlak.edu.hu\/index.php\/wp-json\/wp\/v2\/posts\/1987\/revisions\/1989"}],"wp:attachment":[{"href":"https:\/\/altisk-mlak.edu.hu\/index.php\/wp-json\/wp\/v2\/media?parent=1987"}],"wp:term":[{"taxonomy":"category","embeddable":true,"href":"https:\/\/altisk-mlak.edu.hu\/index.php\/wp-json\/wp\/v2\/categories?post=1987"},{"taxonomy":"post_tag","embeddable":true,"href":"https:\/\/altisk-mlak.edu.hu\/index.php\/wp-json\/wp\/v2\/tags?post=1987"}],"curies":[{"name":"wp","href":"https:\/\/api.w.org\/{rel}","templated":true}]}}