{"id":1990,"date":"2024-02-26T07:21:57","date_gmt":"2024-02-26T07:21:57","guid":{"rendered":"https:\/\/altisk-mlak.edu.hu\/?p=1990"},"modified":"2024-02-29T12:34:37","modified_gmt":"2024-02-29T12:34:37","slug":"wass-albert-felolvasas-es-szepirodalmi-unnep","status":"publish","type":"post","link":"https:\/\/altisk-mlak.edu.hu\/index.php\/wass-albert-felolvasas-es-szepirodalmi-unnep\/","title":{"rendered":"Wass Albert-felolvas\u00e1s \u00e9s Sz\u00e9pirodalmi \u00dcnnep"},"content":{"rendered":"<p align=\"justify\"><span style=\"font-size: medium;\">Magyarlak-Cs\u00f6r\u00f6tnek \u00c1ltal\u00e1nos Iskol\u00e1ja id\u00e9n is k\u00e9pviseltette mag\u00e1t az \u0150r\u00e1ll\u00f3k Alap\u00edtv\u00e1ny \u00e1ltal szervezett Wass Albert-felolvas\u00e1son, melyet febru\u00e1r 24-\u00e9n tartottak \u0150riszentp\u00e9teren, az \u0150r\u00e1ll\u00f3szer Jurtasz\u00e1ll\u00e1son. Az otthonosan, k\u00e9nyelmesen berendezett, f\u0171t\u00f6tt jurta egyedi \u00e9s k\u00fcl\u00f6nleges hangulatot k\u00f6lcs\u00f6nz\u00f6tt a l\u00e9lekemel\u0151 rendezv\u00e9nynek. <\/span><\/p>\n<p align=\"justify\"><img fetchpriority=\"high\" decoding=\"async\" class=\"alignleft wp-image-1991 size-medium\" src=\"https:\/\/altisk-mlak.edu.hu\/wp-content\/uploads\/2024\/02\/w2-300x200.jpg\" alt=\"\" width=\"300\" height=\"200\" srcset=\"https:\/\/altisk-mlak.edu.hu\/wp-content\/uploads\/2024\/02\/w2-300x200.jpg 300w, https:\/\/altisk-mlak.edu.hu\/wp-content\/uploads\/2024\/02\/w2-1024x683.jpg 1024w, https:\/\/altisk-mlak.edu.hu\/wp-content\/uploads\/2024\/02\/w2-768x512.jpg 768w, https:\/\/altisk-mlak.edu.hu\/wp-content\/uploads\/2024\/02\/w2-1536x1024.jpg 1536w, https:\/\/altisk-mlak.edu.hu\/wp-content\/uploads\/2024\/02\/w2-2048x1365.jpg 2048w, https:\/\/altisk-mlak.edu.hu\/wp-content\/uploads\/2024\/02\/w2-600x400.jpg 600w, https:\/\/altisk-mlak.edu.hu\/wp-content\/uploads\/2024\/02\/w2-272x182.jpg 272w\" sizes=\"(max-width: 300px) 100vw, 300px\" \/> <img decoding=\"async\" class=\"alignright wp-image-1992 size-medium\" src=\"https:\/\/altisk-mlak.edu.hu\/wp-content\/uploads\/2024\/02\/w3-300x200.jpg\" alt=\"\" width=\"300\" height=\"200\" srcset=\"https:\/\/altisk-mlak.edu.hu\/wp-content\/uploads\/2024\/02\/w3-300x200.jpg 300w, https:\/\/altisk-mlak.edu.hu\/wp-content\/uploads\/2024\/02\/w3-1024x683.jpg 1024w, https:\/\/altisk-mlak.edu.hu\/wp-content\/uploads\/2024\/02\/w3-768x512.jpg 768w, https:\/\/altisk-mlak.edu.hu\/wp-content\/uploads\/2024\/02\/w3-1536x1024.jpg 1536w, https:\/\/altisk-mlak.edu.hu\/wp-content\/uploads\/2024\/02\/w3-2048x1365.jpg 2048w, https:\/\/altisk-mlak.edu.hu\/wp-content\/uploads\/2024\/02\/w3-600x400.jpg 600w, https:\/\/altisk-mlak.edu.hu\/wp-content\/uploads\/2024\/02\/w3-272x182.jpg 272w\" sizes=\"(max-width: 300px) 100vw, 300px\" \/><\/p>\n<p align=\"justify\"><span style=\"font-size: medium;\">Iskol\u00e1nk k\u00e9t negyedik oszt\u00e1lyos tanul\u00f3ja, Magyar Levente \u00e9s Mezei Anna, valamint pedag\u00f3gusai, Kov\u00e1cs Zsuzsanna, H\u00e1rin\u00e9 D\u00fch Katalin, Zak\u00f3cs Veronika \u00e9s j\u00f3magam az \u00edr\u00f3 egyik legszebb mes\u00e9j\u00e9t, a \u201eMese az erd\u0151r\u0151l\u201d c. m\u0171v\u00e9t olvastuk fel egym\u00e1s k\u00f6zt felosztva, sz\u00e9pen, kifejez\u0151en. <\/span><\/p>\n<p align=\"justify\"><span style=\"color: #050505;\"><span style=\"font-size: medium;\">Az\u00e9rt v\u00e1lasztottuk ezt az alkot\u00e1st, mert ez a mese nem csak a gyermekekhez sz\u00f3l. Term\u00e9szetesen hozz\u00e1juk is sz\u00f3l, de mondanival\u00f3ja alapj\u00e1n a mi vil\u00e1gunkhoz, a feln\u0151tt emberek vil\u00e1g\u00e1hoz is k\u00f6zel \u00e1ll. Ez a m\u0171 napjainkban is fontos \u00fczenetet, tanuls\u00e1got hordoz mag\u00e1ban. Az eg\u00e9sz emberis\u00e9ghez sz\u00f3l, nem csak a magyar n\u00e9phez. A m\u0171ben az erd\u0151 v\u00e1lik k\u00f6zponti szerepl\u0151v\u00e9 \u00e9s \u00e9rt\u00e9kk\u00e9. A benne \u00e9l\u0151 \u00e1llatok, t\u00fcnd\u00e9rek, man\u00f3k, m\u00e9g a cs\u00faf boszork\u00e1ny is tanuls\u00e1gos vil\u00e1got teremt, nem tal\u00e1lkozunk olyan szerepl\u0151vel, aki gonoszs\u00e1got hordozna mag\u00e1ban. Milyen sz\u00e9p vil\u00e1g!<\/span><\/span><\/p>\n<p align=\"justify\"><span style=\"color: #050505;\"><span style=\"font-size: medium;\">A mese \u00fczenete alapj\u00e1n el\u0151sz\u00f6r meg kell ismern\u00fcnk \u00f6nmagunkat, majd megtisztulva, b\u0171nt\u0151l mentesen, j\u00f3s\u00e1ggal, szeretettel \u00e9s b\u00e9kess\u00e9ggel a sz\u00edv\u00fcnkben kell visszat\u00e9rn\u00fcnk a t\u00e1rsadalomba. Ott nem az a c\u00e9l, hogy terjessz\u00fck az eszm\u00e9t, melyet Isten \u00fczent nek\u00fcnk, hanem hogy az \u0151 akarat\u00e1t cselekedeteinkben, mindennapi megnyilv\u00e1nul\u00e1sainkban tudjuk teljes\u00edteni. Tudjunk \u00fagy viselkedni embert\u00e1rsainkkal, ahogyan Isten megtan\u00edtott minket az \u201eerdej\u00e9ben\u201d. Ha k\u00e9pesek vagyunk erre, akkor jobban megismerj\u00fck magunkat, \u00e9s ezut\u00e1n k\u00e9pesek vagyunk a m\u00e1sik embert is megismerni, megl\u00e1tni benne az \u00e9rt\u00e9ket, a j\u00f3t. Legy\u00fcnk mindannyian <\/span><\/span><span style=\"font-size: medium;\">L\u00e1t\u00f3emberek, \u00e9s \u0151rizz\u00fck meg a gyermekkor sz\u00edvbeli \u00e9rz\u00e9kenys\u00e9g\u00e9t, mert csak \u00edgy tudjuk a gyermekeket L\u00e1t\u00f3gyermekk\u00e9 nevelni! <\/span><\/p>\n<p style=\"text-align: right;\"><em>Mezein\u00e9 Kiss Katalin<\/em><\/p>\n","protected":false},"excerpt":{"rendered":"<p>Magyarlak-Cs\u00f6r\u00f6tnek \u00c1ltal\u00e1nos Iskol\u00e1ja id\u00e9n is k\u00e9pviseltette mag\u00e1t az \u0150r\u00e1ll\u00f3k Alap\u00edtv\u00e1ny \u00e1ltal szervezett Wass Albert-felolvas\u00e1son, melyet febru\u00e1r 24-\u00e9n tartottak \u0150riszentp\u00e9teren, az \u0150r\u00e1ll\u00f3szer Jurtasz\u00e1ll\u00e1son. Az otthonosan, k\u00e9nyelmesen berendezett, f\u0171t\u00f6tt jurta egyedi \u00e9s k\u00fcl\u00f6nleges hangulatot<a class=\"moretag\" href=\"https:\/\/altisk-mlak.edu.hu\/index.php\/wass-albert-felolvasas-es-szepirodalmi-unnep\/\">Read More&#8230;<\/a><\/p>\n","protected":false},"author":3,"featured_media":0,"comment_status":"closed","ping_status":"closed","sticky":false,"template":"","format":"standard","meta":{"two_page_speed":[],"footnotes":""},"categories":[1],"tags":[],"class_list":["post-1990","post","type-post","status-publish","format-standard","hentry","category-egyeb"],"_links":{"self":[{"href":"https:\/\/altisk-mlak.edu.hu\/index.php\/wp-json\/wp\/v2\/posts\/1990","targetHints":{"allow":["GET"]}}],"collection":[{"href":"https:\/\/altisk-mlak.edu.hu\/index.php\/wp-json\/wp\/v2\/posts"}],"about":[{"href":"https:\/\/altisk-mlak.edu.hu\/index.php\/wp-json\/wp\/v2\/types\/post"}],"author":[{"embeddable":true,"href":"https:\/\/altisk-mlak.edu.hu\/index.php\/wp-json\/wp\/v2\/users\/3"}],"replies":[{"embeddable":true,"href":"https:\/\/altisk-mlak.edu.hu\/index.php\/wp-json\/wp\/v2\/comments?post=1990"}],"version-history":[{"count":1,"href":"https:\/\/altisk-mlak.edu.hu\/index.php\/wp-json\/wp\/v2\/posts\/1990\/revisions"}],"predecessor-version":[{"id":1993,"href":"https:\/\/altisk-mlak.edu.hu\/index.php\/wp-json\/wp\/v2\/posts\/1990\/revisions\/1993"}],"wp:attachment":[{"href":"https:\/\/altisk-mlak.edu.hu\/index.php\/wp-json\/wp\/v2\/media?parent=1990"}],"wp:term":[{"taxonomy":"category","embeddable":true,"href":"https:\/\/altisk-mlak.edu.hu\/index.php\/wp-json\/wp\/v2\/categories?post=1990"},{"taxonomy":"post_tag","embeddable":true,"href":"https:\/\/altisk-mlak.edu.hu\/index.php\/wp-json\/wp\/v2\/tags?post=1990"}],"curies":[{"name":"wp","href":"https:\/\/api.w.org\/{rel}","templated":true}]}}