{"id":2043,"date":"2024-03-18T07:22:52","date_gmt":"2024-03-18T07:22:52","guid":{"rendered":"https:\/\/altisk-mlak.edu.hu\/?p=2043"},"modified":"2024-03-18T07:23:10","modified_gmt":"2024-03-18T07:23:10","slug":"marcius-15-i-unnepseg-iskolankban","status":"publish","type":"post","link":"https:\/\/altisk-mlak.edu.hu\/index.php\/marcius-15-i-unnepseg-iskolankban\/","title":{"rendered":"M\u00e1rcius 15.-i \u00fcnneps\u00e9g iskol\u00e1nkban"},"content":{"rendered":"<p><img fetchpriority=\"high\" decoding=\"async\" class=\"aligncenter size-large wp-image-2046\" src=\"https:\/\/altisk-mlak.edu.hu\/wp-content\/uploads\/2024\/03\/IMG_20240314_192059-1024x745.jpg\" alt=\"\" width=\"604\" height=\"439\" srcset=\"https:\/\/altisk-mlak.edu.hu\/wp-content\/uploads\/2024\/03\/IMG_20240314_192059-1024x745.jpg 1024w, https:\/\/altisk-mlak.edu.hu\/wp-content\/uploads\/2024\/03\/IMG_20240314_192059-300x218.jpg 300w, https:\/\/altisk-mlak.edu.hu\/wp-content\/uploads\/2024\/03\/IMG_20240314_192059-768x559.jpg 768w, https:\/\/altisk-mlak.edu.hu\/wp-content\/uploads\/2024\/03\/IMG_20240314_192059-600x437.jpg 600w, https:\/\/altisk-mlak.edu.hu\/wp-content\/uploads\/2024\/03\/IMG_20240314_192059.jpg 1080w\" sizes=\"(max-width: 604px) 100vw, 604px\" \/><\/p>\n<p style=\"text-align: justify;\">Az irodalmi szakk\u00f6r \u00e9s az iskolak\u00f3rus tagjai id\u00e9n is sz\u00ednvonalas \u00e9s l\u00e9lekemel\u0151 m\u0171sor keret\u00e9ben eml\u00e9keztek meg az 1848-49-es forradalom \u00e9s szabads\u00e1gharc esem\u00e9nyeir\u0151l \u00e9s jeles alakjair\u00f3l. Az \u00fcnnepi m\u0171sort a husz\u00e1rcs\u00e1k\u00f3t \u00e9s p\u00e1rt\u00e1t visel\u0151, als\u00f3 tagozatos di\u00e1kok toborz\u00f3 t\u00e1nca sz\u00ednes\u00edtette.<\/p>\n<table style=\"border-collapse: collapse; width: 100%;\">\n<tbody>\n<tr>\n<td style=\"width: 50%;\"><img decoding=\"async\" class=\"aligncenter size-full wp-image-2045\" src=\"https:\/\/altisk-mlak.edu.hu\/wp-content\/uploads\/2024\/03\/IMG_20240314_192257.jpg\" alt=\"\" width=\"863\" height=\"498\" srcset=\"https:\/\/altisk-mlak.edu.hu\/wp-content\/uploads\/2024\/03\/IMG_20240314_192257.jpg 863w, https:\/\/altisk-mlak.edu.hu\/wp-content\/uploads\/2024\/03\/IMG_20240314_192257-300x173.jpg 300w, https:\/\/altisk-mlak.edu.hu\/wp-content\/uploads\/2024\/03\/IMG_20240314_192257-768x443.jpg 768w, https:\/\/altisk-mlak.edu.hu\/wp-content\/uploads\/2024\/03\/IMG_20240314_192257-600x346.jpg 600w\" sizes=\"(max-width: 863px) 100vw, 863px\" \/><\/td>\n<td style=\"width: 50%;\"><img decoding=\"async\" class=\"aligncenter size-large wp-image-2044\" src=\"https:\/\/altisk-mlak.edu.hu\/wp-content\/uploads\/2024\/03\/IMG_20240314_192202-1024x564.jpg\" alt=\"\" width=\"604\" height=\"333\" srcset=\"https:\/\/altisk-mlak.edu.hu\/wp-content\/uploads\/2024\/03\/IMG_20240314_192202-1024x564.jpg 1024w, https:\/\/altisk-mlak.edu.hu\/wp-content\/uploads\/2024\/03\/IMG_20240314_192202-300x165.jpg 300w, https:\/\/altisk-mlak.edu.hu\/wp-content\/uploads\/2024\/03\/IMG_20240314_192202-768x423.jpg 768w, https:\/\/altisk-mlak.edu.hu\/wp-content\/uploads\/2024\/03\/IMG_20240314_192202-600x331.jpg 600w, https:\/\/altisk-mlak.edu.hu\/wp-content\/uploads\/2024\/03\/IMG_20240314_192202.jpg 1080w\" sizes=\"(max-width: 604px) 100vw, 604px\" \/><\/td>\n<\/tr>\n<\/tbody>\n<\/table>\n<p style=\"text-align: justify;\">K\u00f6sz\u00f6nj\u00fck sz\u00e9pen a di\u00e1kok k\u00f6zrem\u0171k\u00f6d\u00e9s\u00e9t, valamint B\u00e1lintn\u00e9 Pados Andrea, Deutsch Szilvia, H\u00e1kl\u00e1r Zolt\u00e1nn\u00e9 \u00e9s T\u00f3thn\u00e9 Tak\u00e1cs Hajnalka pedag\u00f3gusok felk\u00e9sz\u00edt\u0151 munk\u00e1j\u00e1t!<\/p>\n","protected":false},"excerpt":{"rendered":"<p>Az irodalmi szakk\u00f6r \u00e9s az iskolak\u00f3rus tagjai id\u00e9n is sz\u00ednvonalas \u00e9s l\u00e9lekemel\u0151 m\u0171sor keret\u00e9ben eml\u00e9keztek meg az 1848-49-es forradalom \u00e9s szabads\u00e1gharc esem\u00e9nyeir\u0151l \u00e9s jeles alakjair\u00f3l. Az \u00fcnnepi m\u0171sort a husz\u00e1rcs\u00e1k\u00f3t \u00e9s p\u00e1rt\u00e1t<a class=\"moretag\" href=\"https:\/\/altisk-mlak.edu.hu\/index.php\/marcius-15-i-unnepseg-iskolankban\/\">Read More&#8230;<\/a><\/p>\n","protected":false},"author":3,"featured_media":0,"comment_status":"closed","ping_status":"closed","sticky":false,"template":"","format":"standard","meta":{"two_page_speed":[],"footnotes":""},"categories":[1],"tags":[],"class_list":["post-2043","post","type-post","status-publish","format-standard","hentry","category-egyeb"],"_links":{"self":[{"href":"https:\/\/altisk-mlak.edu.hu\/index.php\/wp-json\/wp\/v2\/posts\/2043","targetHints":{"allow":["GET"]}}],"collection":[{"href":"https:\/\/altisk-mlak.edu.hu\/index.php\/wp-json\/wp\/v2\/posts"}],"about":[{"href":"https:\/\/altisk-mlak.edu.hu\/index.php\/wp-json\/wp\/v2\/types\/post"}],"author":[{"embeddable":true,"href":"https:\/\/altisk-mlak.edu.hu\/index.php\/wp-json\/wp\/v2\/users\/3"}],"replies":[{"embeddable":true,"href":"https:\/\/altisk-mlak.edu.hu\/index.php\/wp-json\/wp\/v2\/comments?post=2043"}],"version-history":[{"count":2,"href":"https:\/\/altisk-mlak.edu.hu\/index.php\/wp-json\/wp\/v2\/posts\/2043\/revisions"}],"predecessor-version":[{"id":2048,"href":"https:\/\/altisk-mlak.edu.hu\/index.php\/wp-json\/wp\/v2\/posts\/2043\/revisions\/2048"}],"wp:attachment":[{"href":"https:\/\/altisk-mlak.edu.hu\/index.php\/wp-json\/wp\/v2\/media?parent=2043"}],"wp:term":[{"taxonomy":"category","embeddable":true,"href":"https:\/\/altisk-mlak.edu.hu\/index.php\/wp-json\/wp\/v2\/categories?post=2043"},{"taxonomy":"post_tag","embeddable":true,"href":"https:\/\/altisk-mlak.edu.hu\/index.php\/wp-json\/wp\/v2\/tags?post=2043"}],"curies":[{"name":"wp","href":"https:\/\/api.w.org\/{rel}","templated":true}]}}