{"id":2065,"date":"2024-03-25T07:46:06","date_gmt":"2024-03-25T07:46:06","guid":{"rendered":"https:\/\/altisk-mlak.edu.hu\/?p=2065"},"modified":"2024-03-26T09:07:35","modified_gmt":"2024-03-26T09:07:35","slug":"a-furdokultura-fejleszteseert-vas-varmegyeben-palyazat-dijatadoja","status":"publish","type":"post","link":"https:\/\/altisk-mlak.edu.hu\/index.php\/a-furdokultura-fejleszteseert-vas-varmegyeben-palyazat-dijatadoja\/","title":{"rendered":"\u201eA f\u00fcrd\u0151kult\u00fara fejleszt\u00e9s\u00e9\u00e9rt Vas v\u00e1rmegy\u00e9ben\u201d p\u00e1ly\u00e1zat d\u00edj\u00e1tad\u00f3ja"},"content":{"rendered":"<p align=\"justify\"><img fetchpriority=\"high\" decoding=\"async\" class=\"alignright size-medium wp-image-2066\" src=\"https:\/\/altisk-mlak.edu.hu\/wp-content\/uploads\/2024\/03\/IMG_3341-300x225.jpg\" alt=\"\" width=\"300\" height=\"225\" srcset=\"https:\/\/altisk-mlak.edu.hu\/wp-content\/uploads\/2024\/03\/IMG_3341-300x225.jpg 300w, https:\/\/altisk-mlak.edu.hu\/wp-content\/uploads\/2024\/03\/IMG_3341-1024x768.jpg 1024w, https:\/\/altisk-mlak.edu.hu\/wp-content\/uploads\/2024\/03\/IMG_3341-768x576.jpg 768w, https:\/\/altisk-mlak.edu.hu\/wp-content\/uploads\/2024\/03\/IMG_3341-1536x1152.jpg 1536w, https:\/\/altisk-mlak.edu.hu\/wp-content\/uploads\/2024\/03\/IMG_3341-600x450.jpg 600w, https:\/\/altisk-mlak.edu.hu\/wp-content\/uploads\/2024\/03\/IMG_3341.jpg 2000w\" sizes=\"(max-width: 300px) 100vw, 300px\" \/><\/p>\n<p align=\"justify\">Szombathelyen ker\u00fclt megszervez\u00e9sre a v\u00edz vil\u00e1gnapj\u00e1n az Iskolai Eg\u00e9szs\u00e9gfejleszt\u00e9si Program keretein bel\u00fcl \u201eA f\u00fcrd\u0151kult\u00fara fejleszt\u00e9s\u00e9\u00e9rt Vas v\u00e1rmegy\u00e9ben\u201d c. p\u00e1ly\u00e1zat \u00fcnnep\u00e9lyes d\u00edj\u00e1tad\u00f3ja. A versenyre mintegy k\u00e9tsz\u00e1z p\u00e1lyam\u0171vet neveztek be, amelyek k\u00f6z\u00fcl iskol\u00e1nk k\u00e9t tanul\u00f3j\u00e1nak alkot\u00e1sa k\u00fcl\u00f6nd\u00edjban r\u00e9szes\u00fclt.<\/p>\n<p align=\"justify\">Az irodalmi kateg\u00f3ri\u00e1ban Deli Aida Anna &#8222;Uszoda&#8221; c\u00edm\u0171 verse \u00e9s Horv\u00e1th Lilla &#8222;Bakt\u00e9ria&#8221; c\u00edm\u0171 mes\u00e9je bizonyult kimagasl\u00f3nak.<\/p>\n<p align=\"justify\"><img decoding=\"async\" class=\"aligncenter size-medium wp-image-2067\" src=\"https:\/\/altisk-mlak.edu.hu\/wp-content\/uploads\/2024\/03\/IMG_3352-225x300.jpg\" alt=\"\" width=\"225\" height=\"300\" srcset=\"https:\/\/altisk-mlak.edu.hu\/wp-content\/uploads\/2024\/03\/IMG_3352-225x300.jpg 225w, https:\/\/altisk-mlak.edu.hu\/wp-content\/uploads\/2024\/03\/IMG_3352-768x1024.jpg 768w, https:\/\/altisk-mlak.edu.hu\/wp-content\/uploads\/2024\/03\/IMG_3352-1152x1536.jpg 1152w, https:\/\/altisk-mlak.edu.hu\/wp-content\/uploads\/2024\/03\/IMG_3352-1536x2048.jpg 1536w, https:\/\/altisk-mlak.edu.hu\/wp-content\/uploads\/2024\/03\/IMG_3352-450x600.jpg 450w, https:\/\/altisk-mlak.edu.hu\/wp-content\/uploads\/2024\/03\/IMG_3352-scaled.jpg 1920w\" sizes=\"(max-width: 225px) 100vw, 225px\" \/><\/p>\n<p align=\"justify\">Emellett k\u00fcl\u00f6nleges elismer\u00e9sben, az \u201e\u00d6tlet-k\u00fcl\u00f6nd\u00edj\u201d kateg\u00f3ri\u00e1ban r\u00e9szes\u00fclt a G\u00e9csek Oliv\u00e9r oszt\u00e1lyf\u0151n\u00f6k, testnevel\u0151tan\u00e1r \u00e1ltal patron\u00e1lt 5. oszt\u00e1ly: Balogh M\u00e1t\u00e9, Horv\u00e1th Lilla, Deli Aida Anna \u00e9s Kakas Kriszti\u00e1n, mivel a fent eml\u00edtett m\u0171vek mellett az oszt\u00e1lyk\u00f6z\u00f6ss\u00e9g \u00f6tletes rajzokkal, plak\u00e1ttal is k\u00e9sz\u00fclt a p\u00e1ly\u00e1zatra.<\/p>\n<p align=\"justify\"><img decoding=\"async\" class=\"aligncenter size-medium wp-image-2068\" src=\"https:\/\/altisk-mlak.edu.hu\/wp-content\/uploads\/2024\/03\/IMG_3349-225x300.jpg\" alt=\"\" width=\"225\" height=\"300\" srcset=\"https:\/\/altisk-mlak.edu.hu\/wp-content\/uploads\/2024\/03\/IMG_3349-225x300.jpg 225w, https:\/\/altisk-mlak.edu.hu\/wp-content\/uploads\/2024\/03\/IMG_3349-768x1024.jpg 768w, https:\/\/altisk-mlak.edu.hu\/wp-content\/uploads\/2024\/03\/IMG_3349-1152x1536.jpg 1152w, https:\/\/altisk-mlak.edu.hu\/wp-content\/uploads\/2024\/03\/IMG_3349-450x600.jpg 450w, https:\/\/altisk-mlak.edu.hu\/wp-content\/uploads\/2024\/03\/IMG_3349.jpg 1500w\" sizes=\"(max-width: 225px) 100vw, 225px\" \/><\/p>\n<p align=\"justify\">Az esem\u00e9nyen jelen l\u00e9v\u0151k b\u00fcszk\u00e9n \u00e9s elismer\u00e9ssel tekintettek ezekre az alkot\u00e1sokra \u00e9s \u00f6tletekre, amelyek arra \u00f6szt\u00f6nzik az embereket, hogy tudatosabban \u00e9s felel\u0151sebben gondolkodjanak a v\u00edzhaszn\u00e1latr\u00f3l \u00e9s -v\u00e9delemr\u0151l. K\u00fcl\u00f6n k\u00f6sz\u00f6net Mezein\u00e9 Kiss Katalin, Ga\u00e1l M\u00f3nika, Kov\u00e1cs Zsuzsanna tan\u00e1rn\u0151knek \u00e9s M\u00e9h\u00e9sz Zolt\u00e1n tan\u00e1r \u00farnak az odaad\u00f3 seg\u00edts\u00e9g\u00fck\u00e9rt \u00e9s G\u00e1ng\u00f3 Melinda el\u0151ad\u00f3nak az elm\u00e9leti felk\u00e9sz\u00edt\u0151 munk\u00e1\u00e9rt.<\/p>\n<table style=\"border-collapse: collapse; width: 100%;\">\n<tbody>\n<tr>\n<td style=\"width: 50%;\"><img loading=\"lazy\" decoding=\"async\" class=\"aligncenter size-medium wp-image-2069\" src=\"https:\/\/altisk-mlak.edu.hu\/wp-content\/uploads\/2024\/03\/IMG_3302-225x300.jpg\" alt=\"\" width=\"225\" height=\"300\" srcset=\"https:\/\/altisk-mlak.edu.hu\/wp-content\/uploads\/2024\/03\/IMG_3302-225x300.jpg 225w, https:\/\/altisk-mlak.edu.hu\/wp-content\/uploads\/2024\/03\/IMG_3302-768x1024.jpg 768w, https:\/\/altisk-mlak.edu.hu\/wp-content\/uploads\/2024\/03\/IMG_3302-1152x1536.jpg 1152w, https:\/\/altisk-mlak.edu.hu\/wp-content\/uploads\/2024\/03\/IMG_3302-450x600.jpg 450w, https:\/\/altisk-mlak.edu.hu\/wp-content\/uploads\/2024\/03\/IMG_3302.jpg 1500w\" sizes=\"(max-width: 225px) 100vw, 225px\" \/><\/td>\n<td style=\"width: 50%;\"><img loading=\"lazy\" decoding=\"async\" class=\"aligncenter size-medium wp-image-2070\" src=\"https:\/\/altisk-mlak.edu.hu\/wp-content\/uploads\/2024\/03\/IMG_3306-225x300.jpg\" alt=\"\" width=\"225\" height=\"300\" srcset=\"https:\/\/altisk-mlak.edu.hu\/wp-content\/uploads\/2024\/03\/IMG_3306-225x300.jpg 225w, https:\/\/altisk-mlak.edu.hu\/wp-content\/uploads\/2024\/03\/IMG_3306-768x1024.jpg 768w, https:\/\/altisk-mlak.edu.hu\/wp-content\/uploads\/2024\/03\/IMG_3306-1152x1536.jpg 1152w, https:\/\/altisk-mlak.edu.hu\/wp-content\/uploads\/2024\/03\/IMG_3306-450x600.jpg 450w, https:\/\/altisk-mlak.edu.hu\/wp-content\/uploads\/2024\/03\/IMG_3306.jpg 1500w\" sizes=\"(max-width: 225px) 100vw, 225px\" \/><\/td>\n<\/tr>\n<tr>\n<td style=\"width: 50%;\"><img loading=\"lazy\" decoding=\"async\" class=\"aligncenter size-medium wp-image-2071\" src=\"https:\/\/altisk-mlak.edu.hu\/wp-content\/uploads\/2024\/03\/IMG_3327-225x300.jpg\" alt=\"\" width=\"225\" height=\"300\" srcset=\"https:\/\/altisk-mlak.edu.hu\/wp-content\/uploads\/2024\/03\/IMG_3327-225x300.jpg 225w, https:\/\/altisk-mlak.edu.hu\/wp-content\/uploads\/2024\/03\/IMG_3327-768x1024.jpg 768w, https:\/\/altisk-mlak.edu.hu\/wp-content\/uploads\/2024\/03\/IMG_3327-1152x1536.jpg 1152w, https:\/\/altisk-mlak.edu.hu\/wp-content\/uploads\/2024\/03\/IMG_3327-450x600.jpg 450w, https:\/\/altisk-mlak.edu.hu\/wp-content\/uploads\/2024\/03\/IMG_3327.jpg 1500w\" sizes=\"(max-width: 225px) 100vw, 225px\" \/><\/td>\n<td style=\"width: 50%;\"><img loading=\"lazy\" decoding=\"async\" class=\"aligncenter size-medium wp-image-2072\" src=\"https:\/\/altisk-mlak.edu.hu\/wp-content\/uploads\/2024\/03\/IMG_3329-225x300.jpg\" alt=\"\" width=\"225\" height=\"300\" srcset=\"https:\/\/altisk-mlak.edu.hu\/wp-content\/uploads\/2024\/03\/IMG_3329-225x300.jpg 225w, https:\/\/altisk-mlak.edu.hu\/wp-content\/uploads\/2024\/03\/IMG_3329-768x1024.jpg 768w, https:\/\/altisk-mlak.edu.hu\/wp-content\/uploads\/2024\/03\/IMG_3329-1152x1536.jpg 1152w, https:\/\/altisk-mlak.edu.hu\/wp-content\/uploads\/2024\/03\/IMG_3329-450x600.jpg 450w, https:\/\/altisk-mlak.edu.hu\/wp-content\/uploads\/2024\/03\/IMG_3329.jpg 1500w\" sizes=\"(max-width: 225px) 100vw, 225px\" \/><\/td>\n<\/tr>\n<\/tbody>\n<\/table>\n<p><img loading=\"lazy\" decoding=\"async\" class=\"aligncenter size-medium wp-image-2073\" src=\"https:\/\/altisk-mlak.edu.hu\/wp-content\/uploads\/2024\/03\/IMG_3360-300x225.jpg\" alt=\"\" width=\"300\" height=\"225\" srcset=\"https:\/\/altisk-mlak.edu.hu\/wp-content\/uploads\/2024\/03\/IMG_3360-300x225.jpg 300w, https:\/\/altisk-mlak.edu.hu\/wp-content\/uploads\/2024\/03\/IMG_3360-1024x768.jpg 1024w, https:\/\/altisk-mlak.edu.hu\/wp-content\/uploads\/2024\/03\/IMG_3360-768x576.jpg 768w, https:\/\/altisk-mlak.edu.hu\/wp-content\/uploads\/2024\/03\/IMG_3360-1536x1152.jpg 1536w, https:\/\/altisk-mlak.edu.hu\/wp-content\/uploads\/2024\/03\/IMG_3360-600x450.jpg 600w, https:\/\/altisk-mlak.edu.hu\/wp-content\/uploads\/2024\/03\/IMG_3360.jpg 2000w\" sizes=\"(max-width: 300px) 100vw, 300px\" \/><\/p>\n<p style=\"text-align: right;\" align=\"justify\">G\u00e9csek Oliv\u00e9r<\/p>\n","protected":false},"excerpt":{"rendered":"<p>Szombathelyen ker\u00fclt megszervez\u00e9sre a v\u00edz vil\u00e1gnapj\u00e1n az Iskolai Eg\u00e9szs\u00e9gfejleszt\u00e9si Program keretein bel\u00fcl \u201eA f\u00fcrd\u0151kult\u00fara fejleszt\u00e9s\u00e9\u00e9rt Vas v\u00e1rmegy\u00e9ben\u201d c. p\u00e1ly\u00e1zat \u00fcnnep\u00e9lyes d\u00edj\u00e1tad\u00f3ja. A versenyre mintegy k\u00e9tsz\u00e1z p\u00e1lyam\u0171vet neveztek be, amelyek k\u00f6z\u00fcl iskol\u00e1nk k\u00e9t<a class=\"moretag\" href=\"https:\/\/altisk-mlak.edu.hu\/index.php\/a-furdokultura-fejleszteseert-vas-varmegyeben-palyazat-dijatadoja\/\">Read More&#8230;<\/a><\/p>\n","protected":false},"author":3,"featured_media":0,"comment_status":"closed","ping_status":"closed","sticky":false,"template":"","format":"standard","meta":{"two_page_speed":[],"footnotes":""},"categories":[1],"tags":[],"class_list":["post-2065","post","type-post","status-publish","format-standard","hentry","category-egyeb"],"_links":{"self":[{"href":"https:\/\/altisk-mlak.edu.hu\/index.php\/wp-json\/wp\/v2\/posts\/2065","targetHints":{"allow":["GET"]}}],"collection":[{"href":"https:\/\/altisk-mlak.edu.hu\/index.php\/wp-json\/wp\/v2\/posts"}],"about":[{"href":"https:\/\/altisk-mlak.edu.hu\/index.php\/wp-json\/wp\/v2\/types\/post"}],"author":[{"embeddable":true,"href":"https:\/\/altisk-mlak.edu.hu\/index.php\/wp-json\/wp\/v2\/users\/3"}],"replies":[{"embeddable":true,"href":"https:\/\/altisk-mlak.edu.hu\/index.php\/wp-json\/wp\/v2\/comments?post=2065"}],"version-history":[{"count":1,"href":"https:\/\/altisk-mlak.edu.hu\/index.php\/wp-json\/wp\/v2\/posts\/2065\/revisions"}],"predecessor-version":[{"id":2074,"href":"https:\/\/altisk-mlak.edu.hu\/index.php\/wp-json\/wp\/v2\/posts\/2065\/revisions\/2074"}],"wp:attachment":[{"href":"https:\/\/altisk-mlak.edu.hu\/index.php\/wp-json\/wp\/v2\/media?parent=2065"}],"wp:term":[{"taxonomy":"category","embeddable":true,"href":"https:\/\/altisk-mlak.edu.hu\/index.php\/wp-json\/wp\/v2\/categories?post=2065"},{"taxonomy":"post_tag","embeddable":true,"href":"https:\/\/altisk-mlak.edu.hu\/index.php\/wp-json\/wp\/v2\/tags?post=2065"}],"curies":[{"name":"wp","href":"https:\/\/api.w.org\/{rel}","templated":true}]}}