{"id":2107,"date":"2024-03-26T09:27:57","date_gmt":"2024-03-26T09:27:57","guid":{"rendered":"https:\/\/altisk-mlak.edu.hu\/?p=2107"},"modified":"2024-03-27T21:53:18","modified_gmt":"2024-03-27T21:53:18","slug":"nagyheti-programjaink","status":"publish","type":"post","link":"https:\/\/altisk-mlak.edu.hu\/index.php\/nagyheti-programjaink\/","title":{"rendered":"Nagyheti programjaink"},"content":{"rendered":"<p class=\"western\" lang=\"hu-HU\" align=\"justify\"><span style=\"font-family: Arial, serif;\"><span style=\"font-size: large;\"><b><img decoding=\"async\" class=\"alignleft wp-image-2108 size-thumbnail\" src=\"https:\/\/altisk-mlak.edu.hu\/wp-content\/uploads\/2024\/03\/Orsos_Zoltan-150x150.jpg\" alt=\"\" width=\"150\" height=\"150\" \/>2024. m\u00e1rcius 27-\u00e9n<\/b><\/span><\/span><span style=\"font-family: Arial, serif;\"><span style=\"font-size: large;\"> (szerd\u00e1n)<\/span><\/span><span style=\"color: #050505;\"><span style=\"font-family: Arial, serif;\"><span style=\"font-size: large;\"> a <\/span><\/span><\/span><span style=\"color: #050505;\"><span style=\"font-family: Arial, serif;\"><span style=\"font-size: large;\"><b>Magyarlak-Cs\u00f6r\u00f6tnek \u00c1ltal\u00e1nos Iskol\u00e1ba<\/b><\/span><\/span><\/span><span style=\"color: #050505;\"><span style=\"font-family: Arial, serif;\"><span style=\"font-size: large;\"> l\u00e1togat, \u00e9s <\/span><\/span><\/span><span style=\"color: #050505;\"><span style=\"font-family: Arial, serif;\"><span style=\"font-size: large;\"><b>10.45 \u00f3rakor<\/b><\/span><\/span><\/span><span style=\"color: #050505;\"><span style=\"font-family: Arial, serif;\"><span style=\"font-size: large;\"> tan\u00fas\u00e1gt\u00e9telt tesz <\/span><\/span><\/span><span style=\"color: #050505;\"><span style=\"font-family: Arial, serif;\"><span style=\"font-size: large;\"><b>Orsos Zolt\u00e1n<\/b><\/span><\/span><\/span><span style=\"color: #050505;\"><span style=\"font-family: Arial, serif;\"><span style=\"font-size: large;\"> atya, k\u00f3rh\u00e1zlelk\u00e9sz. <\/span><\/span><\/span><\/p>\n<p class=\"western\" lang=\"hu-HU\" align=\"justify\"><span style=\"color: #050505;\"><span style=\"font-family: Arial, serif;\"><span style=\"font-size: large;\"><b>11.30 \u00f3rakor iskolamise lesz a cs\u00f6r\u00f6tneki \u00d6r\u00f6k Ige templomban.<\/b><\/span><\/span><\/span><\/p>\n<p class=\"western\" lang=\"hu-HU\" align=\"justify\"><span style=\"color: #050505;\"><span style=\"font-family: Arial, serif;\"><span style=\"font-size: large;\">A mis\u00e9t bemutatja: Dr. Tak\u00e1cs Gyula pl\u00e9b\u00e1nos, iskolalelk\u00e9sz \u00e9s Orsos Zolt\u00e1n k\u00f3rh\u00e1zlelk\u00e9sz<\/span><\/span><\/span><\/p>\n<p class=\"western\" lang=\"hu-HU\" align=\"justify\"><span style=\"color: #050505;\"><span style=\"font-family: Arial, serif;\"><span style=\"font-size: large;\"><b>A mis\u00e9t k\u00f6vet\u0151en egy\u00fctt v\u00e9gigj\u00e1rjuk a templomkerti keresztutat. <\/b><\/span><\/span><\/span><\/p>\n<p lang=\"hu-HU\" align=\"justify\"><img fetchpriority=\"high\" decoding=\"async\" class=\"aligncenter size-full wp-image-1640\" src=\"https:\/\/altisk-mlak.edu.hu\/wp-content\/uploads\/2023\/10\/iskolamise.jpg\" alt=\"\" width=\"195\" height=\"258\" \/><\/p>\n<p class=\"western\" lang=\"hu-HU\" align=\"justify\"><span style=\"color: #050505;\"><span style=\"font-family: Segoe UI, serif;\"><span style=\"font-size: large;\"><b>Szeretettel v\u00e1rjuk a Sz\u00fcl\u0151ket, Nagysz\u00fcl\u0151ket \u00e9s az Egyh\u00e1zk\u00f6zs\u00e9g h\u00edveit is!<\/b><\/span><\/span><\/span><\/p>\n<p class=\"western\" lang=\"hu-HU\" align=\"center\"><span style=\"color: #050505;\"><span style=\"font-family: Segoe UI, serif;\"><span style=\"font-size: x-large;\"><b>J\u00c9ZUS T\u00c9GED IS V\u00c1R!<\/b><\/span><\/span><\/span><\/p>\n","protected":false},"excerpt":{"rendered":"<p>2024. m\u00e1rcius 27-\u00e9n (szerd\u00e1n) a Magyarlak-Cs\u00f6r\u00f6tnek \u00c1ltal\u00e1nos Iskol\u00e1ba l\u00e1togat, \u00e9s 10.45 \u00f3rakor tan\u00fas\u00e1gt\u00e9telt tesz Orsos Zolt\u00e1n atya, k\u00f3rh\u00e1zlelk\u00e9sz. 11.30 \u00f3rakor iskolamise lesz a cs\u00f6r\u00f6tneki \u00d6r\u00f6k Ige templomban. A mis\u00e9t bemutatja: Dr. Tak\u00e1cs<a class=\"moretag\" href=\"https:\/\/altisk-mlak.edu.hu\/index.php\/nagyheti-programjaink\/\">Read More&#8230;<\/a><\/p>\n","protected":false},"author":3,"featured_media":0,"comment_status":"closed","ping_status":"closed","sticky":false,"template":"","format":"standard","meta":{"two_page_speed":[],"footnotes":""},"categories":[1],"tags":[],"class_list":["post-2107","post","type-post","status-publish","format-standard","hentry","category-egyeb"],"_links":{"self":[{"href":"https:\/\/altisk-mlak.edu.hu\/index.php\/wp-json\/wp\/v2\/posts\/2107","targetHints":{"allow":["GET"]}}],"collection":[{"href":"https:\/\/altisk-mlak.edu.hu\/index.php\/wp-json\/wp\/v2\/posts"}],"about":[{"href":"https:\/\/altisk-mlak.edu.hu\/index.php\/wp-json\/wp\/v2\/types\/post"}],"author":[{"embeddable":true,"href":"https:\/\/altisk-mlak.edu.hu\/index.php\/wp-json\/wp\/v2\/users\/3"}],"replies":[{"embeddable":true,"href":"https:\/\/altisk-mlak.edu.hu\/index.php\/wp-json\/wp\/v2\/comments?post=2107"}],"version-history":[{"count":2,"href":"https:\/\/altisk-mlak.edu.hu\/index.php\/wp-json\/wp\/v2\/posts\/2107\/revisions"}],"predecessor-version":[{"id":2110,"href":"https:\/\/altisk-mlak.edu.hu\/index.php\/wp-json\/wp\/v2\/posts\/2107\/revisions\/2110"}],"wp:attachment":[{"href":"https:\/\/altisk-mlak.edu.hu\/index.php\/wp-json\/wp\/v2\/media?parent=2107"}],"wp:term":[{"taxonomy":"category","embeddable":true,"href":"https:\/\/altisk-mlak.edu.hu\/index.php\/wp-json\/wp\/v2\/categories?post=2107"},{"taxonomy":"post_tag","embeddable":true,"href":"https:\/\/altisk-mlak.edu.hu\/index.php\/wp-json\/wp\/v2\/tags?post=2107"}],"curies":[{"name":"wp","href":"https:\/\/api.w.org\/{rel}","templated":true}]}}