{"id":2117,"date":"2024-03-27T22:02:30","date_gmt":"2024-03-27T22:02:30","guid":{"rendered":"https:\/\/altisk-mlak.edu.hu\/?p=2117"},"modified":"2024-03-27T22:03:43","modified_gmt":"2024-03-27T22:03:43","slug":"szentek-nyomaban-jartunk","status":"publish","type":"post","link":"https:\/\/altisk-mlak.edu.hu\/index.php\/szentek-nyomaban-jartunk\/","title":{"rendered":"Szentek nyom\u00e1ban j\u00e1rtunk"},"content":{"rendered":"<p align=\"justify\">2024. m\u00e1rcius elej\u00e9n egy n\u00e9vre sz\u00f3l\u00f3, kedves levelet kaptam a Szombathelyi Egyh\u00e1zmegy\u00e9t\u0151l, melyben Dr. Sz\u00e9kely J\u00e1nos szombathelyi megy\u00e9sp\u00fcsp\u00f6k megh\u00edvta a hetedik \u00e9s nyolcadik oszt\u00e1lyos tanul\u00f3kat a Szentek nyom\u00e1ban ifj\u00fas\u00e1gi gyalogos zar\u00e1ndoklatra. H\u00e1rom oszt\u00e1ly- \u00e9s k\u00e9t iskolat\u00e1rsammal az igazgat\u00f3n\u0151 \u00e9s az iskolalelk\u00e9sz biztat\u00e1s\u00e1ra \u00f6r\u00f6mmel csatlakoztunk a csoporthoz.<\/p>\n<p align=\"justify\"><img fetchpriority=\"high\" decoding=\"async\" class=\"alignleft size-medium wp-image-2118\" src=\"https:\/\/altisk-mlak.edu.hu\/wp-content\/uploads\/2024\/03\/20240322_123546-300x225.jpg\" alt=\"\" width=\"300\" height=\"225\" srcset=\"https:\/\/altisk-mlak.edu.hu\/wp-content\/uploads\/2024\/03\/20240322_123546-300x225.jpg 300w, https:\/\/altisk-mlak.edu.hu\/wp-content\/uploads\/2024\/03\/20240322_123546-1024x768.jpg 1024w, https:\/\/altisk-mlak.edu.hu\/wp-content\/uploads\/2024\/03\/20240322_123546-768x576.jpg 768w, https:\/\/altisk-mlak.edu.hu\/wp-content\/uploads\/2024\/03\/20240322_123546-1536x1152.jpg 1536w, https:\/\/altisk-mlak.edu.hu\/wp-content\/uploads\/2024\/03\/20240322_123546-2048x1536.jpg 2048w, https:\/\/altisk-mlak.edu.hu\/wp-content\/uploads\/2024\/03\/20240322_123546-600x450.jpg 600w\" sizes=\"(max-width: 300px) 100vw, 300px\" \/><img decoding=\"async\" class=\"alignright wp-image-2119\" src=\"https:\/\/altisk-mlak.edu.hu\/wp-content\/uploads\/2024\/03\/20240322_150436-225x300.jpg\" alt=\"\" width=\"165\" height=\"220\" srcset=\"https:\/\/altisk-mlak.edu.hu\/wp-content\/uploads\/2024\/03\/20240322_150436-225x300.jpg 225w, https:\/\/altisk-mlak.edu.hu\/wp-content\/uploads\/2024\/03\/20240322_150436-768x1024.jpg 768w, https:\/\/altisk-mlak.edu.hu\/wp-content\/uploads\/2024\/03\/20240322_150436-1152x1536.jpg 1152w, https:\/\/altisk-mlak.edu.hu\/wp-content\/uploads\/2024\/03\/20240322_150436-1536x2048.jpg 1536w, https:\/\/altisk-mlak.edu.hu\/wp-content\/uploads\/2024\/03\/20240322_150436-450x600.jpg 450w, https:\/\/altisk-mlak.edu.hu\/wp-content\/uploads\/2024\/03\/20240322_150436-scaled.jpg 1920w\" sizes=\"(max-width: 165px) 100vw, 165px\" \/>M\u00e1rcius 22-\u00e9n az iskolabusz elvitt benn\u00fcnket J\u00e1kra, a Szent Gy\u00f6rgy-templomhoz. Ott egy nyit\u00f3mis\u00e9n vett\u00fcnk r\u00e9szt, ahol Brenner J\u00f3zsef atya hom\u00edlia keret\u00e9ben mes\u00e9lte el szeretett testv\u00e9re, a tragikus k\u00f6r\u00fclm\u00e9nyek k\u00f6z\u00f6tt, fiatalon elhunyt Brenner J\u00e1nos \u00e9lett\u00f6rt\u00e9net\u00e9t. <img decoding=\"async\" class=\"alignright size-medium wp-image-2120\" src=\"https:\/\/altisk-mlak.edu.hu\/wp-content\/uploads\/2024\/03\/20240322_150745-225x300.jpg\" alt=\"\" width=\"225\" height=\"300\" srcset=\"https:\/\/altisk-mlak.edu.hu\/wp-content\/uploads\/2024\/03\/20240322_150745-225x300.jpg 225w, https:\/\/altisk-mlak.edu.hu\/wp-content\/uploads\/2024\/03\/20240322_150745-768x1024.jpg 768w, https:\/\/altisk-mlak.edu.hu\/wp-content\/uploads\/2024\/03\/20240322_150745-1152x1536.jpg 1152w, https:\/\/altisk-mlak.edu.hu\/wp-content\/uploads\/2024\/03\/20240322_150745-1536x2048.jpg 1536w, https:\/\/altisk-mlak.edu.hu\/wp-content\/uploads\/2024\/03\/20240322_150745-450x600.jpg 450w, https:\/\/altisk-mlak.edu.hu\/wp-content\/uploads\/2024\/03\/20240322_150745-scaled.jpg 1920w\" sizes=\"(max-width: 225px) 100vw, 225px\" \/>A szentmise ut\u00e1n elindultunk Szentp\u00e9terf\u00e1ra, kb. 13 km-es t\u00e1vot tett\u00fcnk meg. Nagy \u00e9lm\u00e9ny volt a J\u00e1nos p\u00fcsp\u00f6k aty\u00e1val val\u00f3 zar\u00e1ndoklat \u00e9s a csod\u00e1latos naplemente l\u00e1tv\u00e1nya. \u00datk\u00f6zben egy erd\u0151 k\u00f6zep\u00e9n meg\u00e1lltunk, egy nagy k\u00f6rt alak\u00edtottunk ki. Mindenki bemutatkozott, \u00e9s elmondta, honnan j\u00f6tt, \u00e9s kinek aj\u00e1nlja fel a zar\u00e1ndoklatot. Utunk sor\u00e1n csoportunk r\u00f3zsaf\u00fcz\u00e9rim\u00e1t mondott, majd egyh\u00e1zi \u00e9nekeket \u00e9nekelt\u00fcnk. Este \u00e9rt\u00fcnk Szentp\u00e9terf\u00e1ra, ahol a kult\u00farh\u00e1zban kaptunk sz\u00e1ll\u00e1st. Lepakoltunk, megvacsor\u00e1ztunk, majd \u00e1tment\u00fcnk a templomba, ahol zen\u00e9s dics\u0151\u00edt\u00e9sen vett\u00fcnk r\u00e9szt. A n\u0151v\u00e9rek git\u00e1rral szolg\u00e1ltak, Kriszti\u00e1n atya \u00e9rdekes elm\u00e9lked\u00e9st tartott. Ezt k\u00f6vet\u0151en nyugov\u00f3ra t\u00e9rt\u00fcnk. M\u00e1snap 6 \u00f3rakor kelt\u00fcnk, megreggelizt\u00fcnk, \u00e9s \u00fatnak indultunk. Kicsit h\u0171v\u00f6s volt a reggel, de h\u0151siesen b\u00edrtuk a t\u00far\u00e1t. Felment\u00fcnk a fest\u0151i k\u00f6rnyezetben elhelyezked\u0151 Maria Weinberg-i (Pinkakertes) templomhoz, ahol Tiham\u00e9r atya sz\u00f3lt hozz\u00e1nk. Kis pihen\u0151t beiktattunk, majd minden er\u0151nket \u00f6sszeszedve haladtunk c\u00e9lunkig, a g\u00fcssingi ferences templomig. Ott tal\u00e1lkoztunk Batthy\u00e1ny Sophie-val, majd lement\u00fcnk a kript\u00e1ba, ahol Batthy\u00e1ny L\u00e1szl\u00f3 \u00e9s Coreth M\u00e1ria Ter\u00e9zia kopors\u00f3j\u00e1n\u00e1l ler\u00f3ttuk kegyelet\u00fcnket. Ezt k\u00f6vet\u0151en megcsod\u00e1ltuk a Draskovich-kast\u00e9lyt, \u00e9s megismerhett\u00fcnk egy igazi gr\u00f3fot. Ezut\u00e1n k\u00f6vetkezett a szentmise, amit J\u00e1nos p\u00fcsp\u00f6k atya celebr\u00e1lt. Szentbesz\u00e9d\u00e9ben arra buzd\u00edtotta minket, fiatalokat, hogy &#8211; a megismert szentekhez hasonl\u00f3an &#8211; mi is j\u00e1rjuk b\u00e1tran \u00e9s nagylelk\u0171en a hit \u00e9s szeretet \u00fatj\u00e1t. Filom\u00e9na \u00e9s S\u00e1ra n\u0151v\u00e9r git\u00e1rral k\u00eds\u00e9rte az \u00e9nekeket. A mise ut\u00e1n egy t\u00e9rk\u00e9p seg\u00edts\u00e9g\u00e9vel, j\u00e1t\u00e9kos feladat keret\u00e9ben felfedezt\u00fck G\u00fcssing nevezetess\u00e9geit. Miut\u00e1n minden l\u00e1tnival\u00f3t sikeresen megtal\u00e1ltunk, a sz\u00e1ll\u00e1s fel\u00e9 vett\u00fck az ir\u00e1nyt. El\u0151sz\u00f6r \u00e9tkezt\u00fcnk, majd egy\u00fctt megtekintett\u00fck a Brenner J\u00e1nos \u00e9let\u00e9r\u0151l sz\u00f3l\u00f3, ismer\u0151s helysz\u00edneken \u00e9s szerepl\u0151kkel forgatott filmet. A filmn\u00e9z\u00e9s ut\u00e1n p\u00fcsp\u00f6k atya \u00e9s a n\u0151v\u00e9rek \u00f6r\u00f6mzen\u00e9l\u00e9se k\u00f6vetkezett, melyhez mi is csatlakoztunk. M\u00e9lt\u00f3 z\u00e1r\u00e1sa volt ez a napnak.<\/p>\n<p align=\"justify\">M\u00e1snapra az id\u0151j\u00e1r\u00e1s-el\u0151rejelz\u00e9s rossz id\u0151t jelzett, \u00edgy m\u00f3dos\u00edtottak a szervez\u0151k a programon. Vas\u00e1rnap reggel busszal ment\u00fcnk Szombathelyre, ahol vir\u00e1gvas\u00e1rnapi \u00fcnnepi p\u00fcsp\u00f6ki szentmis\u00e9n vett\u00fcnk r\u00e9szt. A mise el\u0151tt Brenner J\u00e1nos kopors\u00f3j\u00e1n\u00e1l k\u00f6z\u00f6s im\u00e1ds\u00e1ggal \u00e9s \u00e9nekl\u00e9ssel ad\u00f3ztunk a v\u00e9rtan\u00fa eml\u00e9k\u00e9nek. Felemel\u0151 \u00e9rz\u00e9s volt a templomba t\u00f6rt\u00e9n\u0151 egy\u00fcttes bevonul\u00e1s barka\u00e1gakat tartva. Meghat\u00f3 pillanatk\u00e9nt \u00e9ltem \u00e1t a Madonna-k\u00e1poln\u00e1ban tartott k\u00f6z\u00f6s h\u00e1laad\u00e1st \u00e9s b\u00facs\u00faz\u00e1st is.<\/p>\n<p align=\"justify\">Nagy \u00f6r\u00f6m \u00e9s h\u00e1la van a sz\u00edvemben, hogy megismerhettem sz\u00fcl\u0151f\u00f6ldem szentjeit, l\u00e1buk nyom\u00e1ban, a szeretet \u00fatj\u00e1n j\u00e1rhattam. Kiss\u00e9 f\u00e1radtan, de \u00e9letre sz\u00f3l\u00f3 \u00e9lm\u00e9nnyel, sok-sok tapasztal\u00e1ssal, \u00faj ismerettel t\u00e9rtem haza. A zar\u00e1ndokt\u00e1rsaim nev\u00e9ben h\u00e1l\u00e1san k\u00f6sz\u00f6n\u00f6m Dr. Sz\u00e9kely J\u00e1nos megy\u00e9sp\u00fcsp\u00f6knek a tanuls\u00e1gos \u00e9s \u00e9lm\u00e9nyekkel teli utat, Kat\u00e1nak, Lacinak \u00e9s minden seg\u00edt\u0151nek a szervez\u0151 munk\u00e1t.<\/p>\n<p style=\"text-align: right;\" align=\"justify\"><i>Gratzl Marcell 8. oszt\u00e1lyos tanul\u00f3<\/i><\/p>\n","protected":false},"excerpt":{"rendered":"<p>2024. m\u00e1rcius elej\u00e9n egy n\u00e9vre sz\u00f3l\u00f3, kedves levelet kaptam a Szombathelyi Egyh\u00e1zmegy\u00e9t\u0151l, melyben Dr. Sz\u00e9kely J\u00e1nos szombathelyi megy\u00e9sp\u00fcsp\u00f6k megh\u00edvta a hetedik \u00e9s nyolcadik oszt\u00e1lyos tanul\u00f3kat a Szentek nyom\u00e1ban ifj\u00fas\u00e1gi gyalogos zar\u00e1ndoklatra. H\u00e1rom<a class=\"moretag\" href=\"https:\/\/altisk-mlak.edu.hu\/index.php\/szentek-nyomaban-jartunk\/\">Read More&#8230;<\/a><\/p>\n","protected":false},"author":3,"featured_media":0,"comment_status":"closed","ping_status":"closed","sticky":false,"template":"","format":"standard","meta":{"two_page_speed":[],"footnotes":""},"categories":[1],"tags":[],"class_list":["post-2117","post","type-post","status-publish","format-standard","hentry","category-egyeb"],"_links":{"self":[{"href":"https:\/\/altisk-mlak.edu.hu\/index.php\/wp-json\/wp\/v2\/posts\/2117","targetHints":{"allow":["GET"]}}],"collection":[{"href":"https:\/\/altisk-mlak.edu.hu\/index.php\/wp-json\/wp\/v2\/posts"}],"about":[{"href":"https:\/\/altisk-mlak.edu.hu\/index.php\/wp-json\/wp\/v2\/types\/post"}],"author":[{"embeddable":true,"href":"https:\/\/altisk-mlak.edu.hu\/index.php\/wp-json\/wp\/v2\/users\/3"}],"replies":[{"embeddable":true,"href":"https:\/\/altisk-mlak.edu.hu\/index.php\/wp-json\/wp\/v2\/comments?post=2117"}],"version-history":[{"count":1,"href":"https:\/\/altisk-mlak.edu.hu\/index.php\/wp-json\/wp\/v2\/posts\/2117\/revisions"}],"predecessor-version":[{"id":2121,"href":"https:\/\/altisk-mlak.edu.hu\/index.php\/wp-json\/wp\/v2\/posts\/2117\/revisions\/2121"}],"wp:attachment":[{"href":"https:\/\/altisk-mlak.edu.hu\/index.php\/wp-json\/wp\/v2\/media?parent=2117"}],"wp:term":[{"taxonomy":"category","embeddable":true,"href":"https:\/\/altisk-mlak.edu.hu\/index.php\/wp-json\/wp\/v2\/categories?post=2117"},{"taxonomy":"post_tag","embeddable":true,"href":"https:\/\/altisk-mlak.edu.hu\/index.php\/wp-json\/wp\/v2\/tags?post=2117"}],"curies":[{"name":"wp","href":"https:\/\/api.w.org\/{rel}","templated":true}]}}