{"id":2122,"date":"2024-03-27T22:12:06","date_gmt":"2024-03-27T22:12:06","guid":{"rendered":"https:\/\/altisk-mlak.edu.hu\/?p=2122"},"modified":"2024-04-09T07:32:05","modified_gmt":"2024-04-09T07:32:05","slug":"alom-az-isten-lelki-rahangolodas-a-husvetra","status":"publish","type":"post","link":"https:\/\/altisk-mlak.edu.hu\/index.php\/alom-az-isten-lelki-rahangolodas-a-husvetra\/","title":{"rendered":"\u00c1lom az Isten &#8211; lelki r\u00e1hangol\u00f3d\u00e1s a h\u00fasv\u00e9tra"},"content":{"rendered":"<p align=\"justify\"><img fetchpriority=\"high\" decoding=\"async\" class=\"alignleft size-medium wp-image-2123\" src=\"https:\/\/altisk-mlak.edu.hu\/wp-content\/uploads\/2024\/03\/IMG_20240327_221930-300x245.jpg\" alt=\"\" width=\"300\" height=\"245\" srcset=\"https:\/\/altisk-mlak.edu.hu\/wp-content\/uploads\/2024\/03\/IMG_20240327_221930-300x245.jpg 300w, https:\/\/altisk-mlak.edu.hu\/wp-content\/uploads\/2024\/03\/IMG_20240327_221930-1024x837.jpg 1024w, https:\/\/altisk-mlak.edu.hu\/wp-content\/uploads\/2024\/03\/IMG_20240327_221930-768x627.jpg 768w, https:\/\/altisk-mlak.edu.hu\/wp-content\/uploads\/2024\/03\/IMG_20240327_221930-1536x1255.jpg 1536w, https:\/\/altisk-mlak.edu.hu\/wp-content\/uploads\/2024\/03\/IMG_20240327_221930-2048x1673.jpg 2048w, https:\/\/altisk-mlak.edu.hu\/wp-content\/uploads\/2024\/03\/IMG_20240327_221930-600x490.jpg 600w\" sizes=\"(max-width: 300px) 100vw, 300px\" \/>M\u00e1rcius 27-\u00e9n iskol\u00e1nkba l\u00e1togatott Orsos Zolt\u00e1n atya, k\u00f3rh\u00e1zlelk\u00e9sz, aki az iskolak\u00f6z\u00f6ss\u00e9g el\u0151tt tan\u00fas\u00e1gt\u00e9telt tett. Zolt\u00e1n atya kedvesen sz\u00f3l\u00edtotta meg a gyerekeket: \u201eFigyeljetek j\u00f3l, a J\u00f3isten fontos dolgot akar mondani. Az idei nagyb\u00f6jt lehet a legk\u00fcl\u00f6nlegesebb, a legszebb, ha hagyj\u00e1tok, hogy Isten dolgozzon bennetek.\u201d Motiv\u00e1l\u00f3 szavai m\u00e9lyen meg\u00e9rintett\u00e9k a hallgat\u00f3s\u00e1got, a di\u00e1kok mindv\u00e9gig \u00e9rdekl\u0151dve figyeltek.<\/p>\n<p align=\"justify\">Az atya nagy r\u00e9szletess\u00e9ggel, m\u00e9ly \u00e1t\u00e9rz\u00e9ssel mes\u00e9lte el \u00e9lett\u00f6rt\u00e9net\u00e9t. Nagyon szeg\u00e9ny, roma csal\u00e1dban sz\u00fcletett, gyakran n\u00e9lk\u00fcl\u00f6z\u00f6tt. Isten n\u00e9lk\u00fcl teltek a korai gyermek\u00e9vei. Sz\u00fclei nem im\u00e1dkoztak, csak k\u00e1romkodtak, veszekedtek \u00e9s ittak. Sok olyan ember vette k\u00f6r\u00fcl, akiknek t\u00f6nkrement az \u00e9lete. Eleinte sz\u00e9gyellte \u00e9s gy\u0171l\u00f6lte mag\u00e1t, aki volt. M\u00e1r gyermekk\u00e9nt megfogalmazta mag\u00e1ban, hogy nem akar \u00edgy \u00e9lni. Amikor n\u0151v\u00e9re egy alkalommal zil\u00e1ltan, megbecstelen\u00edtve t\u00e9rt haza, akkor hat\u00e1rozta el, hogy bossz\u00fat \u00e1ll, \u00e9s b\u00edr\u00f3 lesz. Tanulni kezdett, de tov\u00e1bbra is mag\u00e1nyos volt, azonban az Isten dolgozott a sz\u00edv\u00e9ben.<\/p>\n<p align=\"justify\">Egy alkalommal egy tan\u00edt\u00f3 n\u00e9ni megpuszilta a koszos homlok\u00e1t, \u00e9s egyre t\u00f6bb feladattal b\u00edzta meg. A pedag\u00f3gus \u00e9szrevette a kik\u00f6z\u00f6s\u00edt\u00e9s\u00e9t, \u00e9s azon munk\u00e1lkodott, hogy ezen v\u00e1ltoztasson. A j\u00e1t\u00e9kban csapatkapit\u00e1nny\u00e1 nevezte ki, kezdetben csak egy gyerek \u00e1llt mell\u00e9, majd egyenk\u00e9nt mentek hozz\u00e1 a di\u00e1kok. Ekkor \u00e9rezte el\u0151sz\u00f6r a gyermekkori Zolt\u00e1n atya, hogy valaki a magass\u00e1gb\u00f3l seg\u00edt neki, \u00e1lom lett sz\u00e1m\u00e1ra az Isten. A k\u00f6z\u00e9piskol\u00e1ban kezd\u0151d\u00f6tt minden el\u00f6lr\u0151l. Egyed\u00fcli cig\u00e1nygyermekk\u00e9nt \u00fajra megpr\u00f3b\u00e1ltat\u00e1sok \u00e9rt\u00e9k. Lop\u00e1s t\u00f6rt\u00e9nt az iskol\u00e1ban, \u00e9s alaptalanul r\u00f6gt\u00f6n r\u00e1fogt\u00e1k, mert \u0151 m\u00e1s volt. Ekkor volt a legm\u00e9lyebb ponton. K\u00e9s\u0151bb ugyan bocs\u00e1natot k\u00e9rtek t\u0151le, de a lelke nem gy\u00f3gyult meg soha. A sok-sok b\u00e1nt\u00e1s ut\u00e1n r\u00e1eszm\u00e9lt: \u201eFel kell v\u00e1llalnunk, akik vagyunk. El\u0151sz\u00f6r pr\u00f3b\u00e1ltam elrejteni magamat, de ez nem t\u0171nt j\u00f3 megold\u00e1snak.\u201d<\/p>\n<p align=\"justify\">Azt\u00e1n tal\u00e1lkozott Laci pappal, \u00e9s itt l\u00e9pett be Isten az \u00e9let\u00e9be. A pap megk\u00e9rdezte t\u0151le: \u201eIstent megk\u00e9rdezted, mit akar t\u0151led?\u201d \u0150 volt az, aki \u00e9szrevette a sok csal\u00f3d\u00e1st \u00e9s gy\u0171l\u00f6letet a szem\u00e9ben, majd egyszer\u0171en k\u00f6z\u00f6lte vele: \u201eIstennek tervei vannak veled, m\u00e9gpedig az irgalmass\u00e1g sz\u00e9k\u00e9ben.\u201d Ez az egyszer\u0171, de nagyszer\u0171 mondat kellett ahhoz, hogy meg\u00e9rezze Zolt\u00e1n atya Isten h\u00edv\u00f3 szav\u00e1t. Kispap lett bel\u0151le, azonban egy s\u00falyos daganatos betegs\u00e9g t\u00e1madta meg szervezet\u00e9t. \u00dajabb pr\u00f3bat\u00e9tel k\u00f6vetkezett az \u00e9let\u00e9ben. Egy k\u00e1poln\u00e1ban \u00fclve tudatosult benne, hogy ezid\u00e1ig csak saj\u00e1t mag\u00e1t kereste, \u00f6nz\u0151 volt, csak saj\u00e1t mag\u00e1r\u00f3l \u00e1lmodott, nem a m\u00e1sik boldogs\u00e1g\u00e1r\u00f3l. Elhat\u00e1rozta, hogy ezent\u00fal m\u00e1r \u0151 akar seg\u00edteni m\u00e1sokon, adni akar, \u00e9s erre \u00f6szt\u00f6n\u00f6z mindenkit. Azt\u00e1n a J\u00f3isten csod\u00e1t tett vele, meggy\u00f3gyult a s\u00falyos betegs\u00e9gb\u0151l, \u00e9s az\u00f3ta is a seg\u00edt\u00e9s, a j\u00f3tev\u00e9s, a szolg\u00e1lat teszi ki az \u00e9let\u00e9t.<\/p>\n<p align=\"justify\">Zolt\u00e1n atya arra k\u00e9rte a gyerekeket: \u201eEngedj\u00e9tek meg, hogy Isten megsz\u00f3l\u00edtson benneteket.\u201d A vak kisl\u00e1ny t\u00f6rt\u00e9net\u00e9t osztotta meg v\u00e9gezet\u00fcl az iskolak\u00f6z\u00f6ss\u00e9ggel. \u201eEgy kisl\u00e1ny szeretett volna seg\u00edteni az \u00e9desanyj\u00e1nak, \u00e9s megk\u00e9rte, hogy engedje el \u0151t a piacra az alm\u00e1\u00e9rt. Az anya nem nagyon akarta ezt, mert f\u00e9ltette a l\u00e1ny\u00e1t, de m\u00e9gis engedett. A kisl\u00e1ny el is ment, megvette a gy\u00fcm\u00f6lcs\u00f6t, de a sokas\u00e1g nem volt k\u00edm\u00e9letes, \u00e9s az emberek kivert\u00e9k a kez\u00e9b\u0151l a zacsk\u00f3t. Az alm\u00e1k szertesz\u00e9t gurultak, senki sem seg\u00edtett neki felszedni. A l\u00e1ny s\u00edrni kezdett, \u00e9s odal\u00e9pett hozz\u00e1 Pistike, aki seg\u00edt\u0151 kezet ny\u00fajtott neki. \u2013Te vagy J\u00e9zus!- Nem, \u00e9n Pistike vagyok.,- Te vagy J\u00e9zus! A kisl\u00e1ny megk\u00f6sz\u00f6nte a fi\u00fa j\u00f3cselekedet\u00e9t, \u00e9s boldogan ment haza. \u00d6r\u00f6mmel \u00fajs\u00e1golta az anyuk\u00e1j\u00e1nak: \u201eTal\u00e1lkoztam J\u00e9zussal, \u00fagy h\u00edvt\u00e1k, hogy Pistike!\u201d<\/p>\n<p align=\"justify\">Az atya k\u00e9rte: \u201eLegyetek ti is J\u00e9zusok az iskol\u00e1ban! Lehet\u00fcnk mi is J\u00e9zusok, ha adunk, seg\u00edt\u00fcnk, akkor k\u00fcl\u00f6n\u00f6sk\u00e9ppen benn\u00fcnk van a J\u00f3isten. A legjobb gy\u00f3gyszer J\u00e9zus, r\u00e1 mindig sz\u00e1m\u00edthatunk.\u201d<\/p>\n<table style=\"border-collapse: collapse; width: 100%;\">\n<tbody>\n<tr>\n<td style=\"width: 50%;\"><img decoding=\"async\" class=\"aligncenter wp-image-2124\" src=\"https:\/\/altisk-mlak.edu.hu\/wp-content\/uploads\/2024\/03\/IMG_20240327_144217-275x300.jpg\" alt=\"\" width=\"257\" height=\"280\" srcset=\"https:\/\/altisk-mlak.edu.hu\/wp-content\/uploads\/2024\/03\/IMG_20240327_144217-275x300.jpg 275w, https:\/\/altisk-mlak.edu.hu\/wp-content\/uploads\/2024\/03\/IMG_20240327_144217-938x1024.jpg 938w, https:\/\/altisk-mlak.edu.hu\/wp-content\/uploads\/2024\/03\/IMG_20240327_144217-768x838.jpg 768w, https:\/\/altisk-mlak.edu.hu\/wp-content\/uploads\/2024\/03\/IMG_20240327_144217-550x600.jpg 550w, https:\/\/altisk-mlak.edu.hu\/wp-content\/uploads\/2024\/03\/IMG_20240327_144217.jpg 1279w\" sizes=\"(max-width: 257px) 100vw, 257px\" \/><\/td>\n<td style=\"width: 50%;\"><img decoding=\"async\" class=\"aligncenter size-medium wp-image-2125\" src=\"https:\/\/altisk-mlak.edu.hu\/wp-content\/uploads\/2024\/03\/IMG_20240327_154615-300x284.jpg\" alt=\"\" width=\"300\" height=\"284\" srcset=\"https:\/\/altisk-mlak.edu.hu\/wp-content\/uploads\/2024\/03\/IMG_20240327_154615-300x284.jpg 300w, https:\/\/altisk-mlak.edu.hu\/wp-content\/uploads\/2024\/03\/IMG_20240327_154615-1024x968.jpg 1024w, https:\/\/altisk-mlak.edu.hu\/wp-content\/uploads\/2024\/03\/IMG_20240327_154615-768x726.jpg 768w, https:\/\/altisk-mlak.edu.hu\/wp-content\/uploads\/2024\/03\/IMG_20240327_154615-1536x1453.jpg 1536w, https:\/\/altisk-mlak.edu.hu\/wp-content\/uploads\/2024\/03\/IMG_20240327_154615-2048x1937.jpg 2048w, https:\/\/altisk-mlak.edu.hu\/wp-content\/uploads\/2024\/03\/IMG_20240327_154615-600x567.jpg 600w\" sizes=\"(max-width: 300px) 100vw, 300px\" \/><\/td>\n<\/tr>\n<\/tbody>\n<\/table>\n<p align=\"justify\">A sz\u00edvhez sz\u00f3l\u00f3 elm\u00e9lked\u00e9s ut\u00e1n az iskolak\u00f6z\u00f6ss\u00e9g szentmis\u00e9n vett r\u00e9szt a cs\u00f6r\u00f6tneki \u00d6r\u00f6k Ige templomban, amit Gyula \u00e9s Zolt\u00e1n atya celebr\u00e1lt. A mis\u00e9n Mesits Patr\u00edcia, Szab\u00f3 Emili\u00e1n \u00e9s Tak\u00e1cs Viktor tanul\u00f3k p\u00e9ld\u00e1san szolg\u00e1ltak. A szertart\u00e1st k\u00f6vet\u0151en a templomkertben v\u00e9gigj\u00e1rtuk a keresztutat. J\u00e9zus jeruzs\u00e1lemi \u00fatj\u00e1t tett\u00fck meg kicsiben. Gyula atya minden \u00e1llom\u00e1sn\u00e1l ismertette a st\u00e1ci\u00f3 c\u00edm\u00e9t \u00e9s a hozz\u00e1 f\u0171z\u0151d\u0151 esem\u00e9nyeket. Felemel\u0151 \u00e9rz\u00e9s volt a k\u00f6z\u00f6s v\u00e1ndorl\u00e1s J\u00e9zus nyomdokain. \u00dagy v\u00e9lem, hogy ezek az egy\u00fctt \u00e1t\u00e9lt k\u00f6z\u00f6ss\u00e9gi programok hozz\u00e1j\u00e1rultak, hogy l\u00e9lekben is felk\u00e9sz\u00fclj\u00fcnk a h\u00fasv\u00e9tra, a kereszt\u00e9nys\u00e9g legnagyobb \u00fcnnep\u00e9re.<\/p>\n<p align=\"justify\">\u00c1ldott h\u00fasv\u00e9ti \u00fcnnepeket k\u00edv\u00e1nok az iskola di\u00e1k- \u00e9s alkalmazotti k\u00f6z\u00f6ss\u00e9ge nev\u00e9ben:<\/p>\n<p style=\"text-align: right;\" align=\"justify\"><em>Mezein\u00e9 Kiss Katalin tagint\u00e9zm\u00e9ny-igazgat\u00f3<\/em><\/p>\n","protected":false},"excerpt":{"rendered":"<p>M\u00e1rcius 27-\u00e9n iskol\u00e1nkba l\u00e1togatott Orsos Zolt\u00e1n atya, k\u00f3rh\u00e1zlelk\u00e9sz, aki az iskolak\u00f6z\u00f6ss\u00e9g el\u0151tt tan\u00fas\u00e1gt\u00e9telt tett. Zolt\u00e1n atya kedvesen sz\u00f3l\u00edtotta meg a gyerekeket: \u201eFigyeljetek j\u00f3l, a J\u00f3isten fontos dolgot akar mondani. Az idei nagyb\u00f6jt<a class=\"moretag\" href=\"https:\/\/altisk-mlak.edu.hu\/index.php\/alom-az-isten-lelki-rahangolodas-a-husvetra\/\">Read More&#8230;<\/a><\/p>\n","protected":false},"author":3,"featured_media":0,"comment_status":"closed","ping_status":"closed","sticky":false,"template":"","format":"standard","meta":{"two_page_speed":[],"footnotes":""},"categories":[1],"tags":[],"class_list":["post-2122","post","type-post","status-publish","format-standard","hentry","category-egyeb"],"_links":{"self":[{"href":"https:\/\/altisk-mlak.edu.hu\/index.php\/wp-json\/wp\/v2\/posts\/2122","targetHints":{"allow":["GET"]}}],"collection":[{"href":"https:\/\/altisk-mlak.edu.hu\/index.php\/wp-json\/wp\/v2\/posts"}],"about":[{"href":"https:\/\/altisk-mlak.edu.hu\/index.php\/wp-json\/wp\/v2\/types\/post"}],"author":[{"embeddable":true,"href":"https:\/\/altisk-mlak.edu.hu\/index.php\/wp-json\/wp\/v2\/users\/3"}],"replies":[{"embeddable":true,"href":"https:\/\/altisk-mlak.edu.hu\/index.php\/wp-json\/wp\/v2\/comments?post=2122"}],"version-history":[{"count":1,"href":"https:\/\/altisk-mlak.edu.hu\/index.php\/wp-json\/wp\/v2\/posts\/2122\/revisions"}],"predecessor-version":[{"id":2126,"href":"https:\/\/altisk-mlak.edu.hu\/index.php\/wp-json\/wp\/v2\/posts\/2122\/revisions\/2126"}],"wp:attachment":[{"href":"https:\/\/altisk-mlak.edu.hu\/index.php\/wp-json\/wp\/v2\/media?parent=2122"}],"wp:term":[{"taxonomy":"category","embeddable":true,"href":"https:\/\/altisk-mlak.edu.hu\/index.php\/wp-json\/wp\/v2\/categories?post=2122"},{"taxonomy":"post_tag","embeddable":true,"href":"https:\/\/altisk-mlak.edu.hu\/index.php\/wp-json\/wp\/v2\/tags?post=2122"}],"curies":[{"name":"wp","href":"https:\/\/api.w.org\/{rel}","templated":true}]}}