{"id":2152,"date":"2024-04-15T06:29:55","date_gmt":"2024-04-15T06:29:55","guid":{"rendered":"https:\/\/altisk-mlak.edu.hu\/?p=2152"},"modified":"2024-04-22T08:25:36","modified_gmt":"2024-04-22T08:25:36","slug":"kolteszet-napja-isten-tenyeren","status":"publish","type":"post","link":"https:\/\/altisk-mlak.edu.hu\/index.php\/kolteszet-napja-isten-tenyeren\/","title":{"rendered":"K\u00f6lt\u00e9szet napja Isten tenyer\u00e9n"},"content":{"rendered":"<p align=\"justify\"><img fetchpriority=\"high\" decoding=\"async\" class=\"aligncenter size-medium wp-image-2153\" src=\"https:\/\/altisk-mlak.edu.hu\/wp-content\/uploads\/2024\/04\/IMG_20240414_185144-300x254.jpg\" alt=\"\" width=\"300\" height=\"254\" srcset=\"https:\/\/altisk-mlak.edu.hu\/wp-content\/uploads\/2024\/04\/IMG_20240414_185144-300x254.jpg 300w, https:\/\/altisk-mlak.edu.hu\/wp-content\/uploads\/2024\/04\/IMG_20240414_185144-768x650.jpg 768w, https:\/\/altisk-mlak.edu.hu\/wp-content\/uploads\/2024\/04\/IMG_20240414_185144-600x508.jpg 600w, https:\/\/altisk-mlak.edu.hu\/wp-content\/uploads\/2024\/04\/IMG_20240414_185144.jpg 874w\" sizes=\"(max-width: 300px) 100vw, 300px\" \/><\/p>\n<p align=\"justify\"><span style=\"font-family: Times New Roman, serif;\"><span style=\"font-size: medium;\">A magyar\u00a0k\u00f6lt\u00e9szet\u00a0napj\u00e1t Magyarorsz\u00e1gon 1964 \u00f3ta \u00e1prilis 11-\u00e9n, J\u00f3zsef Attila sz\u00fclet\u00e9snapj\u00e1n \u00fcnnepelj\u00fck. A k\u00f6zoktat\u00e1si int\u00e9zm\u00e9nyek, telep\u00fcl\u00e9sek, m\u0171vel\u0151d\u00e9si h\u00e1zak \u00e1ltal szervezett programokr\u00f3l k\u00e9sz\u00fclt besz\u00e1mol\u00f3k az idei \u00e9vben is a k\u00fcl\u00f6nleges, rendhagy\u00f3, szokatlan, egyed\u00fcl\u00e1ll\u00f3\u2026 jelz\u0151kkel min\u0151s\u00edtett\u00e9k ezeket az esem\u00e9nyeket. Elgondolkodtam. Melyik sz\u00f3 fejezn\u00e9 ki legszeml\u00e9letesebben az iskol\u00e1nkban szervezett k\u00f6lt\u00e9szet napi versfelolvas\u00e1st? <\/span><\/span><span style=\"font-family: Times New Roman, serif;\"><span style=\"font-size: medium;\">K\u00f6lt\u00e9szet napja az Isten tenyer\u00e9n.<\/span><\/span><span style=\"font-family: Times New Roman, serif;\"><span style=\"font-size: medium;\"> Igen. Ez mindent el\u00e1rul az egy\u00fctt t\u00f6lt\u00f6tt, gyorsan elillan\u00f3 n\u00e9h\u00e1ny \u00f3r\u00e1r\u00f3l. Az Isten tenyer\u00e9n \u00e9rezt\u00fck magunkat. Mi\u00e9rt? Mert olyan emberek t\u00e1rsas\u00e1g\u00e1ban voltunk, akik seg\u00edts\u00e9g\u00e9vel tudatosult benn\u00fcnk, mi az \u00e9let \u00e9rtelme, mi\u00e9rt \u00e9rdemes \u00e9ln\u00fcnk. A Magyar M\u00e1ltai Szeretetszolg\u00e1lat Gondvisel\u00e9s H\u00e1za Fogyat\u00e9kosok \u00e9s Id\u0151skor\u00faak Otthona iv\u00e1nci int\u00e9zm\u00e9ny\u00e9nek lak\u00f3i \u00e1ltal felolvasott versek k\u00f6zelebb hoztak benn\u00fcnket egym\u00e1shoz. Meg\u00e9rtett\u00e9k vel\u00fcnk, mi a fontos, mi tesz boldogg\u00e1 s\u00e9r\u00fclt \u00e9s \u00e9p embereket. \u00c9rezt\u00fck, nem az a l\u00e9nyeg, hogy mennyire \u201em\u0171v\u00e9szien\u201d olvas fel valaki egy verset, s\u0151t az sem sz\u00e1m\u00edt, mennyire ismert a szerz\u0151. Sokkal fontosabb, hogy az el\u0151ad\u00f3 hiteles legyen, mag\u00e1\u00e9nak \u00e9rezze a k\u00f6ltem\u00e9ny tartalm\u00e1t. \u00c1t\u00e9lhett\u00fck Antoine de Saint-Exup\u00e9ry sokat id\u00e9zett mondatait: \u201eJ\u00f3l csak a sz\u00edv\u00e9vel l\u00e1t az ember. Ami igaz\u00e1n l\u00e9nyeges, az a szemnek l\u00e1thatatlan.\u201d Sajn\u00e1lom, hogy csak n\u00e9h\u00e1nyunk kiv\u00e1lts\u00e1ga volt ez az \u00e9lm\u00e9ny, ugyanakkor h\u00e1l\u00e1s vagyok, mert \u00e9n r\u00e9szes\u00fclhettem ebben a le\u00edrhatatlan csod\u00e1ban. K\u00f6sz\u00f6net ez\u00e9rt a Magyar M\u00e1ltai Szeretetszolg\u00e1lat Gondvisel\u00e9s H\u00e1za Fogyat\u00e9kosok \u00e9s Id\u0151skor\u00faak Otthona iv\u00e1nci int\u00e9zm\u00e9nye hat gondozottj\u00e1nak, Varga Annam\u00e1ria int\u00e9zm\u00e9nyvezet\u0151nek, Cs\u00e1sz\u00e1rn\u00e9 Cserkuti M\u00f3nika szoci\u00e1lis \u00e9s ter\u00e1pi\u00e1s csoportvezet\u0151nek, Ferencz Kriszti\u00e1n fejleszt\u0151 pedag\u00f3gusnak, iskol\u00e1nk verset \u00edr\u00f3 \u00e9s verset felolvas\u00f3 tanul\u00f3inak \u00e9s pedag\u00f3gusainak. <\/span><\/span><\/p>\n<table style=\"border-collapse: collapse; width: 100%;\">\n<tbody>\n<tr>\n<td style=\"width: 50%;\"><img decoding=\"async\" class=\"aligncenter size-medium wp-image-2154\" src=\"https:\/\/altisk-mlak.edu.hu\/wp-content\/uploads\/2024\/04\/IMG_20240414_185049-300x191.jpg\" alt=\"\" width=\"300\" height=\"191\" srcset=\"https:\/\/altisk-mlak.edu.hu\/wp-content\/uploads\/2024\/04\/IMG_20240414_185049-300x191.jpg 300w, https:\/\/altisk-mlak.edu.hu\/wp-content\/uploads\/2024\/04\/IMG_20240414_185049-1024x653.jpg 1024w, https:\/\/altisk-mlak.edu.hu\/wp-content\/uploads\/2024\/04\/IMG_20240414_185049-768x490.jpg 768w, https:\/\/altisk-mlak.edu.hu\/wp-content\/uploads\/2024\/04\/IMG_20240414_185049-1536x979.jpg 1536w, https:\/\/altisk-mlak.edu.hu\/wp-content\/uploads\/2024\/04\/IMG_20240414_185049-2048x1306.jpg 2048w, https:\/\/altisk-mlak.edu.hu\/wp-content\/uploads\/2024\/04\/IMG_20240414_185049-600x383.jpg 600w\" sizes=\"(max-width: 300px) 100vw, 300px\" \/><\/td>\n<td style=\"width: 50%;\"><img decoding=\"async\" class=\"aligncenter wp-image-2155 size-medium\" src=\"https:\/\/altisk-mlak.edu.hu\/wp-content\/uploads\/2024\/04\/IMG_20240414_185240-scaled-e1713162521632-300x189.jpg\" alt=\"\" width=\"300\" height=\"189\" srcset=\"https:\/\/altisk-mlak.edu.hu\/wp-content\/uploads\/2024\/04\/IMG_20240414_185240-scaled-e1713162521632-300x189.jpg 300w, https:\/\/altisk-mlak.edu.hu\/wp-content\/uploads\/2024\/04\/IMG_20240414_185240-scaled-e1713162521632-1024x647.jpg 1024w, https:\/\/altisk-mlak.edu.hu\/wp-content\/uploads\/2024\/04\/IMG_20240414_185240-scaled-e1713162521632-768x485.jpg 768w, https:\/\/altisk-mlak.edu.hu\/wp-content\/uploads\/2024\/04\/IMG_20240414_185240-scaled-e1713162521632-1536x970.jpg 1536w, https:\/\/altisk-mlak.edu.hu\/wp-content\/uploads\/2024\/04\/IMG_20240414_185240-scaled-e1713162521632-2048x1294.jpg 2048w, https:\/\/altisk-mlak.edu.hu\/wp-content\/uploads\/2024\/04\/IMG_20240414_185240-scaled-e1713162521632-600x379.jpg 600w\" sizes=\"(max-width: 300px) 100vw, 300px\" \/><\/td>\n<\/tr>\n<\/tbody>\n<\/table>\n<p align=\"justify\"><span style=\"font-family: Times New Roman, serif;\"><span style=\"font-size: medium;\">Ahogy Varga Annam\u00e1ria megfogalmazta, a sors nem v\u00e9letlen\u00fcl terelte egym\u00e1s fel\u00e9 az int\u00e9zm\u00e9nyeinket. Ez a tal\u00e1lkoz\u00e1s folytat\u00e1st k\u00edv\u00e1n\u2026<\/span><\/span><\/p>\n<p style=\"text-align: right;\" align=\"justify\"><em><span style=\"font-family: times new roman, times, serif;\">Kov\u00e1cs Zsuzsanna<\/span><\/em><\/p>\n","protected":false},"excerpt":{"rendered":"<p>A magyar\u00a0k\u00f6lt\u00e9szet\u00a0napj\u00e1t Magyarorsz\u00e1gon 1964 \u00f3ta \u00e1prilis 11-\u00e9n, J\u00f3zsef Attila sz\u00fclet\u00e9snapj\u00e1n \u00fcnnepelj\u00fck. A k\u00f6zoktat\u00e1si int\u00e9zm\u00e9nyek, telep\u00fcl\u00e9sek, m\u0171vel\u0151d\u00e9si h\u00e1zak \u00e1ltal szervezett programokr\u00f3l k\u00e9sz\u00fclt besz\u00e1mol\u00f3k az idei \u00e9vben is a k\u00fcl\u00f6nleges, rendhagy\u00f3, szokatlan, egyed\u00fcl\u00e1ll\u00f3\u2026 jelz\u0151kkel<a class=\"moretag\" href=\"https:\/\/altisk-mlak.edu.hu\/index.php\/kolteszet-napja-isten-tenyeren\/\">Read More&#8230;<\/a><\/p>\n","protected":false},"author":3,"featured_media":0,"comment_status":"closed","ping_status":"closed","sticky":false,"template":"","format":"standard","meta":{"two_page_speed":[],"footnotes":""},"categories":[1],"tags":[],"class_list":["post-2152","post","type-post","status-publish","format-standard","hentry","category-egyeb"],"_links":{"self":[{"href":"https:\/\/altisk-mlak.edu.hu\/index.php\/wp-json\/wp\/v2\/posts\/2152","targetHints":{"allow":["GET"]}}],"collection":[{"href":"https:\/\/altisk-mlak.edu.hu\/index.php\/wp-json\/wp\/v2\/posts"}],"about":[{"href":"https:\/\/altisk-mlak.edu.hu\/index.php\/wp-json\/wp\/v2\/types\/post"}],"author":[{"embeddable":true,"href":"https:\/\/altisk-mlak.edu.hu\/index.php\/wp-json\/wp\/v2\/users\/3"}],"replies":[{"embeddable":true,"href":"https:\/\/altisk-mlak.edu.hu\/index.php\/wp-json\/wp\/v2\/comments?post=2152"}],"version-history":[{"count":1,"href":"https:\/\/altisk-mlak.edu.hu\/index.php\/wp-json\/wp\/v2\/posts\/2152\/revisions"}],"predecessor-version":[{"id":2156,"href":"https:\/\/altisk-mlak.edu.hu\/index.php\/wp-json\/wp\/v2\/posts\/2152\/revisions\/2156"}],"wp:attachment":[{"href":"https:\/\/altisk-mlak.edu.hu\/index.php\/wp-json\/wp\/v2\/media?parent=2152"}],"wp:term":[{"taxonomy":"category","embeddable":true,"href":"https:\/\/altisk-mlak.edu.hu\/index.php\/wp-json\/wp\/v2\/categories?post=2152"},{"taxonomy":"post_tag","embeddable":true,"href":"https:\/\/altisk-mlak.edu.hu\/index.php\/wp-json\/wp\/v2\/tags?post=2152"}],"curies":[{"name":"wp","href":"https:\/\/api.w.org\/{rel}","templated":true}]}}