{"id":2158,"date":"2024-04-22T08:35:51","date_gmt":"2024-04-22T08:35:51","guid":{"rendered":"https:\/\/altisk-mlak.edu.hu\/?p=2158"},"modified":"2024-04-22T08:45:03","modified_gmt":"2024-04-22T08:45:03","slug":"te-szedd-szemetgyujtesi-akcio","status":"publish","type":"post","link":"https:\/\/altisk-mlak.edu.hu\/index.php\/te-szedd-szemetgyujtesi-akcio\/","title":{"rendered":"Te Szedd! szem\u00e9tgy\u0171jt\u00e9si akci\u00f3"},"content":{"rendered":"<p><img fetchpriority=\"high\" decoding=\"async\" class=\"aligncenter wp-image-2159 size-medium\" src=\"https:\/\/altisk-mlak.edu.hu\/wp-content\/uploads\/2024\/04\/TeSzedd_logo_datum_nelkul_-768x667-1-768x500-1-300x195.jpg\" alt=\"\" width=\"300\" height=\"195\" srcset=\"https:\/\/altisk-mlak.edu.hu\/wp-content\/uploads\/2024\/04\/TeSzedd_logo_datum_nelkul_-768x667-1-768x500-1-300x195.jpg 300w, https:\/\/altisk-mlak.edu.hu\/wp-content\/uploads\/2024\/04\/TeSzedd_logo_datum_nelkul_-768x667-1-768x500-1-600x391.jpg 600w, https:\/\/altisk-mlak.edu.hu\/wp-content\/uploads\/2024\/04\/TeSzedd_logo_datum_nelkul_-768x667-1-768x500-1.jpg 768w\" sizes=\"(max-width: 300px) 100vw, 300px\" \/><\/p>\n<p style=\"text-align: center;\"><span style=\"font-size: 14pt;\">Szem\u00e9tszed\u00e9sre v\u00e1runk minden tettrek\u00e9sz gyermeket \u00e9s feln\u0151ttet<\/span><\/p>\n<p style=\"text-align: center;\"><strong>2024. \u00e1prilis 24. (szerda) 11:30 \u00f3rakor<\/strong><\/p>\n<p style=\"text-align: center;\"><strong>Tal\u00e1lkoz\u00e1si pont: Magyarlak-Cs\u00f6r\u00f6tnek \u00c1ltal\u00e1nos Iskola<\/strong><\/p>\n<p style=\"text-align: center;\">GYERMEK-PEDAG\u00d3GUS AKTIVIT\u00c1S<\/p>\n<p style=\"text-align: center;\"><strong>2024. \u00e1prilis 27. (szombat) 9:00 \u00f3rakor<\/strong><\/p>\n<p style=\"text-align: center;\"><strong>Tal\u00e1lkoz\u00e1si pont: Ak\u00e1cfa Kemping, Cs\u00f6r\u00f6tnek<\/strong><\/p>\n<p style=\"text-align: center;\">GYERMEK-SZ\u00dcL\u0150-PEDAG\u00d3GUS AKTIVIT\u00c1S<\/p>\n<p style=\"text-align: center;\"><strong>Keszty\u0171t \u00e9s zs\u00e1kot biztos\u00edtunk!<\/strong><\/p>\n<p style=\"text-align: center;\"><strong>TEGY\u00dcNK EGY\u00dcTT K\u00d6RNYEZET\u00dcNK\u00c9RT!<\/strong><\/p>\n<p><img decoding=\"async\" class=\"aligncenter size-medium wp-image-2160\" src=\"https:\/\/altisk-mlak.edu.hu\/wp-content\/uploads\/2024\/04\/Teszedd-300x99.png\" alt=\"\" width=\"300\" height=\"99\" srcset=\"https:\/\/altisk-mlak.edu.hu\/wp-content\/uploads\/2024\/04\/Teszedd-300x99.png 300w, https:\/\/altisk-mlak.edu.hu\/wp-content\/uploads\/2024\/04\/Teszedd.png 351w\" sizes=\"(max-width: 300px) 100vw, 300px\" \/><\/p>\n","protected":false},"excerpt":{"rendered":"<p>Szem\u00e9tszed\u00e9sre v\u00e1runk minden tettrek\u00e9sz gyermeket \u00e9s feln\u0151ttet 2024. \u00e1prilis 24. (szerda) 11:30 \u00f3rakor Tal\u00e1lkoz\u00e1si pont: Magyarlak-Cs\u00f6r\u00f6tnek \u00c1ltal\u00e1nos Iskola GYERMEK-PEDAG\u00d3GUS AKTIVIT\u00c1S 2024. \u00e1prilis 27. (szombat) 9:00 \u00f3rakor Tal\u00e1lkoz\u00e1si pont: Ak\u00e1cfa Kemping, Cs\u00f6r\u00f6tnek GYERMEK-SZ\u00dcL\u0150-PEDAG\u00d3GUS<a class=\"moretag\" href=\"https:\/\/altisk-mlak.edu.hu\/index.php\/te-szedd-szemetgyujtesi-akcio\/\">Read More&#8230;<\/a><\/p>\n","protected":false},"author":3,"featured_media":0,"comment_status":"closed","ping_status":"closed","sticky":false,"template":"","format":"standard","meta":{"two_page_speed":[],"footnotes":""},"categories":[1],"tags":[],"class_list":["post-2158","post","type-post","status-publish","format-standard","hentry","category-egyeb"],"_links":{"self":[{"href":"https:\/\/altisk-mlak.edu.hu\/index.php\/wp-json\/wp\/v2\/posts\/2158","targetHints":{"allow":["GET"]}}],"collection":[{"href":"https:\/\/altisk-mlak.edu.hu\/index.php\/wp-json\/wp\/v2\/posts"}],"about":[{"href":"https:\/\/altisk-mlak.edu.hu\/index.php\/wp-json\/wp\/v2\/types\/post"}],"author":[{"embeddable":true,"href":"https:\/\/altisk-mlak.edu.hu\/index.php\/wp-json\/wp\/v2\/users\/3"}],"replies":[{"embeddable":true,"href":"https:\/\/altisk-mlak.edu.hu\/index.php\/wp-json\/wp\/v2\/comments?post=2158"}],"version-history":[{"count":1,"href":"https:\/\/altisk-mlak.edu.hu\/index.php\/wp-json\/wp\/v2\/posts\/2158\/revisions"}],"predecessor-version":[{"id":2161,"href":"https:\/\/altisk-mlak.edu.hu\/index.php\/wp-json\/wp\/v2\/posts\/2158\/revisions\/2161"}],"wp:attachment":[{"href":"https:\/\/altisk-mlak.edu.hu\/index.php\/wp-json\/wp\/v2\/media?parent=2158"}],"wp:term":[{"taxonomy":"category","embeddable":true,"href":"https:\/\/altisk-mlak.edu.hu\/index.php\/wp-json\/wp\/v2\/categories?post=2158"},{"taxonomy":"post_tag","embeddable":true,"href":"https:\/\/altisk-mlak.edu.hu\/index.php\/wp-json\/wp\/v2\/tags?post=2158"}],"curies":[{"name":"wp","href":"https:\/\/api.w.org\/{rel}","templated":true}]}}