{"id":2162,"date":"2024-04-22T08:47:13","date_gmt":"2024-04-22T08:47:13","guid":{"rendered":"https:\/\/altisk-mlak.edu.hu\/?p=2162"},"modified":"2024-04-25T05:35:50","modified_gmt":"2024-04-25T05:35:50","slug":"horvath-arno-sportsikerei","status":"publish","type":"post","link":"https:\/\/altisk-mlak.edu.hu\/index.php\/horvath-arno-sportsikerei\/","title":{"rendered":"Horv\u00e1th Arn\u00f3 sportsikerei"},"content":{"rendered":"<p><img fetchpriority=\"high\" decoding=\"async\" class=\"aligncenter size-medium wp-image-2163\" src=\"https:\/\/altisk-mlak.edu.hu\/wp-content\/uploads\/2024\/04\/Arno-225x300.jpg\" alt=\"\" width=\"225\" height=\"300\" srcset=\"https:\/\/altisk-mlak.edu.hu\/wp-content\/uploads\/2024\/04\/Arno-225x300.jpg 225w, https:\/\/altisk-mlak.edu.hu\/wp-content\/uploads\/2024\/04\/Arno-768x1024.jpg 768w, https:\/\/altisk-mlak.edu.hu\/wp-content\/uploads\/2024\/04\/Arno-1152x1536.jpg 1152w, https:\/\/altisk-mlak.edu.hu\/wp-content\/uploads\/2024\/04\/Arno-450x600.jpg 450w, https:\/\/altisk-mlak.edu.hu\/wp-content\/uploads\/2024\/04\/Arno.jpg 1530w\" sizes=\"(max-width: 225px) 100vw, 225px\" \/><\/p>\n<p align=\"justify\"><a name=\"_GoBack\"><\/a> <span style=\"font-size: medium;\">2024. \u00e1prilis 12-14. k\u00f6z\u00f6tt ker\u00fclt megrendez\u00e9sre az egyik legnagyobb k\u00fczd\u0151sport-szervezet hivatalos Eur\u00f3pa-bajnoks\u00e1ga, az ICO COMBAT SPORT EUROPEAN CHAMPIONSHIPS Nagykanizs\u00e1n. A versenyen Horv\u00e1th Arn\u00f3, iskol\u00e1nk 3. oszt\u00e1lyos tanul\u00f3ja a <\/span><span style=\"color: #050505;\"><span style=\"font-size: medium;\">FSH Box \u00e9s K\u00fczd\u0151sport Szentgotth\u00e1rd Sportegyes\u00fclet sz\u00edneiben sz\u00e9p eredm\u00e9nyeket \u00e9rt el. Arn\u00f3 K1 Light kateg\u00f3ri\u00e1ban bronz\u00e9rmet, Tatami Light Box-ban ez\u00fcst\u00e9rmet szerzett. Arn\u00f3 testv\u00e9re, Brendon is nagy es\u00e9lyekkel indult a megm\u00e9rettet\u00e9sen, de v\u00e1lls\u00e9r\u00fcl\u00e9s miatt fel kellett adni a versenyt. Sz\u00edvb\u0151l gratul\u00e1lunk Arn\u00f3nak a dobog\u00f3s helyez\u00e9sekhez, tov\u00e1bbi sz\u00e9p sikereket k\u00edv\u00e1nunk a tehets\u00e9ges testv\u00e9rp\u00e1rnak. <\/span><\/span><span style=\"font-size: medium;\">K\u00f6sz\u00f6nj\u00fck Horv\u00e1th Ferenc \u00e9s Horv\u00e1th Bal\u00e1zs edz\u0151k lelkiismeretes \u00e9s magas sz\u00ednvonal\u00fa felk\u00e9sz\u00edt\u0151 munk\u00e1j\u00e1t!<\/span><\/p>\n<p style=\"text-align: right;\"><em><span style=\"font-size: medium;\">Mezein\u00e9 Kiss Katalin<\/span><\/em><\/p>\n","protected":false},"excerpt":{"rendered":"<p>2024. \u00e1prilis 12-14. k\u00f6z\u00f6tt ker\u00fclt megrendez\u00e9sre az egyik legnagyobb k\u00fczd\u0151sport-szervezet hivatalos Eur\u00f3pa-bajnoks\u00e1ga, az ICO COMBAT SPORT EUROPEAN CHAMPIONSHIPS Nagykanizs\u00e1n. A versenyen Horv\u00e1th Arn\u00f3, iskol\u00e1nk 3. oszt\u00e1lyos tanul\u00f3ja a FSH Box \u00e9s K\u00fczd\u0151sport<a class=\"moretag\" href=\"https:\/\/altisk-mlak.edu.hu\/index.php\/horvath-arno-sportsikerei\/\">Read More&#8230;<\/a><\/p>\n","protected":false},"author":3,"featured_media":0,"comment_status":"closed","ping_status":"closed","sticky":false,"template":"","format":"standard","meta":{"two_page_speed":[],"footnotes":""},"categories":[1],"tags":[],"class_list":["post-2162","post","type-post","status-publish","format-standard","hentry","category-egyeb"],"_links":{"self":[{"href":"https:\/\/altisk-mlak.edu.hu\/index.php\/wp-json\/wp\/v2\/posts\/2162","targetHints":{"allow":["GET"]}}],"collection":[{"href":"https:\/\/altisk-mlak.edu.hu\/index.php\/wp-json\/wp\/v2\/posts"}],"about":[{"href":"https:\/\/altisk-mlak.edu.hu\/index.php\/wp-json\/wp\/v2\/types\/post"}],"author":[{"embeddable":true,"href":"https:\/\/altisk-mlak.edu.hu\/index.php\/wp-json\/wp\/v2\/users\/3"}],"replies":[{"embeddable":true,"href":"https:\/\/altisk-mlak.edu.hu\/index.php\/wp-json\/wp\/v2\/comments?post=2162"}],"version-history":[{"count":1,"href":"https:\/\/altisk-mlak.edu.hu\/index.php\/wp-json\/wp\/v2\/posts\/2162\/revisions"}],"predecessor-version":[{"id":2164,"href":"https:\/\/altisk-mlak.edu.hu\/index.php\/wp-json\/wp\/v2\/posts\/2162\/revisions\/2164"}],"wp:attachment":[{"href":"https:\/\/altisk-mlak.edu.hu\/index.php\/wp-json\/wp\/v2\/media?parent=2162"}],"wp:term":[{"taxonomy":"category","embeddable":true,"href":"https:\/\/altisk-mlak.edu.hu\/index.php\/wp-json\/wp\/v2\/categories?post=2162"},{"taxonomy":"post_tag","embeddable":true,"href":"https:\/\/altisk-mlak.edu.hu\/index.php\/wp-json\/wp\/v2\/tags?post=2162"}],"curies":[{"name":"wp","href":"https:\/\/api.w.org\/{rel}","templated":true}]}}