{"id":2166,"date":"2024-04-25T05:50:21","date_gmt":"2024-04-25T05:50:21","guid":{"rendered":"https:\/\/altisk-mlak.edu.hu\/?p=2166"},"modified":"2024-04-25T05:55:26","modified_gmt":"2024-04-25T05:55:26","slug":"tavaszi-nagytakaritas","status":"publish","type":"post","link":"https:\/\/altisk-mlak.edu.hu\/index.php\/tavaszi-nagytakaritas\/","title":{"rendered":"Tavaszi nagytakar\u00edt\u00e1s"},"content":{"rendered":"<p align=\"justify\">\u00c1prilis 22-\u00e9n, a F\u00f6ld napj\u00e1n, iskol\u00e1nk m\u00e1sodik \u00e9s negyedik oszt\u00e1lyos tanul\u00f3i is csatlakoztak a Tavaszi Nagytakar\u00edt\u00e1s kamp\u00e1nyhoz.<\/p>\n<p align=\"justify\">A szemeteszs\u00e1kok \u00e9s keszty\u0171k kioszt\u00e1sa ut\u00e1n \u00fatnak indultunk. J\u00e1rtuk az utc\u00e1kat, a j\u00e1tsz\u00f3teret \u00e9s a t\u00f3 k\u00f6rny\u00e9k\u00e9t. Hullad\u00e9k volt b\u0151ven, akadt tennival\u00f3nk. A zs\u00e1kok egyre jobban kezdtek megtelni. A leg\u00e9rdekesebb szem\u00e9t sz\u00e1munkra egy \u00e1rokba haj\u00edtott b\u0151r\u00f6nd volt. Szem\u00e9tszed\u0151 akci\u00f3nkr\u00f3l visszafele tartva a cs\u00f6r\u00f6tneki R\u00e1ba-h\u00edd alatt \u00e9ppen egy markol\u00f3 emelte ki a r\u00e9gi h\u00edd elemeit, amelyek eddig a cs\u00f3nakkal, kajakkal, kenuval k\u00f6zleked\u0151kre jelentettek vesz\u00e9lyt. Nagyon izgalmas volt, sz\u00edvesen n\u00e9zt\u00fck mi is a munk\u00e1latokat. Itt a R\u00e1ba partj\u00e1n tal\u00e1lkoztunk R\u00e9v\u00e9sz M\u00e1riusszal, aki jelenleg az akt\u00edv Magyarorsz\u00e1g\u00e9rt felel\u0151s \u00e1llamtitk\u00e1r. \u00c1llamtitk\u00e1r \u00far besz\u00e9lgetett vel\u00fcnk egy kicsit, v\u00e9gezet\u00fcl pedig egy matematikai tr\u00fckkel b\u00facs\u00fazott t\u0151l\u00fcnk.<\/p>\n<table style=\"border-collapse: collapse; width: 100%;\">\n<tbody>\n<tr>\n<td style=\"width: 33.3333%;\"><img fetchpriority=\"high\" decoding=\"async\" class=\"aligncenter wp-image-2169 size-medium\" src=\"https:\/\/altisk-mlak.edu.hu\/wp-content\/uploads\/2024\/04\/IMG_20240423_164341-e1714024136475-300x208.jpg\" alt=\"\" width=\"300\" height=\"208\" srcset=\"https:\/\/altisk-mlak.edu.hu\/wp-content\/uploads\/2024\/04\/IMG_20240423_164341-e1714024136475-300x208.jpg 300w, https:\/\/altisk-mlak.edu.hu\/wp-content\/uploads\/2024\/04\/IMG_20240423_164341-e1714024136475-1024x710.jpg 1024w, https:\/\/altisk-mlak.edu.hu\/wp-content\/uploads\/2024\/04\/IMG_20240423_164341-e1714024136475-768x532.jpg 768w, https:\/\/altisk-mlak.edu.hu\/wp-content\/uploads\/2024\/04\/IMG_20240423_164341-e1714024136475-1536x1065.jpg 1536w, https:\/\/altisk-mlak.edu.hu\/wp-content\/uploads\/2024\/04\/IMG_20240423_164341-e1714024136475-600x416.jpg 600w, https:\/\/altisk-mlak.edu.hu\/wp-content\/uploads\/2024\/04\/IMG_20240423_164341-e1714024136475.jpg 1578w\" sizes=\"(max-width: 300px) 100vw, 300px\" \/><\/td>\n<td style=\"width: 33.3333%;\"><img decoding=\"async\" class=\"aligncenter wp-image-2168 size-medium\" src=\"https:\/\/altisk-mlak.edu.hu\/wp-content\/uploads\/2024\/04\/IMG_20240423_164248-e1714024046328-300x207.jpg\" alt=\"\" width=\"300\" height=\"207\" srcset=\"https:\/\/altisk-mlak.edu.hu\/wp-content\/uploads\/2024\/04\/IMG_20240423_164248-e1714024046328-300x207.jpg 300w, https:\/\/altisk-mlak.edu.hu\/wp-content\/uploads\/2024\/04\/IMG_20240423_164248-e1714024046328-1024x708.jpg 1024w, https:\/\/altisk-mlak.edu.hu\/wp-content\/uploads\/2024\/04\/IMG_20240423_164248-e1714024046328-768x531.jpg 768w, https:\/\/altisk-mlak.edu.hu\/wp-content\/uploads\/2024\/04\/IMG_20240423_164248-e1714024046328-1536x1062.jpg 1536w, https:\/\/altisk-mlak.edu.hu\/wp-content\/uploads\/2024\/04\/IMG_20240423_164248-e1714024046328-600x415.jpg 600w, https:\/\/altisk-mlak.edu.hu\/wp-content\/uploads\/2024\/04\/IMG_20240423_164248-e1714024046328.jpg 1829w\" sizes=\"(max-width: 300px) 100vw, 300px\" \/><\/td>\n<td style=\"width: 33.3333%;\"><img decoding=\"async\" class=\"aligncenter wp-image-2167 size-medium\" src=\"https:\/\/altisk-mlak.edu.hu\/wp-content\/uploads\/2024\/04\/IMG_20240423_164321-300x208.jpg\" alt=\"\" width=\"300\" height=\"208\" srcset=\"https:\/\/altisk-mlak.edu.hu\/wp-content\/uploads\/2024\/04\/IMG_20240423_164321-300x208.jpg 300w, https:\/\/altisk-mlak.edu.hu\/wp-content\/uploads\/2024\/04\/IMG_20240423_164321-1024x709.jpg 1024w, https:\/\/altisk-mlak.edu.hu\/wp-content\/uploads\/2024\/04\/IMG_20240423_164321-768x532.jpg 768w, https:\/\/altisk-mlak.edu.hu\/wp-content\/uploads\/2024\/04\/IMG_20240423_164321-1536x1064.jpg 1536w, https:\/\/altisk-mlak.edu.hu\/wp-content\/uploads\/2024\/04\/IMG_20240423_164321-600x416.jpg 600w, https:\/\/altisk-mlak.edu.hu\/wp-content\/uploads\/2024\/04\/IMG_20240423_164321.jpg 1777w\" sizes=\"(max-width: 300px) 100vw, 300px\" \/><\/td>\n<\/tr>\n<\/tbody>\n<\/table>\n<p align=\"justify\">Ezt k\u00f6vet\u0151en boldogan \u00e9s kiss\u00e9 elcsig\u00e1zottan az iskola fel\u00e9 vett\u00fck az ir\u00e1nyt.<\/p>\n<p align=\"justify\">\u00d6r\u00fclt\u00fcnk, hogy szer\u00e9ny m\u00f3don, de mi is hozz\u00e1j\u00e1rulhattunk k\u00f6zvetlen k\u00f6rnyezet\u00fcnk szebb\u00e9 t\u00e9tel\u00e9hez.<\/p>\n<p style=\"text-align: right;\" align=\"justify\"><em>a 4. oszt\u00e1ly \u00e9s Zak\u00f3cs Veronika oszt\u00e1lytan\u00edt\u00f3<\/em><\/p>\n","protected":false},"excerpt":{"rendered":"<p>\u00c1prilis 22-\u00e9n, a F\u00f6ld napj\u00e1n, iskol\u00e1nk m\u00e1sodik \u00e9s negyedik oszt\u00e1lyos tanul\u00f3i is csatlakoztak a Tavaszi Nagytakar\u00edt\u00e1s kamp\u00e1nyhoz. A szemeteszs\u00e1kok \u00e9s keszty\u0171k kioszt\u00e1sa ut\u00e1n \u00fatnak indultunk. J\u00e1rtuk az utc\u00e1kat, a j\u00e1tsz\u00f3teret \u00e9s a<a class=\"moretag\" href=\"https:\/\/altisk-mlak.edu.hu\/index.php\/tavaszi-nagytakaritas\/\">Read More&#8230;<\/a><\/p>\n","protected":false},"author":3,"featured_media":0,"comment_status":"closed","ping_status":"closed","sticky":false,"template":"","format":"standard","meta":{"two_page_speed":[],"footnotes":""},"categories":[1],"tags":[],"class_list":["post-2166","post","type-post","status-publish","format-standard","hentry","category-egyeb"],"_links":{"self":[{"href":"https:\/\/altisk-mlak.edu.hu\/index.php\/wp-json\/wp\/v2\/posts\/2166","targetHints":{"allow":["GET"]}}],"collection":[{"href":"https:\/\/altisk-mlak.edu.hu\/index.php\/wp-json\/wp\/v2\/posts"}],"about":[{"href":"https:\/\/altisk-mlak.edu.hu\/index.php\/wp-json\/wp\/v2\/types\/post"}],"author":[{"embeddable":true,"href":"https:\/\/altisk-mlak.edu.hu\/index.php\/wp-json\/wp\/v2\/users\/3"}],"replies":[{"embeddable":true,"href":"https:\/\/altisk-mlak.edu.hu\/index.php\/wp-json\/wp\/v2\/comments?post=2166"}],"version-history":[{"count":1,"href":"https:\/\/altisk-mlak.edu.hu\/index.php\/wp-json\/wp\/v2\/posts\/2166\/revisions"}],"predecessor-version":[{"id":2170,"href":"https:\/\/altisk-mlak.edu.hu\/index.php\/wp-json\/wp\/v2\/posts\/2166\/revisions\/2170"}],"wp:attachment":[{"href":"https:\/\/altisk-mlak.edu.hu\/index.php\/wp-json\/wp\/v2\/media?parent=2166"}],"wp:term":[{"taxonomy":"category","embeddable":true,"href":"https:\/\/altisk-mlak.edu.hu\/index.php\/wp-json\/wp\/v2\/categories?post=2166"},{"taxonomy":"post_tag","embeddable":true,"href":"https:\/\/altisk-mlak.edu.hu\/index.php\/wp-json\/wp\/v2\/tags?post=2166"}],"curies":[{"name":"wp","href":"https:\/\/api.w.org\/{rel}","templated":true}]}}