{"id":2171,"date":"2024-04-25T06:03:39","date_gmt":"2024-04-25T06:03:39","guid":{"rendered":"https:\/\/altisk-mlak.edu.hu\/?p=2171"},"modified":"2024-05-02T05:40:18","modified_gmt":"2024-05-02T05:40:18","slug":"cicakiraly-szakacsneja","status":"publish","type":"post","link":"https:\/\/altisk-mlak.edu.hu\/index.php\/cicakiraly-szakacsneja\/","title":{"rendered":"Cicakir\u00e1ly szak\u00e1csn\u00e9ja"},"content":{"rendered":"<p align=\"justify\"><span style=\"font-family: Times New Roman, serif;\"><span style=\"font-size: medium;\">Hajni n\u00e9ni k\u00e9rdezte m\u00e9g a tavaszi sz\u00fcnet el\u0151tt, hogy szeretn\u00e9nk-e szaval\u00f3versenyre menni. Nagyon \u00f6r\u00fclt\u00fcnk ennek a felk\u00e9r\u00e9snek, lehet\u0151s\u00e9gnek. M\u00e1r a sz\u00fcnet el\u0151tt megkaptuk a k\u00f6telez\u0151 verset.<\/span><\/span><\/p>\n<p align=\"justify\"><span style=\"font-family: Times New Roman, serif;\"><span style=\"font-size: medium;\">Mind a h\u00e1rman ugyanazt a verset v\u00e1lasztottuk (Finta S\u00e1ndor: Cicakir\u00e1ly szak\u00e1csn\u00e9ja).<\/span><\/span><\/p>\n<p align=\"justify\"><span style=\"font-family: Times New Roman, serif;\"><span style=\"font-size: medium;\">Izgatottan v\u00e1rtuk a versmond\u00e1s napj\u00e1t. Ezt a versenyt Finta S\u00e1ndor eml\u00e9k\u00e9re rendezik meg \u00e9vr\u0151l \u00e9vre. Most el\u0151sz\u00f6r k\u00e9pviselhett\u00fck iskol\u00e1nkat. Elindultunk iskolabuszunkkal p\u00e9nteken, \u00e1prilis 19-\u00e9n Szombathelyre, a Boldog Brenner J\u00e1nos \u00c1ltal\u00e1nos Iskola \u00e9s Gimn\u00e1ziumba. El\u0151sz\u00f6r sorsz\u00e1mot h\u00faztunk. Patr\u00edci\u00e1nak siker\u00fclt kih\u00faznia az 1. sz\u00e1mot. \u00cdgy \u0151 kezdte el a k\u00f6telez\u0151 versek elmond\u00e1s\u00e1t.<\/span><\/span><\/p>\n<p align=\"justify\"><span style=\"font-family: Times New Roman, serif;\"><span style=\"font-size: medium;\">Az \u00e1ltal\u00e1nos iskola 5-8. \u00e9vfolyam \u00e9s a 9-12. \u00e9vfolyam, \u00f6sszesen 25 di\u00e1k m\u00e9rte \u00f6ssze tud\u00e1s\u00e1t.<\/span><\/span><\/p>\n<p align=\"justify\"><img fetchpriority=\"high\" decoding=\"async\" class=\"aligncenter size-medium wp-image-2177\" src=\"https:\/\/altisk-mlak.edu.hu\/wp-content\/uploads\/2024\/04\/aida-2-300x200.jpg\" alt=\"\" width=\"300\" height=\"200\" srcset=\"https:\/\/altisk-mlak.edu.hu\/wp-content\/uploads\/2024\/04\/aida-2-300x200.jpg 300w, https:\/\/altisk-mlak.edu.hu\/wp-content\/uploads\/2024\/04\/aida-2-768x512.jpg 768w, https:\/\/altisk-mlak.edu.hu\/wp-content\/uploads\/2024\/04\/aida-2-600x400.jpg 600w, https:\/\/altisk-mlak.edu.hu\/wp-content\/uploads\/2024\/04\/aida-2-272x182.jpg 272w, https:\/\/altisk-mlak.edu.hu\/wp-content\/uploads\/2024\/04\/aida-2.jpg 1024w\" sizes=\"(max-width: 300px) 100vw, 300px\" \/><\/p>\n<p align=\"justify\"><span style=\"font-family: Times New Roman, serif;\"><span style=\"font-size: medium;\">A zs\u0171ri d\u00f6nt\u00e9s\u00e9n\u00e9l fontos szempont volt a versenyz\u0151k versv\u00e1laszt\u00e1sa, az el\u0151ad\u00e1s m\u00f3dja, a tiszta, \u00e9rthet\u0151 besz\u00e9d.<\/span><\/span><\/p>\n<p align=\"justify\"><span style=\"font-family: Times New Roman, serif;\"><span style=\"font-size: medium;\">Ut\u00e1na elhangzottak a szabadon v\u00e1lasztott versek.<\/span><\/span><\/p>\n<table style=\"border-collapse: collapse; width: 100%;\">\n<tbody>\n<tr>\n<td style=\"width: 50%;\"><img decoding=\"async\" class=\"aligncenter size-medium wp-image-2176\" src=\"https:\/\/altisk-mlak.edu.hu\/wp-content\/uploads\/2024\/04\/Aida4-300x200.jpg\" alt=\"\" width=\"300\" height=\"200\" srcset=\"https:\/\/altisk-mlak.edu.hu\/wp-content\/uploads\/2024\/04\/Aida4-300x200.jpg 300w, https:\/\/altisk-mlak.edu.hu\/wp-content\/uploads\/2024\/04\/Aida4-768x512.jpg 768w, https:\/\/altisk-mlak.edu.hu\/wp-content\/uploads\/2024\/04\/Aida4-600x400.jpg 600w, https:\/\/altisk-mlak.edu.hu\/wp-content\/uploads\/2024\/04\/Aida4-272x182.jpg 272w, https:\/\/altisk-mlak.edu.hu\/wp-content\/uploads\/2024\/04\/Aida4.jpg 1024w\" sizes=\"(max-width: 300px) 100vw, 300px\" \/><\/td>\n<td style=\"width: 50%;\"><img decoding=\"async\" class=\"aligncenter size-medium wp-image-2175\" src=\"https:\/\/altisk-mlak.edu.hu\/wp-content\/uploads\/2024\/04\/Aida5-300x200.jpg\" alt=\"\" width=\"300\" height=\"200\" srcset=\"https:\/\/altisk-mlak.edu.hu\/wp-content\/uploads\/2024\/04\/Aida5-300x200.jpg 300w, https:\/\/altisk-mlak.edu.hu\/wp-content\/uploads\/2024\/04\/Aida5-768x512.jpg 768w, https:\/\/altisk-mlak.edu.hu\/wp-content\/uploads\/2024\/04\/Aida5-600x400.jpg 600w, https:\/\/altisk-mlak.edu.hu\/wp-content\/uploads\/2024\/04\/Aida5-272x182.jpg 272w, https:\/\/altisk-mlak.edu.hu\/wp-content\/uploads\/2024\/04\/Aida5.jpg 1024w\" sizes=\"(max-width: 300px) 100vw, 300px\" \/><\/td>\n<\/tr>\n<\/tbody>\n<\/table>\n<p align=\"justify\"><span style=\"font-family: Times New Roman, serif;\"><span style=\"font-size: medium;\">Minden versenyz\u0151 kapott valamilyen min\u0151s\u00edt\u00e9st: arany, ez\u00fcst vagy bronz oklevelet.<\/span><\/span><\/p>\n<p align=\"justify\"><span style=\"font-family: Times New Roman, serif;\"><span style=\"font-size: medium;\">A sz\u00fcnetekben mindenf\u00e9le finoms\u00e1ggal k\u00edn\u00e1ltak meg benn\u00fcnket.<\/span><\/span><\/p>\n<p align=\"justify\"><span style=\"font-family: Times New Roman, serif;\"><span style=\"font-size: medium;\">Nagyon sok\u00e1ig tan\u00e1cskozott a zs\u0171ri. Neh\u00e9z dolguk volt.<\/span><\/span><\/p>\n<p align=\"justify\"><span style=\"font-family: Times New Roman, serif;\"><span style=\"font-size: medium;\">V\u00e9gre megsz\u00fcletett a v\u00e1rva v\u00e1rt eredm\u00e9ny: Deli Aida Anna (5. oszt\u00e1ly) ez\u00fcst, Horv\u00e1th Lilla (5. oszt\u00e1ly) \u00e9s Mesits Patr\u00edcia Em\u00edlia (6. oszt\u00e1ly) bronz oklev\u00e9lben r\u00e9szes\u00fclt. Minden versenyz\u0151 kapott egy Finta S\u00e1ndor-k\u00f6tetet, egy jutalomk\u00f6nyvet \u00e9s k\u00f6nyvutalv\u00e1nyt.<\/span><\/span><\/p>\n<table style=\"border-collapse: collapse; width: 100%;\">\n<tbody>\n<tr>\n<td style=\"width: 59.9338%;\"><img loading=\"lazy\" decoding=\"async\" class=\"aligncenter wp-image-2174 size-medium\" src=\"https:\/\/altisk-mlak.edu.hu\/wp-content\/uploads\/2024\/04\/Aida--300x200.jpg\" alt=\"\" width=\"300\" height=\"200\" srcset=\"https:\/\/altisk-mlak.edu.hu\/wp-content\/uploads\/2024\/04\/Aida--300x200.jpg 300w, https:\/\/altisk-mlak.edu.hu\/wp-content\/uploads\/2024\/04\/Aida--768x512.jpg 768w, https:\/\/altisk-mlak.edu.hu\/wp-content\/uploads\/2024\/04\/Aida--600x400.jpg 600w, https:\/\/altisk-mlak.edu.hu\/wp-content\/uploads\/2024\/04\/Aida--272x182.jpg 272w, https:\/\/altisk-mlak.edu.hu\/wp-content\/uploads\/2024\/04\/Aida-.jpg 1024w\" sizes=\"(max-width: 300px) 100vw, 300px\" \/><\/td>\n<td style=\"width: 40.0662%;\"><img loading=\"lazy\" decoding=\"async\" class=\"aligncenter wp-image-2172\" src=\"https:\/\/altisk-mlak.edu.hu\/wp-content\/uploads\/2024\/04\/Finta-verseny-225x300.jpg\" alt=\"\" width=\"150\" height=\"200\" srcset=\"https:\/\/altisk-mlak.edu.hu\/wp-content\/uploads\/2024\/04\/Finta-verseny-225x300.jpg 225w, https:\/\/altisk-mlak.edu.hu\/wp-content\/uploads\/2024\/04\/Finta-verseny-768x1024.jpg 768w, https:\/\/altisk-mlak.edu.hu\/wp-content\/uploads\/2024\/04\/Finta-verseny-1152x1536.jpg 1152w, https:\/\/altisk-mlak.edu.hu\/wp-content\/uploads\/2024\/04\/Finta-verseny-450x600.jpg 450w, https:\/\/altisk-mlak.edu.hu\/wp-content\/uploads\/2024\/04\/Finta-verseny.jpg 1536w\" sizes=\"(max-width: 150px) 100vw, 150px\" \/><\/td>\n<\/tr>\n<\/tbody>\n<\/table>\n<p align=\"justify\"><span style=\"font-family: Times New Roman, serif;\"><span style=\"font-size: medium;\">K\u00f6sz\u00f6nj\u00fck sz\u00e9pen Hajni n\u00e9ninek a felk\u00e9sz\u00edt\u00e9st. Kicsit hossz\u00fara siker\u00fclt ez a d\u00e9lel\u0151tt, de sz\u00e9p verseket hallhattunk, \u00e9s nagyon sok tapasztalatra tehett\u00fcnk szert. A megnyit\u00f3 m\u0171sor is nagyon tetszett mindenkinek. Megbesz\u00e9lt\u00fck, ha lehet, akkor j\u00f6v\u0151re is elmegy\u00fcnk.<\/span><\/span><\/p>\n<p align=\"justify\"><span style=\"font-family: Times New Roman, serif;\"><span style=\"font-size: medium;\">K\u00f6sz\u00f6nj\u00fck a rendez\u0151knek!<\/span><\/span><\/p>\n<p style=\"text-align: right;\" align=\"justify\"><span style=\"font-family: Times New Roman, serif;\"><span style=\"font-size: medium;\"><i>Deli Aida Anna, Horv\u00e1th Lilla, Mesits Patr\u00edcia Em\u00edlia<\/i><\/span><\/span><\/p>\n","protected":false},"excerpt":{"rendered":"<p>Hajni n\u00e9ni k\u00e9rdezte m\u00e9g a tavaszi sz\u00fcnet el\u0151tt, hogy szeretn\u00e9nk-e szaval\u00f3versenyre menni. Nagyon \u00f6r\u00fclt\u00fcnk ennek a felk\u00e9r\u00e9snek, lehet\u0151s\u00e9gnek. M\u00e1r a sz\u00fcnet el\u0151tt megkaptuk a k\u00f6telez\u0151 verset. Mind a h\u00e1rman ugyanazt a verset<a class=\"moretag\" href=\"https:\/\/altisk-mlak.edu.hu\/index.php\/cicakiraly-szakacsneja\/\">Read More&#8230;<\/a><\/p>\n","protected":false},"author":3,"featured_media":0,"comment_status":"closed","ping_status":"closed","sticky":false,"template":"","format":"standard","meta":{"two_page_speed":[],"footnotes":""},"categories":[1],"tags":[],"class_list":["post-2171","post","type-post","status-publish","format-standard","hentry","category-egyeb"],"_links":{"self":[{"href":"https:\/\/altisk-mlak.edu.hu\/index.php\/wp-json\/wp\/v2\/posts\/2171","targetHints":{"allow":["GET"]}}],"collection":[{"href":"https:\/\/altisk-mlak.edu.hu\/index.php\/wp-json\/wp\/v2\/posts"}],"about":[{"href":"https:\/\/altisk-mlak.edu.hu\/index.php\/wp-json\/wp\/v2\/types\/post"}],"author":[{"embeddable":true,"href":"https:\/\/altisk-mlak.edu.hu\/index.php\/wp-json\/wp\/v2\/users\/3"}],"replies":[{"embeddable":true,"href":"https:\/\/altisk-mlak.edu.hu\/index.php\/wp-json\/wp\/v2\/comments?post=2171"}],"version-history":[{"count":2,"href":"https:\/\/altisk-mlak.edu.hu\/index.php\/wp-json\/wp\/v2\/posts\/2171\/revisions"}],"predecessor-version":[{"id":2179,"href":"https:\/\/altisk-mlak.edu.hu\/index.php\/wp-json\/wp\/v2\/posts\/2171\/revisions\/2179"}],"wp:attachment":[{"href":"https:\/\/altisk-mlak.edu.hu\/index.php\/wp-json\/wp\/v2\/media?parent=2171"}],"wp:term":[{"taxonomy":"category","embeddable":true,"href":"https:\/\/altisk-mlak.edu.hu\/index.php\/wp-json\/wp\/v2\/categories?post=2171"},{"taxonomy":"post_tag","embeddable":true,"href":"https:\/\/altisk-mlak.edu.hu\/index.php\/wp-json\/wp\/v2\/tags?post=2171"}],"curies":[{"name":"wp","href":"https:\/\/api.w.org\/{rel}","templated":true}]}}