{"id":2189,"date":"2024-05-03T07:20:32","date_gmt":"2024-05-03T07:20:32","guid":{"rendered":"https:\/\/altisk-mlak.edu.hu\/?p=2189"},"modified":"2024-05-07T07:58:26","modified_gmt":"2024-05-07T07:58:26","slug":"iskolamise-6","status":"publish","type":"post","link":"https:\/\/altisk-mlak.edu.hu\/index.php\/iskolamise-6\/","title":{"rendered":"Iskolamise"},"content":{"rendered":"<p class=\"western\" lang=\"hu-HU\" align=\"justify\"><span style=\"font-family: Arial Black, serif;\"><span style=\"font-size: x-large;\">2024. m\u00e1jus 6-\u00e1n (h\u00e9tf\u0151n)<\/span><\/span><span style=\"color: #050505;\"><span style=\"font-family: Arial Black, serif;\"><span style=\"font-size: x-large;\"> 14.30 \u00f3rakor Iskolamise lesz a cs\u00f6r\u00f6tneki \u00d6r\u00f6k Ige templomban.<\/span><\/span><\/span><\/p>\n<p class=\"western\" lang=\"hu-HU\" align=\"justify\"><span style=\"color: #050505;\"><span style=\"font-family: Arial Black, serif;\"><span style=\"font-size: x-large;\">A szentmis\u00e9n Sz\u0171z M\u00e1ria, \u00e9gi \u00e9desany\u00e1nk seg\u00edts\u00e9g\u00e9t \u00e9s \u00e1ld\u00e1s\u00e1t k\u00e9rj\u00fck.<\/span><\/span><\/span><\/p>\n<p lang=\"hu-HU\" align=\"justify\"><span style=\"font-family: times new roman, times, serif; font-size: 18pt;\"><img fetchpriority=\"high\" decoding=\"async\" class=\"aligncenter size-full wp-image-1640\" src=\"https:\/\/altisk-mlak.edu.hu\/wp-content\/uploads\/2023\/10\/iskolamise.jpg\" alt=\"\" width=\"195\" height=\"258\" \/><\/span><\/p>\n<p lang=\"hu-HU\" style=\"text-align: center;\" align=\"justify\"><span style=\"font-size: 18pt; font-family: times new roman, times, serif;\">A mis\u00e9t bemutatja: Dr. Tak\u00e1cs Gyula pl\u00e9b\u00e1nos, iskolalelk\u00e9sz<\/span><br \/>\n<span style=\"font-size: 18pt; font-family: times new roman, times, serif;\">Szeretettel v\u00e1rjuk a Sz\u00fcl\u0151ket, Nagysz\u00fcl\u0151ket \u00e9s az Egyh\u00e1zk\u00f6zs\u00e9g h\u00edveit!<\/span><br \/>\n<span style=\"font-size: 18pt; font-family: times new roman, times, serif;\">J\u00c9ZUS T\u00c9GED IS V\u00c1R!<\/span><\/p>\n","protected":false},"excerpt":{"rendered":"<p>2024. m\u00e1jus 6-\u00e1n (h\u00e9tf\u0151n) 14.30 \u00f3rakor Iskolamise lesz a cs\u00f6r\u00f6tneki \u00d6r\u00f6k Ige templomban. A szentmis\u00e9n Sz\u0171z M\u00e1ria, \u00e9gi \u00e9desany\u00e1nk seg\u00edts\u00e9g\u00e9t \u00e9s \u00e1ld\u00e1s\u00e1t k\u00e9rj\u00fck. A mis\u00e9t bemutatja: Dr. Tak\u00e1cs Gyula pl\u00e9b\u00e1nos, iskolalelk\u00e9sz Szeretettel<a class=\"moretag\" href=\"https:\/\/altisk-mlak.edu.hu\/index.php\/iskolamise-6\/\">Read More&#8230;<\/a><\/p>\n","protected":false},"author":3,"featured_media":0,"comment_status":"closed","ping_status":"closed","sticky":false,"template":"","format":"standard","meta":{"two_page_speed":[],"footnotes":""},"categories":[1],"tags":[],"class_list":["post-2189","post","type-post","status-publish","format-standard","hentry","category-egyeb"],"_links":{"self":[{"href":"https:\/\/altisk-mlak.edu.hu\/index.php\/wp-json\/wp\/v2\/posts\/2189","targetHints":{"allow":["GET"]}}],"collection":[{"href":"https:\/\/altisk-mlak.edu.hu\/index.php\/wp-json\/wp\/v2\/posts"}],"about":[{"href":"https:\/\/altisk-mlak.edu.hu\/index.php\/wp-json\/wp\/v2\/types\/post"}],"author":[{"embeddable":true,"href":"https:\/\/altisk-mlak.edu.hu\/index.php\/wp-json\/wp\/v2\/users\/3"}],"replies":[{"embeddable":true,"href":"https:\/\/altisk-mlak.edu.hu\/index.php\/wp-json\/wp\/v2\/comments?post=2189"}],"version-history":[{"count":1,"href":"https:\/\/altisk-mlak.edu.hu\/index.php\/wp-json\/wp\/v2\/posts\/2189\/revisions"}],"predecessor-version":[{"id":2190,"href":"https:\/\/altisk-mlak.edu.hu\/index.php\/wp-json\/wp\/v2\/posts\/2189\/revisions\/2190"}],"wp:attachment":[{"href":"https:\/\/altisk-mlak.edu.hu\/index.php\/wp-json\/wp\/v2\/media?parent=2189"}],"wp:term":[{"taxonomy":"category","embeddable":true,"href":"https:\/\/altisk-mlak.edu.hu\/index.php\/wp-json\/wp\/v2\/categories?post=2189"},{"taxonomy":"post_tag","embeddable":true,"href":"https:\/\/altisk-mlak.edu.hu\/index.php\/wp-json\/wp\/v2\/tags?post=2189"}],"curies":[{"name":"wp","href":"https:\/\/api.w.org\/{rel}","templated":true}]}}