{"id":2210,"date":"2024-05-09T06:04:17","date_gmt":"2024-05-09T06:04:17","guid":{"rendered":"https:\/\/altisk-mlak.edu.hu\/?p=2210"},"modified":"2024-05-21T08:18:19","modified_gmt":"2024-05-21T08:18:19","slug":"2024-majusi-iskolamise-egi-edesanyankhoz-imadkoztunk-egy-kislany-gyogyulasaert","status":"publish","type":"post","link":"https:\/\/altisk-mlak.edu.hu\/index.php\/2024-majusi-iskolamise-egi-edesanyankhoz-imadkoztunk-egy-kislany-gyogyulasaert\/","title":{"rendered":"2024. m\u00e1jusi iskolamise: \u00c9gi \u00e9desany\u00e1nkhoz im\u00e1dkoztunk egy kisl\u00e1ny gy\u00f3gyul\u00e1s\u00e1\u00e9rt"},"content":{"rendered":"<p align=\"justify\"><img fetchpriority=\"high\" decoding=\"async\" class=\"size-medium wp-image-2212 alignright\" src=\"https:\/\/altisk-mlak.edu.hu\/wp-content\/uploads\/2024\/05\/20240506_143030-300x225.jpg\" alt=\"\" width=\"300\" height=\"225\" srcset=\"https:\/\/altisk-mlak.edu.hu\/wp-content\/uploads\/2024\/05\/20240506_143030-300x225.jpg 300w, https:\/\/altisk-mlak.edu.hu\/wp-content\/uploads\/2024\/05\/20240506_143030-1024x768.jpg 1024w, https:\/\/altisk-mlak.edu.hu\/wp-content\/uploads\/2024\/05\/20240506_143030-768x576.jpg 768w, https:\/\/altisk-mlak.edu.hu\/wp-content\/uploads\/2024\/05\/20240506_143030-1536x1152.jpg 1536w, https:\/\/altisk-mlak.edu.hu\/wp-content\/uploads\/2024\/05\/20240506_143030-2048x1536.jpg 2048w, https:\/\/altisk-mlak.edu.hu\/wp-content\/uploads\/2024\/05\/20240506_143030-600x450.jpg 600w\" sizes=\"(max-width: 300px) 100vw, 300px\" \/><\/p>\n<p align=\"justify\"><span style=\"font-size: large;\">M\u00e1jusi iskolamis\u00e9nket Gyula atya az id\u0151j\u00e1r\u00e1s enyh\u00fcl\u00e9se miatt m\u00e1r a cs\u00f6r\u00f6tneki templomban tarthatta. Eb\u00e9d ut\u00e1n gy\u0171lt\u00fcnk \u00f6ssze a templom el\u0151tti kis t\u00e9ren, \u00e9s sz\u00e9p fegyelmezetten foglaltuk el helyeinket a padsorokban. A gyerekek m\u00e1r k\u00fcl\u00f6n felsz\u00f3l\u00edt\u00e1s n\u00e9lk\u00fcl oszt\u00e1lyonk\u00e9nt \u00fcltek le az oszt\u00e1lyf\u0151n\u00f6k\u00fck mell\u00e9. <\/span><\/p>\n<p align=\"justify\"><span style=\"font-size: large;\">Igazgat\u00f3 n\u00e9nink, Kati n\u00e9ni aznap reggel kapta a h\u00edrt, hogy az egyik tan\u00edt\u00f3 n\u00e9ni kis unok\u00e1ja k\u00f3rh\u00e1zba ker\u00fclt, a szentmis\u00e9t ez\u00e9rt Abig\u00e9l gy\u00f3gyul\u00e1s\u00e1nak sz\u00e1nd\u00e9k\u00e1ra aj\u00e1nlotta fel Gyula atya. <\/span><\/p>\n<p align=\"justify\"><img decoding=\"async\" class=\"size-medium wp-image-2211 alignleft\" src=\"https:\/\/altisk-mlak.edu.hu\/wp-content\/uploads\/2024\/05\/20240506_144209-225x300.jpg\" alt=\"\" width=\"225\" height=\"300\" srcset=\"https:\/\/altisk-mlak.edu.hu\/wp-content\/uploads\/2024\/05\/20240506_144209-225x300.jpg 225w, https:\/\/altisk-mlak.edu.hu\/wp-content\/uploads\/2024\/05\/20240506_144209-768x1024.jpg 768w, https:\/\/altisk-mlak.edu.hu\/wp-content\/uploads\/2024\/05\/20240506_144209-1152x1536.jpg 1152w, https:\/\/altisk-mlak.edu.hu\/wp-content\/uploads\/2024\/05\/20240506_144209-1536x2048.jpg 1536w, https:\/\/altisk-mlak.edu.hu\/wp-content\/uploads\/2024\/05\/20240506_144209-450x600.jpg 450w, https:\/\/altisk-mlak.edu.hu\/wp-content\/uploads\/2024\/05\/20240506_144209-scaled.jpg 1920w\" sizes=\"(max-width: 225px) 100vw, 225px\" \/><\/p>\n<p align=\"justify\"><span style=\"font-size: large;\">A pr\u00e9dik\u00e1ci\u00f3ban az iskolalelk\u00e9sz arr\u00f3l besz\u00e9lt, hogy bizalommal k\u00e9rhetj\u00fck Sz\u0171z M\u00e1ri\u00e1t\u00f3l, hogy \u201eim\u00e1dkozz\u00e1l \u00e9rett\u00fcnk, b\u0171n\u00f6s\u00f6k\u00e9rt most\u2026\u201d, mert \u0151 pontosan ugyan olyan, mint amilyenek mi vagyunk: mint egy els\u0151 oszt\u00e1lyos kisl\u00e1ny, mint egy hetedik oszt\u00e1lyos kamasz nagyl\u00e1ny, mint egy fiatal anyuka, vagy mint egy k\u00f6z\u00e9pkor\u00fa nagymama\u2026Ez\u00e9rt meg\u00e9rt minket, meg\u00e9rti, amikor sz\u00fcks\u00e9get szenved\u00fcnk, amikor bajban vagyunk, \u00e9s seg\u00edt. Az egyetemes k\u00f6ny\u00f6rg\u00e9sek bevezet\u00e9sek\u00e9nt egy\u00fctt elim\u00e1dkoztuk a beteg kisl\u00e1ny\u00e9rt az \u00dcdv\u00f6zl\u00e9gy M\u00e1ri\u00e1t.<\/span><\/p>\n<p align=\"justify\"><span style=\"font-size: large;\">Az olvasm\u00e1nyt Mesics Patr\u00edcia 6. oszt\u00e1lyos tanul\u00f3, a k\u00f6ny\u00f6rg\u00e9seket Magyar Levente \u00e9s Tak\u00e1cs Viktor 4. oszt\u00e1lyos tanul\u00f3 olvasta fel. Mindh\u00e1rom tanul\u00f3 \u00f6nk\u00e9nt jelentkezett a liturgi\u00e1ban val\u00f3 szolg\u00e1latra, ami m\u00e1r azt jelzi, hogy egyre ink\u00e1bb maguk\u00e9nak \u00e9rzik az iskolamis\u00e9t a gyerekek. <\/span><\/p>\n<p align=\"justify\"><img decoding=\"async\" class=\"aligncenter size-medium wp-image-2213\" src=\"https:\/\/altisk-mlak.edu.hu\/wp-content\/uploads\/2024\/05\/20240506_144939-225x300.jpg\" alt=\"\" width=\"225\" height=\"300\" srcset=\"https:\/\/altisk-mlak.edu.hu\/wp-content\/uploads\/2024\/05\/20240506_144939-225x300.jpg 225w, https:\/\/altisk-mlak.edu.hu\/wp-content\/uploads\/2024\/05\/20240506_144939-768x1024.jpg 768w, https:\/\/altisk-mlak.edu.hu\/wp-content\/uploads\/2024\/05\/20240506_144939-1152x1536.jpg 1152w, https:\/\/altisk-mlak.edu.hu\/wp-content\/uploads\/2024\/05\/20240506_144939-1536x2048.jpg 1536w, https:\/\/altisk-mlak.edu.hu\/wp-content\/uploads\/2024\/05\/20240506_144939-450x600.jpg 450w, https:\/\/altisk-mlak.edu.hu\/wp-content\/uploads\/2024\/05\/20240506_144939-scaled.jpg 1920w\" sizes=\"(max-width: 225px) 100vw, 225px\" \/><\/p>\n<p align=\"justify\"><span style=\"font-size: large;\">Hangosan zengtek az \u00e9nekek, k\u00fcl\u00f6n\u00f6sen a kisebbek \u00e9nekelt\u00e9k \u00f6nfeledten a dallamos karizmatikus \u00e9nekeket. <\/span><\/p>\n<table style=\"border-collapse: collapse; width: 100%;\">\n<tbody>\n<tr>\n<td colspan=\"2\"><img loading=\"lazy\" decoding=\"async\" class=\"aligncenter wp-image-2216 size-large\" src=\"https:\/\/altisk-mlak.edu.hu\/wp-content\/uploads\/2024\/05\/20240506_150857-1-1024x768.jpg\" alt=\"\" width=\"604\" height=\"453\" srcset=\"https:\/\/altisk-mlak.edu.hu\/wp-content\/uploads\/2024\/05\/20240506_150857-1-1024x768.jpg 1024w, https:\/\/altisk-mlak.edu.hu\/wp-content\/uploads\/2024\/05\/20240506_150857-1-300x225.jpg 300w, https:\/\/altisk-mlak.edu.hu\/wp-content\/uploads\/2024\/05\/20240506_150857-1-768x576.jpg 768w, https:\/\/altisk-mlak.edu.hu\/wp-content\/uploads\/2024\/05\/20240506_150857-1-1536x1152.jpg 1536w, https:\/\/altisk-mlak.edu.hu\/wp-content\/uploads\/2024\/05\/20240506_150857-1-2048x1536.jpg 2048w, https:\/\/altisk-mlak.edu.hu\/wp-content\/uploads\/2024\/05\/20240506_150857-1-600x450.jpg 600w\" sizes=\"(max-width: 604px) 100vw, 604px\" \/><\/td>\n<\/tr>\n<tr>\n<td style=\"width: 50%;\"><img loading=\"lazy\" decoding=\"async\" class=\"aligncenter size-medium wp-image-2214\" src=\"https:\/\/altisk-mlak.edu.hu\/wp-content\/uploads\/2024\/05\/20240506_150857-300x225.jpg\" alt=\"\" width=\"300\" height=\"225\" srcset=\"https:\/\/altisk-mlak.edu.hu\/wp-content\/uploads\/2024\/05\/20240506_150857-300x225.jpg 300w, https:\/\/altisk-mlak.edu.hu\/wp-content\/uploads\/2024\/05\/20240506_150857-1024x768.jpg 1024w, https:\/\/altisk-mlak.edu.hu\/wp-content\/uploads\/2024\/05\/20240506_150857-768x576.jpg 768w, https:\/\/altisk-mlak.edu.hu\/wp-content\/uploads\/2024\/05\/20240506_150857-1536x1152.jpg 1536w, https:\/\/altisk-mlak.edu.hu\/wp-content\/uploads\/2024\/05\/20240506_150857-2048x1536.jpg 2048w, https:\/\/altisk-mlak.edu.hu\/wp-content\/uploads\/2024\/05\/20240506_150857-600x450.jpg 600w\" sizes=\"(max-width: 300px) 100vw, 300px\" \/><\/td>\n<td style=\"width: 50%;\"><img loading=\"lazy\" decoding=\"async\" class=\"aligncenter size-medium wp-image-2215\" src=\"https:\/\/altisk-mlak.edu.hu\/wp-content\/uploads\/2024\/05\/20240506_150908-300x225.jpg\" alt=\"\" width=\"300\" height=\"225\" srcset=\"https:\/\/altisk-mlak.edu.hu\/wp-content\/uploads\/2024\/05\/20240506_150908-300x225.jpg 300w, https:\/\/altisk-mlak.edu.hu\/wp-content\/uploads\/2024\/05\/20240506_150908-1024x768.jpg 1024w, https:\/\/altisk-mlak.edu.hu\/wp-content\/uploads\/2024\/05\/20240506_150908-768x576.jpg 768w, https:\/\/altisk-mlak.edu.hu\/wp-content\/uploads\/2024\/05\/20240506_150908-1536x1152.jpg 1536w, https:\/\/altisk-mlak.edu.hu\/wp-content\/uploads\/2024\/05\/20240506_150908-2048x1536.jpg 2048w, https:\/\/altisk-mlak.edu.hu\/wp-content\/uploads\/2024\/05\/20240506_150908-600x450.jpg 600w\" sizes=\"(max-width: 300px) 100vw, 300px\" \/><\/td>\n<\/tr>\n<\/tbody>\n<\/table>\n<p align=\"justify\"><span style=\"font-size: large;\">K\u00fcl\u00f6n \u00f6r\u00f6m volt, hogy Kov\u00e1cs Attila tan\u00e1r \u00far, akinek ez az els\u0151 nyugd\u00edjban t\u00f6lt\u00f6tt tan\u00e9ve, vel\u00fcnk egy\u00fctt vett r\u00e9szt az iskola szentmis\u00e9j\u00e9n.<\/span><\/p>\n<p style=\"text-align: right;\" align=\"justify\"><em>\u00c1gnes n\u0151v\u00e9r<\/em><\/p>\n","protected":false},"excerpt":{"rendered":"<p>M\u00e1jusi iskolamis\u00e9nket Gyula atya az id\u0151j\u00e1r\u00e1s enyh\u00fcl\u00e9se miatt m\u00e1r a cs\u00f6r\u00f6tneki templomban tarthatta. Eb\u00e9d ut\u00e1n gy\u0171lt\u00fcnk \u00f6ssze a templom el\u0151tti kis t\u00e9ren, \u00e9s sz\u00e9p fegyelmezetten foglaltuk el helyeinket a padsorokban. A gyerekek<a class=\"moretag\" href=\"https:\/\/altisk-mlak.edu.hu\/index.php\/2024-majusi-iskolamise-egi-edesanyankhoz-imadkoztunk-egy-kislany-gyogyulasaert\/\">Read More&#8230;<\/a><\/p>\n","protected":false},"author":3,"featured_media":0,"comment_status":"closed","ping_status":"closed","sticky":false,"template":"","format":"standard","meta":{"two_page_speed":[],"footnotes":""},"categories":[1],"tags":[],"class_list":["post-2210","post","type-post","status-publish","format-standard","hentry","category-egyeb"],"_links":{"self":[{"href":"https:\/\/altisk-mlak.edu.hu\/index.php\/wp-json\/wp\/v2\/posts\/2210","targetHints":{"allow":["GET"]}}],"collection":[{"href":"https:\/\/altisk-mlak.edu.hu\/index.php\/wp-json\/wp\/v2\/posts"}],"about":[{"href":"https:\/\/altisk-mlak.edu.hu\/index.php\/wp-json\/wp\/v2\/types\/post"}],"author":[{"embeddable":true,"href":"https:\/\/altisk-mlak.edu.hu\/index.php\/wp-json\/wp\/v2\/users\/3"}],"replies":[{"embeddable":true,"href":"https:\/\/altisk-mlak.edu.hu\/index.php\/wp-json\/wp\/v2\/comments?post=2210"}],"version-history":[{"count":1,"href":"https:\/\/altisk-mlak.edu.hu\/index.php\/wp-json\/wp\/v2\/posts\/2210\/revisions"}],"predecessor-version":[{"id":2217,"href":"https:\/\/altisk-mlak.edu.hu\/index.php\/wp-json\/wp\/v2\/posts\/2210\/revisions\/2217"}],"wp:attachment":[{"href":"https:\/\/altisk-mlak.edu.hu\/index.php\/wp-json\/wp\/v2\/media?parent=2210"}],"wp:term":[{"taxonomy":"category","embeddable":true,"href":"https:\/\/altisk-mlak.edu.hu\/index.php\/wp-json\/wp\/v2\/categories?post=2210"},{"taxonomy":"post_tag","embeddable":true,"href":"https:\/\/altisk-mlak.edu.hu\/index.php\/wp-json\/wp\/v2\/tags?post=2210"}],"curies":[{"name":"wp","href":"https:\/\/api.w.org\/{rel}","templated":true}]}}