{"id":2232,"date":"2024-05-21T09:02:08","date_gmt":"2024-05-21T09:02:08","guid":{"rendered":"https:\/\/altisk-mlak.edu.hu\/?p=2232"},"modified":"2024-05-21T09:23:46","modified_gmt":"2024-05-21T09:23:46","slug":"goncolj-a-foldert","status":"publish","type":"post","link":"https:\/\/altisk-mlak.edu.hu\/index.php\/goncolj-a-foldert\/","title":{"rendered":"\u201eG\u00f6nc\u00f6lj a F\u00f6ld\u00e9rt!\u201d"},"content":{"rendered":"<p align=\"justify\"><span style=\"font-family: Times New Roman, serif;\"><span style=\"font-size: medium;\">A Sulizs\u00e1k Kft. felsz\u00f3l\u00edt\u00e1sa nyitott f\u00fcleket tal\u00e1lt tagint\u00e9zm\u00e9ny\u00fcnk pedag\u00f3gusai \u00e9s tanul\u00f3i k\u00f6r\u00e9ben. Egyet\u00e9rt\u00fcnk a c\u00e9g c\u00e9ljaival: mindenkivel megismertetni a textil \u00fajrahasznos\u00edt\u00e1s lehet\u0151s\u00e9geit \u00e9s k\u00f6zvet\u00edteni a h\u00e1ztart\u00e1sok \u00e9s a feldolgoz\u00f3k k\u00f6z\u00f6tt, \u00f6szt\u00f6n\u00f6zni a k\u00f6z\u00f6ss\u00e9geket, hogy szervezzenek ruhagy\u0171jt\u00e9st. Tev\u00e9kenys\u00e9g\u00fckkel lehet\u0151s\u00e9get teremtenek arra, hogy besz\u00e9lgess\u00fcnk a fenntarthat\u00f3s\u00e1gr\u00f3l, k\u00f6rnyezettudatoss\u00e1gr\u00f3l, megmutathassuk, hogy nem a kuka a megold\u00e1s \u00e9s ezzel egyid\u0151ben tegy\u00fcnk k\u00f6z\u00f6ss\u00e9g\u00fcnk\u00e9rt \u00e9s k\u00f6rnyezet\u00fcnk\u00e9rt, es\u00e9lyt adjunk arra, hogy a m\u00e1r nem tetsz\u0151, kin\u0151tt ruhadarabok \u00fajra gazd\u00e1ra tal\u00e1ljanak. A Fenntarthat\u00f3s\u00e1gi t\u00e9mah\u00e9t k\u00edn\u00e1lkozott a legmegfelel\u0151bb id\u0151pontnak a gy\u0171jt\u00e9si akci\u00f3hoz, \u00e1m a Sulizs\u00e1k Kft. koll\u00e9g\u00e1i \u00fagy tervezik meg a sz\u00e1ll\u00edt\u00e1si \u00fatvonalakat, hogy a legkisebb k\u00f6rnyezetterhel\u00e9ssel \u00e9rkezzenek a gy\u0171jt\u00e9sre, ez\u00e9rt csak m\u00e1jus 18-\u00e1n tudt\u00e1k elvinni az \u00f6sszegy\u0171jt\u00f6tt ruh\u00e1kat tartalmaz\u00f3 zs\u00e1kokat. Az emeleti folyos\u00f3nkon hetekig gy\u0171jt\u00f6tt zs\u00e1kok 1618 kg ruh\u00e1t rejtettek. <\/span><\/span><\/p>\n<table style=\"border-collapse: collapse; width: 100%;\">\n<tbody>\n<tr>\n<td style=\"width: 50%;\"><img fetchpriority=\"high\" decoding=\"async\" class=\"aligncenter size-medium wp-image-2234\" src=\"https:\/\/altisk-mlak.edu.hu\/wp-content\/uploads\/2024\/05\/s2-300x225.jpg\" alt=\"\" width=\"300\" height=\"225\" srcset=\"https:\/\/altisk-mlak.edu.hu\/wp-content\/uploads\/2024\/05\/s2-300x225.jpg 300w, https:\/\/altisk-mlak.edu.hu\/wp-content\/uploads\/2024\/05\/s2-1024x768.jpg 1024w, https:\/\/altisk-mlak.edu.hu\/wp-content\/uploads\/2024\/05\/s2-768x576.jpg 768w, https:\/\/altisk-mlak.edu.hu\/wp-content\/uploads\/2024\/05\/s2-1536x1152.jpg 1536w, https:\/\/altisk-mlak.edu.hu\/wp-content\/uploads\/2024\/05\/s2-600x450.jpg 600w, https:\/\/altisk-mlak.edu.hu\/wp-content\/uploads\/2024\/05\/s2.jpg 2040w\" sizes=\"(max-width: 300px) 100vw, 300px\" \/><\/td>\n<td style=\"width: 50%;\"><img decoding=\"async\" class=\"aligncenter size-medium wp-image-2233\" src=\"https:\/\/altisk-mlak.edu.hu\/wp-content\/uploads\/2024\/05\/s1-300x225.jpg\" alt=\"\" width=\"300\" height=\"225\" srcset=\"https:\/\/altisk-mlak.edu.hu\/wp-content\/uploads\/2024\/05\/s1-300x225.jpg 300w, https:\/\/altisk-mlak.edu.hu\/wp-content\/uploads\/2024\/05\/s1-1024x768.jpg 1024w, https:\/\/altisk-mlak.edu.hu\/wp-content\/uploads\/2024\/05\/s1-768x576.jpg 768w, https:\/\/altisk-mlak.edu.hu\/wp-content\/uploads\/2024\/05\/s1-1536x1152.jpg 1536w, https:\/\/altisk-mlak.edu.hu\/wp-content\/uploads\/2024\/05\/s1-600x450.jpg 600w, https:\/\/altisk-mlak.edu.hu\/wp-content\/uploads\/2024\/05\/s1.jpg 2040w\" sizes=\"(max-width: 300px) 100vw, 300px\" \/><\/td>\n<\/tr>\n<\/tbody>\n<\/table>\n<p align=\"justify\"><span style=\"font-family: Times New Roman, serif;\"><span style=\"font-size: medium;\">K\u00f6sz\u00f6nj\u00fck mindenkinek a t\u00e1mogat\u00e1st. K\u00f6sz\u00f6nj\u00fck a sok-sok ruh\u00e1t, a gyerekeknek a gy\u0171jt\u00e9s teljes ideje alatt tan\u00fas\u00edtott lelkesed\u00e9s\u00e9t, seg\u00edt\u0151k\u00e9szs\u00e9g\u00e9t. Az oszt\u00e1lykir\u00e1ndul\u00e1sok \u00e9s a gyereknap anyagi t\u00e1mogat\u00e1s\u00e1val h\u00e1l\u00e1lja meg mindezt az alap\u00edtv\u00e1nyunk.<\/span><\/span><\/p>\n<p style=\"text-align: right;\" align=\"justify\"><span style=\"font-family: times new roman, times, serif;\"><em>Kov\u00e1cs Zsuzsanna<\/em><\/span><\/p>\n","protected":false},"excerpt":{"rendered":"<p>A Sulizs\u00e1k Kft. felsz\u00f3l\u00edt\u00e1sa nyitott f\u00fcleket tal\u00e1lt tagint\u00e9zm\u00e9ny\u00fcnk pedag\u00f3gusai \u00e9s tanul\u00f3i k\u00f6r\u00e9ben. Egyet\u00e9rt\u00fcnk a c\u00e9g c\u00e9ljaival: mindenkivel megismertetni a textil \u00fajrahasznos\u00edt\u00e1s lehet\u0151s\u00e9geit \u00e9s k\u00f6zvet\u00edteni a h\u00e1ztart\u00e1sok \u00e9s a feldolgoz\u00f3k k\u00f6z\u00f6tt, \u00f6szt\u00f6n\u00f6zni a<a class=\"moretag\" href=\"https:\/\/altisk-mlak.edu.hu\/index.php\/goncolj-a-foldert\/\">Read More&#8230;<\/a><\/p>\n","protected":false},"author":3,"featured_media":0,"comment_status":"closed","ping_status":"closed","sticky":false,"template":"","format":"standard","meta":{"two_page_speed":[],"footnotes":""},"categories":[1],"tags":[],"class_list":["post-2232","post","type-post","status-publish","format-standard","hentry","category-egyeb"],"_links":{"self":[{"href":"https:\/\/altisk-mlak.edu.hu\/index.php\/wp-json\/wp\/v2\/posts\/2232","targetHints":{"allow":["GET"]}}],"collection":[{"href":"https:\/\/altisk-mlak.edu.hu\/index.php\/wp-json\/wp\/v2\/posts"}],"about":[{"href":"https:\/\/altisk-mlak.edu.hu\/index.php\/wp-json\/wp\/v2\/types\/post"}],"author":[{"embeddable":true,"href":"https:\/\/altisk-mlak.edu.hu\/index.php\/wp-json\/wp\/v2\/users\/3"}],"replies":[{"embeddable":true,"href":"https:\/\/altisk-mlak.edu.hu\/index.php\/wp-json\/wp\/v2\/comments?post=2232"}],"version-history":[{"count":1,"href":"https:\/\/altisk-mlak.edu.hu\/index.php\/wp-json\/wp\/v2\/posts\/2232\/revisions"}],"predecessor-version":[{"id":2235,"href":"https:\/\/altisk-mlak.edu.hu\/index.php\/wp-json\/wp\/v2\/posts\/2232\/revisions\/2235"}],"wp:attachment":[{"href":"https:\/\/altisk-mlak.edu.hu\/index.php\/wp-json\/wp\/v2\/media?parent=2232"}],"wp:term":[{"taxonomy":"category","embeddable":true,"href":"https:\/\/altisk-mlak.edu.hu\/index.php\/wp-json\/wp\/v2\/categories?post=2232"},{"taxonomy":"post_tag","embeddable":true,"href":"https:\/\/altisk-mlak.edu.hu\/index.php\/wp-json\/wp\/v2\/tags?post=2232"}],"curies":[{"name":"wp","href":"https:\/\/api.w.org\/{rel}","templated":true}]}}