{"id":2241,"date":"2024-05-21T09:56:20","date_gmt":"2024-05-21T09:56:20","guid":{"rendered":"https:\/\/altisk-mlak.edu.hu\/?p=2241"},"modified":"2024-05-27T10:00:32","modified_gmt":"2024-05-27T10:00:32","slug":"tersegi-mesemondo-verseny","status":"publish","type":"post","link":"https:\/\/altisk-mlak.edu.hu\/index.php\/tersegi-mesemondo-verseny\/","title":{"rendered":"T\u00e9rs\u00e9gi mesemond\u00f3 verseny"},"content":{"rendered":"<p align=\"justify\"><span style=\"font-family: Arial, serif;\"><span style=\"font-size: medium;\">Iskol\u00e1nk m\u00e1jus 16-\u00e1n tartotta imm\u00e1r hagyom\u00e1nyosnak mondhat\u00f3 T\u00e9rs\u00e9gi Mesemond\u00f3 Verseny\u00e9t. D\u00e9lut\u00e1n j\u00f3csk\u00e1n megtelt a cs\u00f6r\u00f6tneki Kunt\u00e1r Lajos M\u0171vel\u0151d\u00e9si H\u00e1z. 33 als\u00f3s kisdi\u00e1k v\u00e1llalkozott a megm\u00e9rettet\u00e9sre, akiket tan\u00edt\u00f3 n\u00e9nik \u00e9s sz\u00fcl\u0151k k\u00eds\u00e9rtek el a versenyre. A di\u00e1kok az ap\u00e1tistv\u00e1nfalvai, a baj\u00e1nsenyei, az \u0151riszentp\u00e9teri, a r\u00e1bagyarmati \u00e9s a magyarlak- cs\u00f6r\u00f6tneki iskol\u00e1kb\u00f3l \u00e9rkeztek.<\/span><\/span><\/p>\n<p align=\"justify\"><span style=\"font-family: Arial, serif;\"><span style=\"font-size: medium;\">Iskol\u00e1nkat a k\u00f6vetkez\u0151 tanul\u00f3k k\u00e9pviselt\u00e9k:<\/span><\/span><\/p>\n<ul>\n<li><span style=\"font-family: Arial, serif;\"><span style=\"font-size: medium;\">Gyurkovics Mirk\u00f3 (1.oszt\u00e1ly )<\/span><\/span><\/li>\n<li><span style=\"font-family: Arial, serif;\"><span style=\"font-size: medium;\">Nagy Kiara Beatrix (1.oszt\u00e1ly)<\/span><\/span><\/li>\n<li><span style=\"font-family: Arial, serif;\"><span style=\"font-size: medium;\">Nider Bal\u00e1zs S\u00e1ndor (1.oszt\u00e1ly)<\/span><\/span><\/li>\n<li><span style=\"font-family: Arial, serif;\"><span style=\"font-size: medium;\">Csicsai Csenge (2.oszt\u00e1ly)<\/span><\/span><\/li>\n<li><span style=\"font-family: Arial, serif;\"><span style=\"font-size: medium;\">Horv\u00e1th Zita (2.oszt\u00e1ly)<\/span><\/span><\/li>\n<li><span style=\"font-family: Arial, serif;\"><span style=\"font-size: medium;\">Tak\u00e1cs M\u00e1t\u00e9 (3.oszt\u00e1ly)<\/span><\/span><\/li>\n<li><span style=\"font-family: Arial, serif;\"><span style=\"font-size: medium;\">Magyar Levente (4.oszt\u00e1ly)<\/span><\/span><\/li>\n<\/ul>\n<p align=\"justify\"><span style=\"font-family: Arial, serif;\"><span style=\"font-size: medium;\">K\u00f6sz\u00f6nj\u00fck a sz\u00e9p mes\u00e9ket \u00e9s a zs\u0171ri munk\u00e1j\u00e1t! Gratul\u00e1lunk minden r\u00e9sztvev\u0151nek!<\/span><\/span><\/p>\n<p align=\"justify\"><img fetchpriority=\"high\" decoding=\"async\" class=\"aligncenter size-medium wp-image-2244\" src=\"https:\/\/altisk-mlak.edu.hu\/wp-content\/uploads\/2024\/05\/mm8-224x300.jpg\" alt=\"\" width=\"224\" height=\"300\" srcset=\"https:\/\/altisk-mlak.edu.hu\/wp-content\/uploads\/2024\/05\/mm8-224x300.jpg 224w, https:\/\/altisk-mlak.edu.hu\/wp-content\/uploads\/2024\/05\/mm8-766x1024.jpg 766w, https:\/\/altisk-mlak.edu.hu\/wp-content\/uploads\/2024\/05\/mm8-768x1027.jpg 768w, https:\/\/altisk-mlak.edu.hu\/wp-content\/uploads\/2024\/05\/mm8-1149x1536.jpg 1149w, https:\/\/altisk-mlak.edu.hu\/wp-content\/uploads\/2024\/05\/mm8-449x600.jpg 449w, https:\/\/altisk-mlak.edu.hu\/wp-content\/uploads\/2024\/05\/mm8.jpg 1532w\" sizes=\"(max-width: 224px) 100vw, 224px\" \/><\/p>\n<table style=\"border-collapse: collapse; width: 100%;\">\n<tbody>\n<tr>\n<td style=\"width: 25%;\"><img decoding=\"async\" class=\"aligncenter wp-image-2250 size-medium\" src=\"https:\/\/altisk-mlak.edu.hu\/wp-content\/uploads\/2024\/05\/mm1-e1716285366612-238x300.jpg\" alt=\"\" width=\"238\" height=\"300\" srcset=\"https:\/\/altisk-mlak.edu.hu\/wp-content\/uploads\/2024\/05\/mm1-e1716285366612-238x300.jpg 238w, https:\/\/altisk-mlak.edu.hu\/wp-content\/uploads\/2024\/05\/mm1-e1716285366612-814x1024.jpg 814w, https:\/\/altisk-mlak.edu.hu\/wp-content\/uploads\/2024\/05\/mm1-e1716285366612-768x966.jpg 768w, https:\/\/altisk-mlak.edu.hu\/wp-content\/uploads\/2024\/05\/mm1-e1716285366612-477x600.jpg 477w, https:\/\/altisk-mlak.edu.hu\/wp-content\/uploads\/2024\/05\/mm1-e1716285366612.jpg 1221w\" sizes=\"(max-width: 238px) 100vw, 238px\" \/><\/td>\n<td style=\"width: 25%;\"><img decoding=\"async\" class=\"aligncenter size-medium wp-image-2253\" src=\"https:\/\/altisk-mlak.edu.hu\/wp-content\/uploads\/2024\/05\/mm11-224x300.jpg\" alt=\"\" width=\"224\" height=\"300\" srcset=\"https:\/\/altisk-mlak.edu.hu\/wp-content\/uploads\/2024\/05\/mm11-224x300.jpg 224w, https:\/\/altisk-mlak.edu.hu\/wp-content\/uploads\/2024\/05\/mm11-766x1024.jpg 766w, https:\/\/altisk-mlak.edu.hu\/wp-content\/uploads\/2024\/05\/mm11-768x1027.jpg 768w, https:\/\/altisk-mlak.edu.hu\/wp-content\/uploads\/2024\/05\/mm11-1149x1536.jpg 1149w, https:\/\/altisk-mlak.edu.hu\/wp-content\/uploads\/2024\/05\/mm11-449x600.jpg 449w, https:\/\/altisk-mlak.edu.hu\/wp-content\/uploads\/2024\/05\/mm11.jpg 1532w\" sizes=\"(max-width: 224px) 100vw, 224px\" \/><\/td>\n<td style=\"width: 25%;\"><img loading=\"lazy\" decoding=\"async\" class=\"aligncenter size-medium wp-image-2248\" src=\"https:\/\/altisk-mlak.edu.hu\/wp-content\/uploads\/2024\/05\/mm3-224x300.jpg\" alt=\"\" width=\"224\" height=\"300\" srcset=\"https:\/\/altisk-mlak.edu.hu\/wp-content\/uploads\/2024\/05\/mm3-224x300.jpg 224w, https:\/\/altisk-mlak.edu.hu\/wp-content\/uploads\/2024\/05\/mm3-766x1024.jpg 766w, https:\/\/altisk-mlak.edu.hu\/wp-content\/uploads\/2024\/05\/mm3-768x1027.jpg 768w, https:\/\/altisk-mlak.edu.hu\/wp-content\/uploads\/2024\/05\/mm3-1149x1536.jpg 1149w, https:\/\/altisk-mlak.edu.hu\/wp-content\/uploads\/2024\/05\/mm3-449x600.jpg 449w, https:\/\/altisk-mlak.edu.hu\/wp-content\/uploads\/2024\/05\/mm3.jpg 1532w\" sizes=\"(max-width: 224px) 100vw, 224px\" \/><\/td>\n<td style=\"width: 25%;\"><img loading=\"lazy\" decoding=\"async\" class=\"aligncenter size-medium wp-image-2247\" src=\"https:\/\/altisk-mlak.edu.hu\/wp-content\/uploads\/2024\/05\/mm4-224x300.jpg\" alt=\"\" width=\"224\" height=\"300\" srcset=\"https:\/\/altisk-mlak.edu.hu\/wp-content\/uploads\/2024\/05\/mm4-224x300.jpg 224w, https:\/\/altisk-mlak.edu.hu\/wp-content\/uploads\/2024\/05\/mm4-766x1024.jpg 766w, https:\/\/altisk-mlak.edu.hu\/wp-content\/uploads\/2024\/05\/mm4-768x1027.jpg 768w, https:\/\/altisk-mlak.edu.hu\/wp-content\/uploads\/2024\/05\/mm4-1149x1536.jpg 1149w, https:\/\/altisk-mlak.edu.hu\/wp-content\/uploads\/2024\/05\/mm4-449x600.jpg 449w, https:\/\/altisk-mlak.edu.hu\/wp-content\/uploads\/2024\/05\/mm4.jpg 1532w\" sizes=\"(max-width: 224px) 100vw, 224px\" \/><\/td>\n<\/tr>\n<tr>\n<td style=\"width: 25%;\"><img loading=\"lazy\" decoding=\"async\" class=\"aligncenter size-medium wp-image-2246\" src=\"https:\/\/altisk-mlak.edu.hu\/wp-content\/uploads\/2024\/05\/m4-224x300.jpg\" alt=\"\" width=\"224\" height=\"300\" srcset=\"https:\/\/altisk-mlak.edu.hu\/wp-content\/uploads\/2024\/05\/m4-224x300.jpg 224w, https:\/\/altisk-mlak.edu.hu\/wp-content\/uploads\/2024\/05\/m4-766x1024.jpg 766w, https:\/\/altisk-mlak.edu.hu\/wp-content\/uploads\/2024\/05\/m4-768x1027.jpg 768w, https:\/\/altisk-mlak.edu.hu\/wp-content\/uploads\/2024\/05\/m4-1149x1536.jpg 1149w, https:\/\/altisk-mlak.edu.hu\/wp-content\/uploads\/2024\/05\/m4-449x600.jpg 449w, https:\/\/altisk-mlak.edu.hu\/wp-content\/uploads\/2024\/05\/m4.jpg 1532w\" sizes=\"(max-width: 224px) 100vw, 224px\" \/><\/td>\n<td style=\"width: 25%;\"><img loading=\"lazy\" decoding=\"async\" class=\"aligncenter size-medium wp-image-2245\" src=\"https:\/\/altisk-mlak.edu.hu\/wp-content\/uploads\/2024\/05\/mm7-224x300.jpg\" alt=\"\" width=\"224\" height=\"300\" srcset=\"https:\/\/altisk-mlak.edu.hu\/wp-content\/uploads\/2024\/05\/mm7-224x300.jpg 224w, https:\/\/altisk-mlak.edu.hu\/wp-content\/uploads\/2024\/05\/mm7-766x1024.jpg 766w, https:\/\/altisk-mlak.edu.hu\/wp-content\/uploads\/2024\/05\/mm7-768x1027.jpg 768w, https:\/\/altisk-mlak.edu.hu\/wp-content\/uploads\/2024\/05\/mm7-1149x1536.jpg 1149w, https:\/\/altisk-mlak.edu.hu\/wp-content\/uploads\/2024\/05\/mm7-449x600.jpg 449w, https:\/\/altisk-mlak.edu.hu\/wp-content\/uploads\/2024\/05\/mm7.jpg 1532w\" sizes=\"(max-width: 224px) 100vw, 224px\" \/><\/td>\n<td style=\"width: 25%;\"><img loading=\"lazy\" decoding=\"async\" class=\"aligncenter size-medium wp-image-2243\" src=\"https:\/\/altisk-mlak.edu.hu\/wp-content\/uploads\/2024\/05\/m9-224x300.jpg\" alt=\"\" width=\"224\" height=\"300\" srcset=\"https:\/\/altisk-mlak.edu.hu\/wp-content\/uploads\/2024\/05\/m9-224x300.jpg 224w, https:\/\/altisk-mlak.edu.hu\/wp-content\/uploads\/2024\/05\/m9-766x1024.jpg 766w, https:\/\/altisk-mlak.edu.hu\/wp-content\/uploads\/2024\/05\/m9-768x1027.jpg 768w, https:\/\/altisk-mlak.edu.hu\/wp-content\/uploads\/2024\/05\/m9-1149x1536.jpg 1149w, https:\/\/altisk-mlak.edu.hu\/wp-content\/uploads\/2024\/05\/m9-449x600.jpg 449w, https:\/\/altisk-mlak.edu.hu\/wp-content\/uploads\/2024\/05\/m9.jpg 1532w\" sizes=\"(max-width: 224px) 100vw, 224px\" \/><\/td>\n<td style=\"width: 25%;\"><img loading=\"lazy\" decoding=\"async\" class=\"aligncenter size-medium wp-image-2242\" src=\"https:\/\/altisk-mlak.edu.hu\/wp-content\/uploads\/2024\/05\/mm10-224x300.jpg\" alt=\"\" width=\"224\" height=\"300\" srcset=\"https:\/\/altisk-mlak.edu.hu\/wp-content\/uploads\/2024\/05\/mm10-224x300.jpg 224w, https:\/\/altisk-mlak.edu.hu\/wp-content\/uploads\/2024\/05\/mm10-766x1024.jpg 766w, https:\/\/altisk-mlak.edu.hu\/wp-content\/uploads\/2024\/05\/mm10-768x1027.jpg 768w, https:\/\/altisk-mlak.edu.hu\/wp-content\/uploads\/2024\/05\/mm10-1149x1536.jpg 1149w, https:\/\/altisk-mlak.edu.hu\/wp-content\/uploads\/2024\/05\/mm10-449x600.jpg 449w, https:\/\/altisk-mlak.edu.hu\/wp-content\/uploads\/2024\/05\/mm10.jpg 1532w\" sizes=\"(max-width: 224px) 100vw, 224px\" \/><\/td>\n<\/tr>\n<\/tbody>\n<\/table>\n<p align=\"justify\"><span style=\"font-family: Arial, serif;\"><span style=\"font-size: medium;\">K\u00fcl\u00f6n gratul\u00e1lunk Nider Bal\u00e1zs els\u0151 oszt\u00e1lyos tanul\u00f3nak, aki saj\u00e1t koroszt\u00e1ly\u00e1ban \u201eA legcsinosabb \u00f3ri\u00e1s\u201d c\u00edm\u0171 mes\u00e9vel az el\u0151kel\u0151 harmadik helyez\u00e9st \u00e9rte el!<\/span><\/span><\/p>\n<p style=\"text-align: right;\" align=\"justify\"><em><span style=\"font-family: Arial, serif;\">Zak\u00f3cs Veronika<\/span><\/em><\/p>\n","protected":false},"excerpt":{"rendered":"<p>Iskol\u00e1nk m\u00e1jus 16-\u00e1n tartotta imm\u00e1r hagyom\u00e1nyosnak mondhat\u00f3 T\u00e9rs\u00e9gi Mesemond\u00f3 Verseny\u00e9t. D\u00e9lut\u00e1n j\u00f3csk\u00e1n megtelt a cs\u00f6r\u00f6tneki Kunt\u00e1r Lajos M\u0171vel\u0151d\u00e9si H\u00e1z. 33 als\u00f3s kisdi\u00e1k v\u00e1llalkozott a megm\u00e9rettet\u00e9sre, akiket tan\u00edt\u00f3 n\u00e9nik \u00e9s sz\u00fcl\u0151k k\u00eds\u00e9rtek el<a class=\"moretag\" href=\"https:\/\/altisk-mlak.edu.hu\/index.php\/tersegi-mesemondo-verseny\/\">Read More&#8230;<\/a><\/p>\n","protected":false},"author":3,"featured_media":0,"comment_status":"closed","ping_status":"closed","sticky":false,"template":"","format":"standard","meta":{"two_page_speed":[],"footnotes":""},"categories":[1],"tags":[],"class_list":["post-2241","post","type-post","status-publish","format-standard","hentry","category-egyeb"],"_links":{"self":[{"href":"https:\/\/altisk-mlak.edu.hu\/index.php\/wp-json\/wp\/v2\/posts\/2241","targetHints":{"allow":["GET"]}}],"collection":[{"href":"https:\/\/altisk-mlak.edu.hu\/index.php\/wp-json\/wp\/v2\/posts"}],"about":[{"href":"https:\/\/altisk-mlak.edu.hu\/index.php\/wp-json\/wp\/v2\/types\/post"}],"author":[{"embeddable":true,"href":"https:\/\/altisk-mlak.edu.hu\/index.php\/wp-json\/wp\/v2\/users\/3"}],"replies":[{"embeddable":true,"href":"https:\/\/altisk-mlak.edu.hu\/index.php\/wp-json\/wp\/v2\/comments?post=2241"}],"version-history":[{"count":2,"href":"https:\/\/altisk-mlak.edu.hu\/index.php\/wp-json\/wp\/v2\/posts\/2241\/revisions"}],"predecessor-version":[{"id":2254,"href":"https:\/\/altisk-mlak.edu.hu\/index.php\/wp-json\/wp\/v2\/posts\/2241\/revisions\/2254"}],"wp:attachment":[{"href":"https:\/\/altisk-mlak.edu.hu\/index.php\/wp-json\/wp\/v2\/media?parent=2241"}],"wp:term":[{"taxonomy":"category","embeddable":true,"href":"https:\/\/altisk-mlak.edu.hu\/index.php\/wp-json\/wp\/v2\/categories?post=2241"},{"taxonomy":"post_tag","embeddable":true,"href":"https:\/\/altisk-mlak.edu.hu\/index.php\/wp-json\/wp\/v2\/tags?post=2241"}],"curies":[{"name":"wp","href":"https:\/\/api.w.org\/{rel}","templated":true}]}}