{"id":2255,"date":"2024-05-27T10:02:51","date_gmt":"2024-05-27T10:02:51","guid":{"rendered":"https:\/\/altisk-mlak.edu.hu\/?p=2255"},"modified":"2024-06-11T11:11:14","modified_gmt":"2024-06-11T11:11:14","slug":"taska-nelkuli-nap-gyereknap","status":"publish","type":"post","link":"https:\/\/altisk-mlak.edu.hu\/index.php\/taska-nelkuli-nap-gyereknap\/","title":{"rendered":"T\u00e1ska n\u00e9lk\u00fcli nap &#8211; Gyereknap"},"content":{"rendered":"<p align=\"justify\">2024. m\u00e1jus 24-\u00e9n, p\u00e9nteken minden gyermek \u00e9s tan\u00e1r iskolat\u00e1ska n\u00e9lk\u00fcl \u00e9rkezett az iskol\u00e1ba. Ezt k\u00e9rte t\u0151l\u00fcnk a di\u00e1k\u00f6nkorm\u00e1nyzat, aki aznapra \u00e1tvette az iskolavezet\u00e9st\u0151l jelk\u00e9pesen az int\u00e9zm\u00e9ny kulcs\u00e1t. Aznap nem volt tan\u00edt\u00e1s, felel\u00e9s, dolgozat\u00edr\u00e1s, kompetenciam\u00e9r\u00e9s stb. csak \u00f6nfeledt sz\u00f3rakoz\u00e1s kicsiknek \u00e9s nagyoknak. Ez a nap kiemelten a gyerekeknek, a gyerekek\u00e9rt sz\u00f3lt. Kell egy nap az \u00e9v v\u00e9gi hajr\u00e1 el\u0151tt, amikor csak vid\u00e1ms\u00e1g \u00e9s \u00e9lm\u00e9ny v\u00e1r r\u00e1juk, amikor egy\u00fctt \u00fcnnepelhetnek. Nem utols\u00f3sorban ez egy remek lehet\u0151s\u00e9g az eg\u00e9sz iskolak\u00f6z\u00f6ss\u00e9g sz\u00e1m\u00e1ra, hogy min\u0151s\u00e9gi id\u0151t t\u00f6lts\u00f6n egy\u00fctt.<\/p>\n<p align=\"justify\">K\u00fcl\u00f6n \u00f6r\u00f6m volt, hogy a r\u00e1bagyarmati telephely tanul\u00f3i is vel\u00fcnk t\u00f6lt\u00f6tt\u00e9k ezt a csod\u00e1s napot. Az el\u0151rejelz\u00e9sek ellen\u00e9re sz\u00e9p id\u0151j\u00e1r\u00e1s \u00e9s remek program v\u00e1rta a di\u00e1kokat, akik sz\u00e1mos j\u00e1t\u00e9k k\u00f6z\u00fcl v\u00e1laszthattak. A l\u00e9gv\u00e1rban sokan vezett\u00e9k le mozg\u00e1sig\u00e9ny\u00fcket, de a darts foci is igen n\u00e9pszer\u0171 volt. A sport\u00e1gbemutat\u00f3k (kick-box, futball, k\u00e9zilabda, kos\u00e1rlabda, pingpong) sok \u00e9rdekl\u0151d\u0151t vonzottak a sportp\u00e1ly\u00e1ra. Izgatottan figyelt\u00fcnk \u00e9s szurkoltunk, amikor G\u00e9csek Oliv\u00e9r tan\u00e1r \u00dar is ringbe sz\u00e1llt. A vegyes korcsoport\u00fa csapatok di\u00e1km\u00e9rk\u0151z\u00e9sei a k\u00f6lcs\u00f6n\u00f6s elfogad\u00e1s \u00e9s a fair play jegy\u00e9ben zajlottak. Az aszfaltrajzalkot\u00f3k az iskola j\u00e1rd\u00e1j\u00e1ra felv\u00e1zolt\u00e1k, mi fontos sz\u00e1mukra, mi tetszik nekik a legjobban. A k\u00e9zm\u0171ves technik\u00e1kat kedvel\u0151k Farsang Adrianne n\u00e9pi iparm\u0171v\u00e9sz seg\u00edts\u00e9g\u00e9vel elsaj\u00e1t\u00edtott\u00e1k a korongoz\u00e1s \u00e9s fest\u00e9s fort\u00e9ly\u00e1t, a k\u00e9sz m\u0171veket haza is vihett\u00e9k aj\u00e1nd\u00e9kk\u00e9nt. A nap legink\u00e1bb v\u00e1rt esem\u00e9nye a divatbemutat\u00f3 volt, melyet Racker Karolina 8. oszt\u00e1lyos tanul\u00f3 \u00e1lmodott meg \u00e9s profi m\u00f3don vez\u00e9nyelt le. A r\u00e1termett modellek el\u0151sz\u00f6r egyes\u00e9vel, majd egy\u00fctt felvonulva mutatt\u00e1k be a gy\u00f6ny\u00f6r\u0171 kollekci\u00f3kat \u00e9s a 2024. tavaszi-ny\u00e1ri trendet. A zs\u0171rinek neh\u00e9z dolga volt, mert minden man\u00f6ken \u00e9s szett csodasz\u00e9p \u00e9s egyedi volt. Hosszas egyeztet\u00e9st k\u00f6vet\u0151en hirdett\u00e9k ki a verseny helyezettjeit: Als\u00f3 tagozat kateg\u00f3ria: 1. Nagy Kiara Beatrix, 2. Szab\u00f3 Amira Aur\u00f3ra, 3. Czotter Gr\u00e9ta, Csicsai Csenge, Horv\u00e1th Zita, Tak\u00e1cs Hanna Nat\u00e1lia. Fels\u0151 tagozat: 1. Racker Elizabet-J\u00f3zsi J\u00e1zmin du\u00f3. T\u00f3thn\u00e9 Tak\u00e1cs Hajnalka tan\u00e1rn\u0151 k\u00e9t csod\u00e1s alkalmi ruhakollekci\u00f3t is bemutatott, mindezt m\u0171v\u00e9szi m\u00f3don, m\u00e9lt\u00e1n \u00e9rdemelte ki a zs\u0171ri extra elismer\u00e9s\u00e9t, a Platinum-d\u00edjat. Minden r\u00e9sztvev\u0151 koron\u00e1t (arany, ez\u00fcst, bronz) \u00e9s kieg\u00e9sz\u00edt\u0151t kapott.<\/p>\n<p align=\"justify\">A sz\u00ednes \u00e9s v\u00e1ltozatos programok ut\u00e1n k\u00f6vetkezett a fens\u00e9ges eb\u00e9d: paprik\u00e1s krumpli \u00e9s kaka\u00f3s, nutell\u00e1s, valamint lekv\u00e1ros palacsinta. A t\u0171zmesteri teend\u0151ket Mesics Tibor gondok \u00dar lelkesen l\u00e1tta el. Az iskola mesters\u00e9fje M\u00e9h\u00e9sz Zolt\u00e1n tan\u00e1r \u00dar volt, akit \u00fcgyes kez\u0171 kukt\u00e1k: Petrovicsn\u00e9 Kardos Szilvia, Koz\u00f3 Ren\u00e1ta, L\u0151rincz Krisztina, Hutv\u00e1gner Ad\u00e9l, Czotter-Szukics M\u00f3nika \u00e9s profi felszolg\u00e1l\u00f3: Nagy-Braun Beatrix seg\u00edtettek. Az iskola mestercukr\u00e1sza Kov\u00e1cs Zsuzsanna tan\u00e1rn\u0151 volt, aki Ga\u00e1l M\u00f3nika tan\u00e1rn\u0151vel n\u00e9gy nagy t\u00e1ny\u00e9r palacsintatoronnyal \u00f6rvendeztette meg az \u00e9hes kis t\u00e1rsas\u00e1got. A fens\u00e9ges eb\u00e9det k\u00f6z\u00f6s fagyiz\u00e1s z\u00e1rta a JustFood Kft. j\u00f3volt\u00e1b\u00f3l. A rendezv\u00e9ny \u00f6r\u00f6mteli pillanatait Ga\u00e1l M\u00f3nika, B\u00e1lintn\u00e9 Pados Andrea \u00e9s H\u00e1kl\u00e1r Zolt\u00e1nn\u00e9 mesterfot\u00f3sok \u00f6r\u00f6k\u00edtett\u00e9k meg. A gyermekek fel\u00fcgyelet\u00e9r\u0151l Deutsch Szilvia, Zak\u00f3cs Veronika, H\u00e1rin\u00e9 D\u00fch Katalin tan\u00e1rn\u0151k gondoskodtak.<\/p>\n<p align=\"justify\">A program az el\u0151zetes tervez\u00e9s szerint d\u00e9lig tartott (volna), de a gyerekek lelkesed\u00e9se \u00e9s \u00e9rdekl\u0151d\u00e9se nem hagyott al\u00e1bb, \u00edgy eg\u00e9sz naposs\u00e1 kerekedett.<\/p>\n<p align=\"justify\">H\u00e1l\u00e1san k\u00f6sz\u00f6n\u00f6m a gyerekek \u00e9s koll\u00e9g\u00e1k nev\u00e9ben a Cs\u00f6r\u00f6tneki Roma Nemzetis\u00e9gi \u00d6nkorm\u00e1nyzat anyagi t\u00e1mogat\u00e1s\u00e1t, kiemelten Horv\u00e1th Bal\u00e1zs Eln\u00f6k \u00e9s Csal\u00e1dja \u00f6nzetlen seg\u00edts\u00e9g\u00e9t, valamint a Sz\u00fcl\u0151i Munkak\u00f6z\u00f6ss\u00e9g akt\u00edv k\u00f6zrem\u0171k\u00f6d\u00e9s\u00e9t!<\/p>\n<p style=\"text-align: right;\"><em>Mezein\u00e9 Kiss Katalin<\/em><\/p>\n","protected":false},"excerpt":{"rendered":"<p>2024. m\u00e1jus 24-\u00e9n, p\u00e9nteken minden gyermek \u00e9s tan\u00e1r iskolat\u00e1ska n\u00e9lk\u00fcl \u00e9rkezett az iskol\u00e1ba. Ezt k\u00e9rte t\u0151l\u00fcnk a di\u00e1k\u00f6nkorm\u00e1nyzat, aki aznapra \u00e1tvette az iskolavezet\u00e9st\u0151l jelk\u00e9pesen az int\u00e9zm\u00e9ny kulcs\u00e1t. Aznap nem volt tan\u00edt\u00e1s, felel\u00e9s,<a class=\"moretag\" href=\"https:\/\/altisk-mlak.edu.hu\/index.php\/taska-nelkuli-nap-gyereknap\/\">Read More&#8230;<\/a><\/p>\n","protected":false},"author":3,"featured_media":0,"comment_status":"closed","ping_status":"closed","sticky":false,"template":"","format":"standard","meta":{"two_page_speed":[],"footnotes":""},"categories":[1],"tags":[],"class_list":["post-2255","post","type-post","status-publish","format-standard","hentry","category-egyeb"],"_links":{"self":[{"href":"https:\/\/altisk-mlak.edu.hu\/index.php\/wp-json\/wp\/v2\/posts\/2255","targetHints":{"allow":["GET"]}}],"collection":[{"href":"https:\/\/altisk-mlak.edu.hu\/index.php\/wp-json\/wp\/v2\/posts"}],"about":[{"href":"https:\/\/altisk-mlak.edu.hu\/index.php\/wp-json\/wp\/v2\/types\/post"}],"author":[{"embeddable":true,"href":"https:\/\/altisk-mlak.edu.hu\/index.php\/wp-json\/wp\/v2\/users\/3"}],"replies":[{"embeddable":true,"href":"https:\/\/altisk-mlak.edu.hu\/index.php\/wp-json\/wp\/v2\/comments?post=2255"}],"version-history":[{"count":1,"href":"https:\/\/altisk-mlak.edu.hu\/index.php\/wp-json\/wp\/v2\/posts\/2255\/revisions"}],"predecessor-version":[{"id":2256,"href":"https:\/\/altisk-mlak.edu.hu\/index.php\/wp-json\/wp\/v2\/posts\/2255\/revisions\/2256"}],"wp:attachment":[{"href":"https:\/\/altisk-mlak.edu.hu\/index.php\/wp-json\/wp\/v2\/media?parent=2255"}],"wp:term":[{"taxonomy":"category","embeddable":true,"href":"https:\/\/altisk-mlak.edu.hu\/index.php\/wp-json\/wp\/v2\/categories?post=2255"},{"taxonomy":"post_tag","embeddable":true,"href":"https:\/\/altisk-mlak.edu.hu\/index.php\/wp-json\/wp\/v2\/tags?post=2255"}],"curies":[{"name":"wp","href":"https:\/\/api.w.org\/{rel}","templated":true}]}}