{"id":2276,"date":"2024-06-12T06:49:08","date_gmt":"2024-06-12T06:49:08","guid":{"rendered":"https:\/\/altisk-mlak.edu.hu\/?p=2276"},"modified":"2024-06-18T06:33:14","modified_gmt":"2024-06-18T06:33:14","slug":"sikerek-a-fenntarthatosagi-temahet-palyazatain","status":"publish","type":"post","link":"https:\/\/altisk-mlak.edu.hu\/index.php\/sikerek-a-fenntarthatosagi-temahet-palyazatain\/","title":{"rendered":"Sikerek a Fenntarthat\u00f3s\u00e1gi t\u00e9mah\u00e9t p\u00e1ly\u00e1zatain"},"content":{"rendered":"<p align=\"justify\">Iskol\u00e1nk \u00e9vek \u00f3ta eredm\u00e9nyesen szerepel a Fenntarthat\u00f3s\u00e1gi t\u00e9mah\u00e9t p\u00e1ly\u00e1zatain. Az idei tan\u00e9vben is sz\u00e9p sikerek sz\u00fclettek egy\u00e9niben \u00e9s iskolaszinten is.<\/p>\n<p align=\"justify\">Horv\u00e1th Lilla 5. oszt\u00e1lyos tanul\u00f3 orsz\u00e1gos 1. helyez\u00e9st \u00e9rt el a t\u00e9mah\u00e9t keret\u00e9ben meghirdetett \u00cdrj szabadon! irodalmi p\u00e1ly\u00e1zaton <a href=\"https:\/\/altisk-mlak.edu.hu\/index.php\/horvath-lilla-kerteszkedes\">Kert\u00e9szked\u00e9s c. alkot\u00e1s\u00e1val<\/a>. A tanul\u00f3 a kert\u00e9szked\u00e9ssel kapcsolatos \u00e9lm\u00e9nyeit fogalmazta meg m\u0171v\u00e9ben. \u00dcgyesen, r\u00edmekbe szedve h\u00edvta fel a figyelmet arra, hogy hogyan tudjuk szabadid\u0151nket term\u00e9szeti k\u00f6rnyezetben tartalmasan elt\u00f6lteni \u00fagy, hogy kikapcsol\u00f3d\u00e1s k\u00f6zben nem k\u00e1ros\u00edtjuk k\u00f6rnyezet\u00fcnket, illetve meg\u0151rizz\u00fck, \u00e9p\u00edts\u00fck saj\u00e1t testi-lelki eg\u00e9szs\u00e9g\u00fcnket. Sz\u00edvb\u0151l gratul\u00e1lunk Lill\u00e1nak \u00e9s felk\u00e9sz\u00edt\u0151j\u00e9nek, T\u00f3thn\u00e9 Tak\u00e1cs Hajnalka tan\u00e1rn\u0151nek!<\/p>\n<p align=\"justify\"><img fetchpriority=\"high\" decoding=\"async\" class=\"aligncenter size-large wp-image-2269\" src=\"https:\/\/altisk-mlak.edu.hu\/wp-content\/uploads\/2024\/06\/LEGAKTIVABB_ISKOLA-kep-1024x538.jpg\" alt=\"\" width=\"604\" height=\"317\" srcset=\"https:\/\/altisk-mlak.edu.hu\/wp-content\/uploads\/2024\/06\/LEGAKTIVABB_ISKOLA-kep-1024x538.jpg 1024w, https:\/\/altisk-mlak.edu.hu\/wp-content\/uploads\/2024\/06\/LEGAKTIVABB_ISKOLA-kep-300x158.jpg 300w, https:\/\/altisk-mlak.edu.hu\/wp-content\/uploads\/2024\/06\/LEGAKTIVABB_ISKOLA-kep-768x404.jpg 768w, https:\/\/altisk-mlak.edu.hu\/wp-content\/uploads\/2024\/06\/LEGAKTIVABB_ISKOLA-kep-1536x807.jpg 1536w, https:\/\/altisk-mlak.edu.hu\/wp-content\/uploads\/2024\/06\/LEGAKTIVABB_ISKOLA-kep-2048x1076.jpg 2048w, https:\/\/altisk-mlak.edu.hu\/wp-content\/uploads\/2024\/06\/LEGAKTIVABB_ISKOLA-kep-600x315.jpg 600w\" sizes=\"(max-width: 604px) 100vw, 604px\" \/><\/p>\n<p align=\"justify\">A Legakt\u00edvabb Iskola d\u00edjra beny\u00fajtott k\u00e9pes szakmai besz\u00e1mol\u00f3nk is elnyerte a zs\u0171ri tetsz\u00e9s\u00e9t. Orsz\u00e1gosan 10 kiemelked\u0151en akt\u00edv magyarorsz\u00e1gi iskola ker\u00fclt d\u00edjaz\u00e1sban, \u00e9s a mi kis iskol\u00e1nk ism\u00e9t -2022-ben \u00e9s 2023-ban is- k\u00f6zt\u00fck van. Iskolai aktivit\u00e1sunk 100.000 Ft iskolai alap\u00edtv\u00e1nyi t\u00e1mogat\u00e1st kapott, tev\u00e9kenys\u00e9g\u00fcnket j\u00f3gyakorlatt\u00e1 nyilv\u00e1n\u00edtott\u00e1k, melyet m\u00e1s k\u00f6znevel\u00e9si int\u00e9zm\u00e9nyek \u00e1tvehetnek.<\/p>\n<p style=\"text-align: right;\"><em>Mezein\u00e9 Kiss Katalin<\/em><\/p>\n","protected":false},"excerpt":{"rendered":"<p>Iskol\u00e1nk \u00e9vek \u00f3ta eredm\u00e9nyesen szerepel a Fenntarthat\u00f3s\u00e1gi t\u00e9mah\u00e9t p\u00e1ly\u00e1zatain. Az idei tan\u00e9vben is sz\u00e9p sikerek sz\u00fclettek egy\u00e9niben \u00e9s iskolaszinten is. Horv\u00e1th Lilla 5. oszt\u00e1lyos tanul\u00f3 orsz\u00e1gos 1. helyez\u00e9st \u00e9rt el a t\u00e9mah\u00e9t<a class=\"moretag\" href=\"https:\/\/altisk-mlak.edu.hu\/index.php\/sikerek-a-fenntarthatosagi-temahet-palyazatain\/\">Read More&#8230;<\/a><\/p>\n","protected":false},"author":3,"featured_media":0,"comment_status":"closed","ping_status":"closed","sticky":false,"template":"","format":"standard","meta":{"two_page_speed":[],"footnotes":""},"categories":[1],"tags":[],"class_list":["post-2276","post","type-post","status-publish","format-standard","hentry","category-egyeb"],"_links":{"self":[{"href":"https:\/\/altisk-mlak.edu.hu\/index.php\/wp-json\/wp\/v2\/posts\/2276","targetHints":{"allow":["GET"]}}],"collection":[{"href":"https:\/\/altisk-mlak.edu.hu\/index.php\/wp-json\/wp\/v2\/posts"}],"about":[{"href":"https:\/\/altisk-mlak.edu.hu\/index.php\/wp-json\/wp\/v2\/types\/post"}],"author":[{"embeddable":true,"href":"https:\/\/altisk-mlak.edu.hu\/index.php\/wp-json\/wp\/v2\/users\/3"}],"replies":[{"embeddable":true,"href":"https:\/\/altisk-mlak.edu.hu\/index.php\/wp-json\/wp\/v2\/comments?post=2276"}],"version-history":[{"count":3,"href":"https:\/\/altisk-mlak.edu.hu\/index.php\/wp-json\/wp\/v2\/posts\/2276\/revisions"}],"predecessor-version":[{"id":2284,"href":"https:\/\/altisk-mlak.edu.hu\/index.php\/wp-json\/wp\/v2\/posts\/2276\/revisions\/2284"}],"wp:attachment":[{"href":"https:\/\/altisk-mlak.edu.hu\/index.php\/wp-json\/wp\/v2\/media?parent=2276"}],"wp:term":[{"taxonomy":"category","embeddable":true,"href":"https:\/\/altisk-mlak.edu.hu\/index.php\/wp-json\/wp\/v2\/categories?post=2276"},{"taxonomy":"post_tag","embeddable":true,"href":"https:\/\/altisk-mlak.edu.hu\/index.php\/wp-json\/wp\/v2\/tags?post=2276"}],"curies":[{"name":"wp","href":"https:\/\/api.w.org\/{rel}","templated":true}]}}