{"id":2285,"date":"2024-06-18T06:39:03","date_gmt":"2024-06-18T06:39:03","guid":{"rendered":"https:\/\/altisk-mlak.edu.hu\/?p=2285"},"modified":"2024-06-18T07:29:29","modified_gmt":"2024-06-18T07:29:29","slug":"allati-kalandtura","status":"publish","type":"post","link":"https:\/\/altisk-mlak.edu.hu\/index.php\/allati-kalandtura\/","title":{"rendered":",,\u00c1llati kalandt\u00fara\u201d"},"content":{"rendered":"<p align=\"justify\">2024. j\u00fanius 11-\u00e9n reggel m\u00e1r f\u00e9l 8-kor \u00fatra keltek a Magyarlak-Cs\u00f6r\u00f6tnek \u00c1ltal\u00e1nos Iskola \u00e9s a R\u00e1bagyarmati \u00c1ltal\u00e1nos Iskola als\u00f3 tagozatos kisdi\u00e1kjai. A gyerekek nagy izgalommal v\u00e1rt\u00e1k az oszt\u00e1lykir\u00e1ndul\u00e1st, melynek \u00fatic\u00e9lja ez\u00fattal a Veszpr\u00e9mi \u00c1llatkert volt. K\u00e9t\u00f3r\u00e1s vid\u00e1m buszoz\u00e1st k\u00f6vet\u0151en, kiss\u00e9 t\u00fcrelmetlen\u00fcl, k\u00edv\u00e1ncsis\u00e1ggal telve v\u00e1rakoztak a gyerekek az \u00e1llatkert bej\u00e1rat\u00e1n\u00e1l, s miut\u00e1n bel\u00e9pt\u00fcnk a hatalmas ter\u00fcleten fekv\u0151 Vadaspark kapuj\u00e1n, elindult az izgalmas kalandt\u00fara. Minden oszt\u00e1ly egy\u00e9ni temp\u00f3ban, a t\u00e9rk\u00e9pen felt\u00fcntetett l\u00e1togat\u00f3helyeket bej\u00e1rva barangolt v\u00e9gig a fest\u0151i l\u00e1tv\u00e1nyt ny\u00fajt\u00f3 \u00e1llatparkon. Nagy n\u00e9pszer\u0171s\u00e9gnek \u00f6rvendett a park legnagyobb \u00e9s legl\u00e1tv\u00e1nyosabb fejleszt\u00e9se a vizes blokk, ahol kedves \u00e9s vicces pingvin- \u00e9s f\u00f3k\u00e1k hada m\u00f3k\u00e1s mutatv\u00e1nyokkal sz\u00f3rakoztatta a kis k\u00f6z\u00f6ns\u00e9g\u00e9t. Onnan m\u00e1r csak egy ugr\u00e1s volt az Elef\u00e1nt Park, melynek lak\u00f3i szint\u00e9n a gyerekek kedvenceiv\u00e9 v\u00e1ltak az els\u0151 pillanatt\u00f3l kezdve. S\u00e9t\u00e1nk sor\u00e1n nem hagyhattuk ki haz\u00e1nk egyik legszebb \u00e9s legnagyobb Afrika-szavanna kifut\u00f3j\u00e1t sem, ahol zebr\u00e1kat, impal\u00e1kat, zsir\u00e1fokat \u00e9s sz\u00e9lessz\u00e1j\u00fa orrszarv\u00facsal\u00e1dot is megcsod\u00e1lhattunk oly k\u00f6zelr\u0151l, mintha csak a szavann\u00e1kon j\u00e1rtunk volna. Utunk sor\u00e1n a szavanna szomsz\u00e9ds\u00e1g\u00e1ban gy\u00f6ny\u00f6r\u0171 parkos\u00edtott k\u00f6rnyezetbe cs\u00f6ppent\u00fcnk, ahol a Majomh\u00e1zban \u00e9s a kifut\u00f3n a gy\u0171r\u0171sfark\u00fa makik, dzselada p\u00e1vi\u00e1nok sz\u00f3rakoztattak benn\u00fcnket. A Majomh\u00e1z \u00e9s a szavanna k\u00f6rnyezett\u0151l egy vizes\u00e1rok v\u00e1lasztott el benn\u00fcnket, melynek gy\u00f6ny\u00f6r\u0171 parkos\u00edtott k\u00f6rnyezet\u00e9ben \u00f6r\u00f6mmel fedezt\u00e9k fel a gyerekek a v\u00edzben \u00faszk\u00e1l\u00f3 aranyhalakat \u00e9s a l\u00e1togat\u00f3k \u00e1ltal telep\u00edtett tekn\u0151s\u00f6ket, melyek a part menti n\u00f6v\u00e9nyzetben j\u00f3l elrejt\u0151ztek.<\/p>\n<p align=\"justify\"><img fetchpriority=\"high\" decoding=\"async\" class=\"aligncenter size-large wp-image-2286\" src=\"https:\/\/altisk-mlak.edu.hu\/wp-content\/uploads\/2024\/06\/IMG_20240615_171335-690x1024.jpg\" alt=\"\" width=\"604\" height=\"896\" srcset=\"https:\/\/altisk-mlak.edu.hu\/wp-content\/uploads\/2024\/06\/IMG_20240615_171335-690x1024.jpg 690w, https:\/\/altisk-mlak.edu.hu\/wp-content\/uploads\/2024\/06\/IMG_20240615_171335-202x300.jpg 202w, https:\/\/altisk-mlak.edu.hu\/wp-content\/uploads\/2024\/06\/IMG_20240615_171335-768x1140.jpg 768w, https:\/\/altisk-mlak.edu.hu\/wp-content\/uploads\/2024\/06\/IMG_20240615_171335-404x600.jpg 404w, https:\/\/altisk-mlak.edu.hu\/wp-content\/uploads\/2024\/06\/IMG_20240615_171335.jpg 963w\" sizes=\"(max-width: 604px) 100vw, 604px\" \/><\/p>\n<p align=\"justify\">A l\u00e1tv\u00e1nyos \u00e9s ritka \u00e1llatfajok, a Mad\u00e1rr\u00f6pte, nagymacska- \u00e9s medvekifut\u00f3, h\u00fcll\u0151h\u00e1z stb. megtekint\u00e9se mellett lehet\u0151s\u00e9g ny\u00edlt a parkban v\u00e1s\u00e1rolt etet\u0151anyag seg\u00edts\u00e9g\u00e9vel \u00e1llatsimogat\u00e1sra, l\u00e1tv\u00e1nyetet\u00e9sre is. Sok gyerek sz\u00e1m\u00e1ra \u00fajdons\u00e1g volt, \u00e9s \u00f6r\u00f6mteli \u00e9lm\u00e9nyt ny\u00fajtott az \u00e1llatok k\u00f6zels\u00e9ge, szeretetteljes simogat\u00e1sa. Az etet\u00e9s sor\u00e1n m\u00f3k\u00e1s jelenetekben is volt r\u00e9sz\u00fck, amikor a sok-sok kis l\u00e1togat\u00f3 \u00e1ltal ,,megkerg\u00fclt\u201d kecskehad hirtelen kikapta zacsk\u00f3stul a gyerekek kez\u00e9b\u0151l az eles\u00e9get. Sok-sok nevet\u00e9ssel tark\u00edtva v\u00e9gre siker\u00fclt kimenek\u00fclni a kar\u00e1mb\u00f3l, majd egy j\u00f3 hideg j\u00e9gk\u00e1s\u00e1val, finom fagylalttal h\u0171s\u00edtett\u00e9k magukat a gyerekek.<\/p>\n<p align=\"justify\"><img decoding=\"async\" class=\"aligncenter size-large wp-image-2287\" src=\"https:\/\/altisk-mlak.edu.hu\/wp-content\/uploads\/2024\/06\/IMG_20240615_171537-1024x999.jpg\" alt=\"\" width=\"604\" height=\"589\" srcset=\"https:\/\/altisk-mlak.edu.hu\/wp-content\/uploads\/2024\/06\/IMG_20240615_171537-1024x999.jpg 1024w, https:\/\/altisk-mlak.edu.hu\/wp-content\/uploads\/2024\/06\/IMG_20240615_171537-300x293.jpg 300w, https:\/\/altisk-mlak.edu.hu\/wp-content\/uploads\/2024\/06\/IMG_20240615_171537-768x749.jpg 768w, https:\/\/altisk-mlak.edu.hu\/wp-content\/uploads\/2024\/06\/IMG_20240615_171537-600x585.jpg 600w, https:\/\/altisk-mlak.edu.hu\/wp-content\/uploads\/2024\/06\/IMG_20240615_171537.jpg 1500w\" sizes=\"(max-width: 604px) 100vw, 604px\" \/><\/p>\n<p align=\"justify\">Az \u00e1llatok ny\u00fajtotta gazdag \u00e9s sz\u00ednes l\u00e1tv\u00e1ny mellett ell\u00e1togathattak tanul\u00f3ink a Din\u00f3 parkba is, ahol a f\u00f6ldt\u00f6rt\u00e9neti korok let\u0171nt \u00e9l\u0151vil\u00e1ga, 50 \u00e9letnagys\u00e1g\u00fa dinoszaurusz l\u00e1tv\u00e1nya fogadta a gyerekeket. \u00datk\u00f6zben kipr\u00f3b\u00e1lhatt\u00e1k \u00fcgyess\u00e9g\u00fcket, levezethett\u00e9k mozg\u00e1sig\u00e9ny\u00fcket a remek kikapcsol\u00f3d\u00e1st ny\u00fajt\u00f3 K\u00f6ly\u00f6kdzsungel j\u00e1tsz\u00f3h\u00e1z \u00e9s terr\u00e1rium h\u00e1zban. Itt kedv\u00fckre cs\u00faszhattak, m\u00e1szhattak, bej\u00e1rhatt\u00e1k a Lajh\u00e1r-utat, megpihenhettek a papag\u00e1j-klubban vagy lecs\u00faszhattak a fedett cs\u00faszd\u00e1kon. Az \u00e1llatkerti kalandoz\u00e1sok eml\u00e9k\u00e9re a helyi aj\u00e1nd\u00e9kboltokban az apr\u00f3 eml\u00e9kek begy\u0171jt\u00e9s\u00e9r\u0151l sem feledkeztek meg a kij\u00e1rat fel\u00e9 haladva. Izgalmas \u00e1llatkerti t\u00far\u00e1nk m\u00e9lt\u00f3 lez\u00e1r\u00e1sak\u00e9ppen pedig nem maradhatott ki az Afrika szavanna \u00e9lm\u00e9nyj\u00e1tsz\u00f3t\u00e9r kreat\u00edv \u00e9s sokoldal\u00fa j\u00e1tsz\u00f3elemeinek kipr\u00f3b\u00e1l\u00e1sa sem, mely sor\u00e1n kalandv\u00e1gy\u00f3 gyermekeink kipr\u00f3b\u00e1lhatt\u00e1k a dr\u00f3tk\u00f6t\u00e9lp\u00e1ly\u00e1n suhan\u00e1st, a szafari rep\u00fcl\u0151z\u00e9st, a szafari terepj\u00e1r\u00f3t, \u00e9lm\u00e9nyhaj\u00f3k\u00e1z\u00e1st, az ugr\u00e1l\u00f3kat, a baobab lombh\u00e1z j\u00e1tsz\u00f3elemeit.<\/p>\n<p align=\"justify\"><img decoding=\"async\" class=\"aligncenter size-large wp-image-2288\" src=\"https:\/\/altisk-mlak.edu.hu\/wp-content\/uploads\/2024\/06\/IMG_20240615_171255-805x1024.jpg\" alt=\"\" width=\"604\" height=\"768\" srcset=\"https:\/\/altisk-mlak.edu.hu\/wp-content\/uploads\/2024\/06\/IMG_20240615_171255-805x1024.jpg 805w, https:\/\/altisk-mlak.edu.hu\/wp-content\/uploads\/2024\/06\/IMG_20240615_171255-236x300.jpg 236w, https:\/\/altisk-mlak.edu.hu\/wp-content\/uploads\/2024\/06\/IMG_20240615_171255-768x977.jpg 768w, https:\/\/altisk-mlak.edu.hu\/wp-content\/uploads\/2024\/06\/IMG_20240615_171255-472x600.jpg 472w, https:\/\/altisk-mlak.edu.hu\/wp-content\/uploads\/2024\/06\/IMG_20240615_171255.jpg 1199w\" sizes=\"(max-width: 604px) 100vw, 604px\" \/><\/p>\n<p align=\"justify\">\u00c9lm\u00e9nyekkel telve, f\u00e1radtan, de boldog arccal \u00e9rkeztek haza a gyerekek az eg\u00e9sz napos \u00e1llatkerti s\u00e9ta ut\u00e1n. Ez a nap, kellemes, vid\u00e1m \u00e9s felejthetetlen kikapcsol\u00f3d\u00e1st jelentett tanul\u00f3ink sz\u00e1m\u00e1ra, mely sor\u00e1n felfedezhett\u00e9k az \u00e1llatok csod\u00e1latos vil\u00e1g\u00e1t. K\u00f6sz\u00f6nj\u00fck sz\u00e9pen az Egy\u00fctt a Gyermekek\u00e9rt K\u00f6zalap\u00edtv\u00e1ny anyagi t\u00e1mogat\u00e1s\u00e1t!<\/p>\n<p style=\"text-align: right;\" align=\"justify\"><em>B\u00e1lintn\u00e9 Pados Andrea<\/em><\/p>\n","protected":false},"excerpt":{"rendered":"<p>2024. j\u00fanius 11-\u00e9n reggel m\u00e1r f\u00e9l 8-kor \u00fatra keltek a Magyarlak-Cs\u00f6r\u00f6tnek \u00c1ltal\u00e1nos Iskola \u00e9s a R\u00e1bagyarmati \u00c1ltal\u00e1nos Iskola als\u00f3 tagozatos kisdi\u00e1kjai. A gyerekek nagy izgalommal v\u00e1rt\u00e1k az oszt\u00e1lykir\u00e1ndul\u00e1st, melynek \u00fatic\u00e9lja ez\u00fattal a<a class=\"moretag\" href=\"https:\/\/altisk-mlak.edu.hu\/index.php\/allati-kalandtura\/\">Read More&#8230;<\/a><\/p>\n","protected":false},"author":3,"featured_media":0,"comment_status":"closed","ping_status":"closed","sticky":false,"template":"","format":"standard","meta":{"two_page_speed":[],"footnotes":""},"categories":[1],"tags":[],"class_list":["post-2285","post","type-post","status-publish","format-standard","hentry","category-egyeb"],"_links":{"self":[{"href":"https:\/\/altisk-mlak.edu.hu\/index.php\/wp-json\/wp\/v2\/posts\/2285","targetHints":{"allow":["GET"]}}],"collection":[{"href":"https:\/\/altisk-mlak.edu.hu\/index.php\/wp-json\/wp\/v2\/posts"}],"about":[{"href":"https:\/\/altisk-mlak.edu.hu\/index.php\/wp-json\/wp\/v2\/types\/post"}],"author":[{"embeddable":true,"href":"https:\/\/altisk-mlak.edu.hu\/index.php\/wp-json\/wp\/v2\/users\/3"}],"replies":[{"embeddable":true,"href":"https:\/\/altisk-mlak.edu.hu\/index.php\/wp-json\/wp\/v2\/comments?post=2285"}],"version-history":[{"count":1,"href":"https:\/\/altisk-mlak.edu.hu\/index.php\/wp-json\/wp\/v2\/posts\/2285\/revisions"}],"predecessor-version":[{"id":2289,"href":"https:\/\/altisk-mlak.edu.hu\/index.php\/wp-json\/wp\/v2\/posts\/2285\/revisions\/2289"}],"wp:attachment":[{"href":"https:\/\/altisk-mlak.edu.hu\/index.php\/wp-json\/wp\/v2\/media?parent=2285"}],"wp:term":[{"taxonomy":"category","embeddable":true,"href":"https:\/\/altisk-mlak.edu.hu\/index.php\/wp-json\/wp\/v2\/categories?post=2285"},{"taxonomy":"post_tag","embeddable":true,"href":"https:\/\/altisk-mlak.edu.hu\/index.php\/wp-json\/wp\/v2\/tags?post=2285"}],"curies":[{"name":"wp","href":"https:\/\/api.w.org\/{rel}","templated":true}]}}