{"id":2290,"date":"2024-06-19T06:48:31","date_gmt":"2024-06-19T06:48:31","guid":{"rendered":"https:\/\/altisk-mlak.edu.hu\/?p=2290"},"modified":"2024-06-21T06:52:37","modified_gmt":"2024-06-21T06:52:37","slug":"bemutatkozott-az-iskola","status":"publish","type":"post","link":"https:\/\/altisk-mlak.edu.hu\/index.php\/bemutatkozott-az-iskola\/","title":{"rendered":"Bemutatkozott az iskola"},"content":{"rendered":"<h4><span style=\"font-size: large;\">Bemutatkozott az iskola &#8211; aj\u00e1nd\u00e9km\u0171sor sz\u00fcl\u0151knek, partnereknek<\/span><\/h4>\n<p align=\"justify\">J\u00fanius 13-\u00e1n iskol\u00e1nk k\u00f6z\u00f6ss\u00e9ge nagyszab\u00e1s\u00fa rendezv\u00e9nyre v\u00e1rta a sz\u00fcl\u0151ket, nagysz\u00fcl\u0151ket, partnereket \u00e9s minden \u00e9rdekl\u0151d\u0151t az iskola aul\u00e1j\u00e1ba. Megh\u00edvtuk mindazokat, akiknek k\u00f6sz\u00f6nettel tartozunk, hogy ezzel a kis m\u0171sorral fejezz\u00fck ki h\u00e1l\u00e1nkat \u00e9s szeretet\u00fcnket a tan\u00e9v sor\u00e1n ny\u00fajtott seg\u00edts\u00e9g\u00e9rt.<\/p>\n<p align=\"justify\">A tanul\u00f3k sz\u00ednes m\u0171sor keret\u00e9ben adt\u00e1k el\u0151 azokat a verseket, mes\u00e9ket, dalokat, tr\u00e9f\u00e1s jeleneteket, tornagyakorlatokat \u00e9s t\u00e1ncokat, melyeket a 2023\/2024-es tan\u00e9vben tanultak. Az est moder\u00e1tora Racker Karolina 8. oszt\u00e1lyos tanul\u00f3 volt, aki \u00f6sszek\u00f6t\u0151 sz\u00f6vegekkel \u00fcgyesen konfer\u00e1lta fel a m\u0171sorsz\u00e1mokat.<\/p>\n<p align=\"justify\">Mezein\u00e9 Kiss Katalin tagint\u00e9zm\u00e9ny-vezet\u0151 megnyit\u00f3j\u00e1ban elmondta, hogy kellenek az \u00fcnnepek, mert \u00fcnnepek n\u00e9lk\u00fcl a h\u00e9tk\u00f6znapoknak nincs \u00e9rtelme. Ha nincsenek a h\u00e9tnek \u00e9s az \u00e9letnek fordul\u00f3pontjai, ha nincs mit v\u00e1rni \u00e9s nincs mi\u00e9rt meg\u00e1llni, akkor a napok \u00f6sszefolynak, a l\u00e9lek pedig fel\u0151rl\u0151dik. Kellenek a kiv\u00e9teles napok, mert kiszakadunk a k\u00f6znapib\u00f3l, elt\u00e1volodunk a gondokb\u00f3l, \u00e9s m\u00e1s szemsz\u00f6gb\u0151l tekint\u00fcnk az \u00e9letre. Hangs\u00falyozta, hogy a versek, mes\u00e9k, dalok, t\u00e1ncok sz\u00e1rny\u00e1n k\u00f6zelebb ker\u00fcl\u00fcnk gy\u00f6kereinkhez, \u00e9s \u00f6ssze tudunk k\u00f6tni r\u00e9gi \u00e9s \u00faj id\u0151ket, gener\u00e1ci\u00f3kat, k\u00f6z\u00f6ss\u00e9geket. Az \u00fcnnepek r\u00e1ir\u00e1ny\u00edtj\u00e1k a tekinteteket arra, ami igaz\u00e1n l\u00e9nyeges, a gyermekekre, az \u00e9rt\u00e9kekre \u00e9s a c\u00e9lokra. Kiemelte, hogy az iskola alap\u00edtv\u00e1nya ebben az \u00e9vben \u00fcnnepli fenn\u00e1ll\u00e1s\u00e1nak 25. \u00e9vfordul\u00f3j\u00e1t. Megk\u00f6sz\u00f6nte Dancsecs J\u00f3zsefn\u00e9 kurat\u00f3riumi eln\u00f6k 25 \u00e9ves, lelkiismeretes munk\u00e1j\u00e1t, \u00e9s sok sikert k\u00edv\u00e1nt Kov\u00e1cs Zsuzsanna \u00faj eln\u00f6knek.<\/p>\n<p align=\"justify\"><img fetchpriority=\"high\" decoding=\"async\" class=\"aligncenter size-large wp-image-2295\" src=\"https:\/\/altisk-mlak.edu.hu\/wp-content\/uploads\/2024\/06\/IMG_20240614_070649-1024x805.jpg\" alt=\"\" width=\"604\" height=\"475\" srcset=\"https:\/\/altisk-mlak.edu.hu\/wp-content\/uploads\/2024\/06\/IMG_20240614_070649-1024x805.jpg 1024w, https:\/\/altisk-mlak.edu.hu\/wp-content\/uploads\/2024\/06\/IMG_20240614_070649-300x236.jpg 300w, https:\/\/altisk-mlak.edu.hu\/wp-content\/uploads\/2024\/06\/IMG_20240614_070649-768x604.jpg 768w, https:\/\/altisk-mlak.edu.hu\/wp-content\/uploads\/2024\/06\/IMG_20240614_070649-1536x1207.jpg 1536w, https:\/\/altisk-mlak.edu.hu\/wp-content\/uploads\/2024\/06\/IMG_20240614_070649-2048x1610.jpg 2048w, https:\/\/altisk-mlak.edu.hu\/wp-content\/uploads\/2024\/06\/IMG_20240614_070649-600x472.jpg 600w\" sizes=\"(max-width: 604px) 100vw, 604px\" \/><\/p>\n<p align=\"justify\">Az iskola \u00e9nekkara egyh\u00e1zi, ifj\u00fas\u00e1gi \u00e9nekekkel nyitotta meg a programot. A sz\u00f3rakoztat\u00f3 m\u0171sor \u00f6t r\u00e9szb\u0151l \u00e1llt. Az els\u0151 blokkban az iskol\u00e1val kapcsolatos produkci\u00f3k hangzottak el. Megtudtuk, mennyire neh\u00e9z a reggeli felkel\u00e9s, mennyire sok dolga van a hetesnek, mi mindent rejt egy iskolat\u00e1ska \u00e9s mit tegy\u00fcnk, ha becs\u00faszik egy kettes. A versek k\u00f6z\u00f6tt bepillanthattunk egy tesi- \u00e9s \u00e9nek\u00f3r\u00e1ba, valamint egy iskoladiszk\u00f3ba is. A m\u00e1sodik r\u00e9szben vid\u00e1m, term\u00e9szettel kapcsolatos dalokat, versik\u00e9ket hallhatott a k\u00f6z\u00f6ns\u00e9g. A harmadik egys\u00e9gben a n\u00e9met szakk\u00f6r\u00f6s tanul\u00f3k kedves m\u0171sorsz\u00e1ma k\u00f6vetkezett Ga\u00e1l M\u00f3nika tan\u00e1rn\u0151 akt\u00edv k\u00f6zrem\u0171k\u00f6d\u00e9s\u00e9vel. A negyedik blokkban az irodalmi sz\u00ednpad tagjai verseket \u00e9s tr\u00e9f\u00e1s jeleneteket adtak el\u0151.<\/p>\n<p align=\"justify\"><img decoding=\"async\" class=\"aligncenter size-large wp-image-2296\" src=\"https:\/\/altisk-mlak.edu.hu\/wp-content\/uploads\/2024\/06\/IMG_20240616_151024-1024x628.jpg\" alt=\"\" width=\"604\" height=\"370\" srcset=\"https:\/\/altisk-mlak.edu.hu\/wp-content\/uploads\/2024\/06\/IMG_20240616_151024-1024x628.jpg 1024w, https:\/\/altisk-mlak.edu.hu\/wp-content\/uploads\/2024\/06\/IMG_20240616_151024-300x184.jpg 300w, https:\/\/altisk-mlak.edu.hu\/wp-content\/uploads\/2024\/06\/IMG_20240616_151024-768x471.jpg 768w, https:\/\/altisk-mlak.edu.hu\/wp-content\/uploads\/2024\/06\/IMG_20240616_151024-1536x941.jpg 1536w, https:\/\/altisk-mlak.edu.hu\/wp-content\/uploads\/2024\/06\/IMG_20240616_151024-2048x1255.jpg 2048w, https:\/\/altisk-mlak.edu.hu\/wp-content\/uploads\/2024\/06\/IMG_20240616_151024-600x368.jpg 600w\" sizes=\"(max-width: 604px) 100vw, 604px\" \/><\/p>\n<p align=\"justify\">A n\u00e9pies blokkot az iskolak\u00f3rus n\u00e9pdalcsokra \u00e9s magyars\u00e1gunkat hirdet\u0151 dalai, majd az als\u00f3 tagozat t\u00e1ncos j\u00e1t\u00e9ka z\u00e1rta. Az utols\u00f3 r\u00e9szben egy\u00e9ni m\u0171sorsz\u00e1mok k\u00f6vetkeztek. Olyan tanul\u00f3k mutatkoztak be, akik valamiben, \u00e9nekl\u00e9s, vers\u00edr\u00e1s, hat\u00e1rtalan mem\u00f3ria igaz\u00e1n tehets\u00e9gesek. \u201eMinden gyermeknek van \u00e1lma, minden gyerek j\u00f3 valamiben, mindenki egyedi, k\u00fcl\u00f6nleges. K\u00fcl\u00f6nb\u00f6z\u0151ek vagyunk \u00e9s ez \u00edgy t\u00f6k\u00e9letes, \u00edgy tessz\u00fck sz\u00edness\u00e9 a vil\u00e1got.\u201d- err\u0151l \u00e9nekelt az 5. oszt\u00e1lyos Deli Aida Anna. T\u00e1ncosai J\u00f3zsi J\u00e1zmin \u00e9s Ga\u00e1l M\u00f3nika tan\u00e1rn\u0151 voltak. Az \u00edr\u00f3i v\u00e9n\u00e1val meg\u00e1ldatott Racker Elizabet saj\u00e1t vers\u00e9t adta el\u0151 \u201eHa tudn\u00e9k szeretni\u201d c\u00edmmel. Az els\u0151 oszt\u00e1lyos Nider Bal\u00e1zs \u00e9nekes mes\u00e9j\u00e9b\u0151l megtudhattuk, mit is visel a legcsinosabb \u00f3ri\u00e1s. A rendezv\u00e9ny az als\u00f3 tagozat Vak\u00e1ci\u00f3 fin\u00e1l\u00e9j\u00e1val \u00e9rt v\u00e9get.<\/p>\n<p align=\"justify\"><img decoding=\"async\" class=\"aligncenter size-full wp-image-2297\" src=\"https:\/\/altisk-mlak.edu.hu\/wp-content\/uploads\/2024\/06\/IMG_20240613_231117.jpg\" alt=\"\" width=\"796\" height=\"536\" srcset=\"https:\/\/altisk-mlak.edu.hu\/wp-content\/uploads\/2024\/06\/IMG_20240613_231117.jpg 796w, https:\/\/altisk-mlak.edu.hu\/wp-content\/uploads\/2024\/06\/IMG_20240613_231117-300x202.jpg 300w, https:\/\/altisk-mlak.edu.hu\/wp-content\/uploads\/2024\/06\/IMG_20240613_231117-768x517.jpg 768w, https:\/\/altisk-mlak.edu.hu\/wp-content\/uploads\/2024\/06\/IMG_20240613_231117-600x404.jpg 600w, https:\/\/altisk-mlak.edu.hu\/wp-content\/uploads\/2024\/06\/IMG_20240613_231117-272x182.jpg 272w\" sizes=\"(max-width: 796px) 100vw, 796px\" \/><\/p>\n<p align=\"justify\">A k\u00f6zel k\u00e9t\u00f3r\u00e1s m\u0171sor ut\u00e1n a Sz\u00fcl\u0151i Munkak\u00f6z\u00f6ss\u00e9g j\u00f3volt\u00e1b\u00f3l szeretetvend\u00e9gs\u00e9gre h\u00edvtuk a megjelenteket. Az \u00e9rdekl\u0151d\u0151k megtekinthett\u00e9k a tanul\u00f3k munk\u00e1ib\u00f3l k\u00e9sz\u00fclt ki\u00e1ll\u00edt\u00e1st is.<\/p>\n<p align=\"justify\">\u201eNagy dolgokat tenni nem tudunk, csak kicsiket, nagy szeretettel.\u201d (Ter\u00e9z anya)<\/p>\n<p style=\"text-align: right;\"><em>Mezein\u00e9 Kiss Katalin<\/em><\/p>\n<p align=\"justify\">\n","protected":false},"excerpt":{"rendered":"<p>Bemutatkozott az iskola &#8211; aj\u00e1nd\u00e9km\u0171sor sz\u00fcl\u0151knek, partnereknek J\u00fanius 13-\u00e1n iskol\u00e1nk k\u00f6z\u00f6ss\u00e9ge nagyszab\u00e1s\u00fa rendezv\u00e9nyre v\u00e1rta a sz\u00fcl\u0151ket, nagysz\u00fcl\u0151ket, partnereket \u00e9s minden \u00e9rdekl\u0151d\u0151t az iskola aul\u00e1j\u00e1ba. Megh\u00edvtuk mindazokat, akiknek k\u00f6sz\u00f6nettel tartozunk, hogy ezzel a<a class=\"moretag\" href=\"https:\/\/altisk-mlak.edu.hu\/index.php\/bemutatkozott-az-iskola\/\">Read More&#8230;<\/a><\/p>\n","protected":false},"author":3,"featured_media":0,"comment_status":"closed","ping_status":"closed","sticky":false,"template":"","format":"standard","meta":{"two_page_speed":[],"footnotes":""},"categories":[1],"tags":[],"class_list":["post-2290","post","type-post","status-publish","format-standard","hentry","category-egyeb"],"_links":{"self":[{"href":"https:\/\/altisk-mlak.edu.hu\/index.php\/wp-json\/wp\/v2\/posts\/2290","targetHints":{"allow":["GET"]}}],"collection":[{"href":"https:\/\/altisk-mlak.edu.hu\/index.php\/wp-json\/wp\/v2\/posts"}],"about":[{"href":"https:\/\/altisk-mlak.edu.hu\/index.php\/wp-json\/wp\/v2\/types\/post"}],"author":[{"embeddable":true,"href":"https:\/\/altisk-mlak.edu.hu\/index.php\/wp-json\/wp\/v2\/users\/3"}],"replies":[{"embeddable":true,"href":"https:\/\/altisk-mlak.edu.hu\/index.php\/wp-json\/wp\/v2\/comments?post=2290"}],"version-history":[{"count":2,"href":"https:\/\/altisk-mlak.edu.hu\/index.php\/wp-json\/wp\/v2\/posts\/2290\/revisions"}],"predecessor-version":[{"id":2298,"href":"https:\/\/altisk-mlak.edu.hu\/index.php\/wp-json\/wp\/v2\/posts\/2290\/revisions\/2298"}],"wp:attachment":[{"href":"https:\/\/altisk-mlak.edu.hu\/index.php\/wp-json\/wp\/v2\/media?parent=2290"}],"wp:term":[{"taxonomy":"category","embeddable":true,"href":"https:\/\/altisk-mlak.edu.hu\/index.php\/wp-json\/wp\/v2\/categories?post=2290"},{"taxonomy":"post_tag","embeddable":true,"href":"https:\/\/altisk-mlak.edu.hu\/index.php\/wp-json\/wp\/v2\/tags?post=2290"}],"curies":[{"name":"wp","href":"https:\/\/api.w.org\/{rel}","templated":true}]}}