{"id":2303,"date":"2024-06-25T07:13:31","date_gmt":"2024-06-25T07:13:31","guid":{"rendered":"https:\/\/altisk-mlak.edu.hu\/?p=2303"},"modified":"2024-06-26T07:04:55","modified_gmt":"2024-06-26T07:04:55","slug":"nyarkoszonto-fesztival","status":"publish","type":"post","link":"https:\/\/altisk-mlak.edu.hu\/index.php\/nyarkoszonto-fesztival\/","title":{"rendered":"Ny\u00e1rk\u00f6sz\u00f6nt\u0151 Fesztiv\u00e1l"},"content":{"rendered":"<p>Iskol\u00e1nk az idei \u00e9vben is r\u00e9szt vett a cs\u00f6r\u00f6tneki Ny\u00e1rk\u00f6sz\u00f6nt\u0151 R\u00e1ba-party \u00e9s Hal\u00e1szl\u00e9f\u0151z\u0151 Versenyen. D\u00e9lut\u00e1n a kultur\u00e1lis blokkban sz\u00ednpadra l\u00e9pett az iskolak\u00f3rus \u00e9s t\u00e1nccsoport is. A Deutsch Szilvia tan\u00edt\u00f3n\u0151 \u00e1ltal vezetett, Vid\u00e1m angyalok n\u00e9vre keresztelt k\u00f3rus az alkalomhoz ill\u0151 n\u00e9pdalcsokorral \u00f6rvendeztette meg a k\u00f6z\u00f6ns\u00e9get. A modern form\u00e1ci\u00f3s t\u00e1nccsoport ez\u00fattal j\u00e1t\u00e9kos n\u00e9pi koreogr\u00e1fi\u00e1t mutatott be Ozsv\u00e1ri Erika t\u00e1ncoktat\u00f3 vezet\u00e9s\u00e9vel.<\/p>\n<table style=\"border-collapse: collapse; width: 100%;\">\n<tbody>\n<tr>\n<td style=\"width: 50%;\"><img fetchpriority=\"high\" decoding=\"async\" class=\"aligncenter wp-image-2305\" src=\"https:\/\/altisk-mlak.edu.hu\/wp-content\/uploads\/2024\/06\/h6-e1719299056727-1024x651.jpg\" alt=\"\" width=\"633\" height=\"403\" srcset=\"https:\/\/altisk-mlak.edu.hu\/wp-content\/uploads\/2024\/06\/h6-e1719299056727-1024x651.jpg 1024w, https:\/\/altisk-mlak.edu.hu\/wp-content\/uploads\/2024\/06\/h6-e1719299056727-300x191.jpg 300w, https:\/\/altisk-mlak.edu.hu\/wp-content\/uploads\/2024\/06\/h6-e1719299056727-768x489.jpg 768w, https:\/\/altisk-mlak.edu.hu\/wp-content\/uploads\/2024\/06\/h6-e1719299056727-600x382.jpg 600w, https:\/\/altisk-mlak.edu.hu\/wp-content\/uploads\/2024\/06\/h6-e1719299056727.jpg 1193w\" sizes=\"(max-width: 633px) 100vw, 633px\" \/><\/td>\n<td style=\"width: 50%;\"><img decoding=\"async\" class=\"aligncenter size-large wp-image-2304\" src=\"https:\/\/altisk-mlak.edu.hu\/wp-content\/uploads\/2024\/06\/h5-1024x684.jpg\" alt=\"\" width=\"604\" height=\"403\" srcset=\"https:\/\/altisk-mlak.edu.hu\/wp-content\/uploads\/2024\/06\/h5-1024x684.jpg 1024w, https:\/\/altisk-mlak.edu.hu\/wp-content\/uploads\/2024\/06\/h5-300x200.jpg 300w, https:\/\/altisk-mlak.edu.hu\/wp-content\/uploads\/2024\/06\/h5-768x513.jpg 768w, https:\/\/altisk-mlak.edu.hu\/wp-content\/uploads\/2024\/06\/h5-1536x1027.jpg 1536w, https:\/\/altisk-mlak.edu.hu\/wp-content\/uploads\/2024\/06\/h5-600x401.jpg 600w, https:\/\/altisk-mlak.edu.hu\/wp-content\/uploads\/2024\/06\/h5-272x182.jpg 272w, https:\/\/altisk-mlak.edu.hu\/wp-content\/uploads\/2024\/06\/h5.jpg 1616w\" sizes=\"(max-width: 604px) 100vw, 604px\" \/><\/td>\n<\/tr>\n<\/tbody>\n<\/table>\n<p align=\"justify\">A Malmok nyom\u00e1ban c. alkot\u00f3i p\u00e1ly\u00e1zat d\u00edjkioszt\u00f3j\u00e1n t\u00f6bb tanul\u00f3nk \u00e9rt el sz\u00e9p sikert.<\/p>\n<p><u>Alkot\u00f3i p\u00e1ly\u00e1zat &#8211; rajz<\/u><\/p>\n<p>\u00c1ltal\u00e1nos Iskola 1-2. oszt\u00e1ly kateg\u00f3ria:<\/p>\n<ol type=\"I\">\n<li>Csicsai Csenge<\/li>\n<li>Gyurkovics Mirk\u00f3<\/li>\n<\/ol>\n<p>\u00c1ltal\u00e1nos Iskola 3-4. oszt\u00e1ly kateg\u00f3ria:<\/p>\n<ol type=\"I\">\n<li>Magyar Levente<\/li>\n<li>Mesics Oliv\u00e9r<\/li>\n<li>Tak\u00e1cs D\u00e1vid<\/li>\n<\/ol>\n<p>K\u00fcl\u00f6nd\u00edj: Horv\u00e1th Valentin<\/p>\n<p>K\u00fcl\u00f6nd\u00edj: Kov\u00e1cs R\u00e9ka Anna<\/p>\n<p><u>Alkot\u00f3i p\u00e1ly\u00e1zat &#8211; makett<\/u><\/p>\n<ol type=\"I\">\n<li>Magyarlak-Cs\u00f6r\u00f6tnek \u00c1ltal\u00e1nos Iskol\u00e1ja 6. oszt\u00e1ly csapata<\/li>\n<li>R\u00e1bagyarmati \u00c1ltal\u00e1nos Iskola Kismoln\u00e1rok csapata<\/li>\n<li>R\u00e1bagyarmati \u00c1ltal\u00e1nos Iskola Moln\u00e1rleg\u00e9nyek csapata<\/li>\n<\/ol>\n<p><a href=\"https:\/\/altisk-mlak.edu.hu\/wp-content\/uploads\/2024\/06\/h4.jpg\"><img decoding=\"async\" class=\"aligncenter size-large wp-image-2312\" src=\"https:\/\/altisk-mlak.edu.hu\/wp-content\/uploads\/2024\/06\/h4-1024x684.jpg\" alt=\"\" width=\"604\" height=\"403\" srcset=\"https:\/\/altisk-mlak.edu.hu\/wp-content\/uploads\/2024\/06\/h4-1024x684.jpg 1024w, https:\/\/altisk-mlak.edu.hu\/wp-content\/uploads\/2024\/06\/h4-300x200.jpg 300w, https:\/\/altisk-mlak.edu.hu\/wp-content\/uploads\/2024\/06\/h4-768x513.jpg 768w, https:\/\/altisk-mlak.edu.hu\/wp-content\/uploads\/2024\/06\/h4-1536x1027.jpg 1536w, https:\/\/altisk-mlak.edu.hu\/wp-content\/uploads\/2024\/06\/h4-600x401.jpg 600w, https:\/\/altisk-mlak.edu.hu\/wp-content\/uploads\/2024\/06\/h4-272x182.jpg 272w, https:\/\/altisk-mlak.edu.hu\/wp-content\/uploads\/2024\/06\/h4.jpg 1616w\" sizes=\"(max-width: 604px) 100vw, 604px\" \/><\/a><\/p>\n<p align=\"justify\">Nemcsak a tanul\u00f3k, de az alkalmazotti k\u00f6z\u00f6ss\u00e9g (tan\u00e1rok, technikai dolgoz\u00f3k) is sokat tettek a rendezv\u00e9ny siker\u00e9\u00e9rt. A Tintahalak nevet visel\u0151 csapatuk r\u00e9szt vett a hal\u00e1szl\u00e9f\u0151z\u0151 versenyen.<\/p>\n<p align=\"justify\"><a href=\"https:\/\/altisk-mlak.edu.hu\/wp-content\/uploads\/2024\/06\/h1.jpg\"><img loading=\"lazy\" decoding=\"async\" class=\"aligncenter size-large wp-image-2306\" src=\"https:\/\/altisk-mlak.edu.hu\/wp-content\/uploads\/2024\/06\/h1-1024x684.jpg\" alt=\"\" width=\"604\" height=\"403\" srcset=\"https:\/\/altisk-mlak.edu.hu\/wp-content\/uploads\/2024\/06\/h1-1024x684.jpg 1024w, https:\/\/altisk-mlak.edu.hu\/wp-content\/uploads\/2024\/06\/h1-300x200.jpg 300w, https:\/\/altisk-mlak.edu.hu\/wp-content\/uploads\/2024\/06\/h1-768x513.jpg 768w, https:\/\/altisk-mlak.edu.hu\/wp-content\/uploads\/2024\/06\/h1-1536x1027.jpg 1536w, https:\/\/altisk-mlak.edu.hu\/wp-content\/uploads\/2024\/06\/h1-600x401.jpg 600w, https:\/\/altisk-mlak.edu.hu\/wp-content\/uploads\/2024\/06\/h1-272x182.jpg 272w, https:\/\/altisk-mlak.edu.hu\/wp-content\/uploads\/2024\/06\/h1.jpg 1616w\" sizes=\"(max-width: 604px) 100vw, 604px\" \/><\/a>D\u00edjat ez alkalommal nem siker\u00fclt nyerni, de a finom \u00e9tel \u00e9s a j\u00f3 t\u00e1rsas\u00e1g k\u00e1rp\u00f3tolt mindent. Kov\u00e1cs Zsuzsanna tan\u00e1rn\u0151 \u00e9s M\u00e9h\u00e9sz Zolt\u00e1n tan\u00e1r \u00far k\u00e9zm\u0171ves foglalkoz\u00e1st tartott az \u00e9rdekl\u0151d\u0151 gyerekeknek, ahol az \u00fajrahasznos\u00edt\u00e1s elv\u00e9t szem el\u0151tt tartva egy m\u0171k\u00f6d\u0151 v\u00edzimalmot lehetett alkotni.<\/p>\n<table style=\"border-collapse: collapse; width: 100%;\">\n<tbody>\n<tr>\n<td style=\"width: 50%;\"><a href=\"https:\/\/altisk-mlak.edu.hu\/wp-content\/uploads\/2024\/06\/h2.jpg\"><img loading=\"lazy\" decoding=\"async\" class=\"aligncenter size-large wp-image-2307\" src=\"https:\/\/altisk-mlak.edu.hu\/wp-content\/uploads\/2024\/06\/h2-1024x684.jpg\" alt=\"\" width=\"604\" height=\"403\" srcset=\"https:\/\/altisk-mlak.edu.hu\/wp-content\/uploads\/2024\/06\/h2-1024x684.jpg 1024w, https:\/\/altisk-mlak.edu.hu\/wp-content\/uploads\/2024\/06\/h2-300x200.jpg 300w, https:\/\/altisk-mlak.edu.hu\/wp-content\/uploads\/2024\/06\/h2-768x513.jpg 768w, https:\/\/altisk-mlak.edu.hu\/wp-content\/uploads\/2024\/06\/h2-1536x1027.jpg 1536w, https:\/\/altisk-mlak.edu.hu\/wp-content\/uploads\/2024\/06\/h2-600x401.jpg 600w, https:\/\/altisk-mlak.edu.hu\/wp-content\/uploads\/2024\/06\/h2-272x182.jpg 272w, https:\/\/altisk-mlak.edu.hu\/wp-content\/uploads\/2024\/06\/h2.jpg 1616w\" sizes=\"(max-width: 604px) 100vw, 604px\" \/><\/a><\/td>\n<td style=\"width: 50%;\"><a href=\"https:\/\/altisk-mlak.edu.hu\/wp-content\/uploads\/2024\/06\/h3.jpg\"><img loading=\"lazy\" decoding=\"async\" class=\"aligncenter size-large wp-image-2308\" src=\"https:\/\/altisk-mlak.edu.hu\/wp-content\/uploads\/2024\/06\/h3-1024x684.jpg\" alt=\"\" width=\"604\" height=\"403\" srcset=\"https:\/\/altisk-mlak.edu.hu\/wp-content\/uploads\/2024\/06\/h3-1024x684.jpg 1024w, https:\/\/altisk-mlak.edu.hu\/wp-content\/uploads\/2024\/06\/h3-300x200.jpg 300w, https:\/\/altisk-mlak.edu.hu\/wp-content\/uploads\/2024\/06\/h3-768x513.jpg 768w, https:\/\/altisk-mlak.edu.hu\/wp-content\/uploads\/2024\/06\/h3-1536x1027.jpg 1536w, https:\/\/altisk-mlak.edu.hu\/wp-content\/uploads\/2024\/06\/h3-600x401.jpg 600w, https:\/\/altisk-mlak.edu.hu\/wp-content\/uploads\/2024\/06\/h3-272x182.jpg 272w, https:\/\/altisk-mlak.edu.hu\/wp-content\/uploads\/2024\/06\/h3.jpg 1616w\" sizes=\"(max-width: 604px) 100vw, 604px\" \/><\/a><\/td>\n<\/tr>\n<\/tbody>\n<\/table>\n<p align=\"justify\">Az esti fin\u00e1l\u00e9r\u00f3l az id\u00e9n sem hi\u00e1nyozhatott az iskolahaj\u00f3. Szorgalmas \u00e9s \u00fcgyes kezek a munk\u00e1val \u00e9s programokkal teli h\u00e9ten minden erej\u00fcket \u00e9s fant\u00e1zi\u00e1jukat mozg\u00f3s\u00edtva ism\u00e9t egy remekm\u0171vet alkottak.<\/p>\n<p align=\"justify\"><a href=\"https:\/\/altisk-mlak.edu.hu\/wp-content\/uploads\/2024\/06\/h8.jpg\"><img loading=\"lazy\" decoding=\"async\" class=\"aligncenter size-large wp-image-2309\" src=\"https:\/\/altisk-mlak.edu.hu\/wp-content\/uploads\/2024\/06\/h8-1024x768.jpg\" alt=\"\" width=\"604\" height=\"453\" srcset=\"https:\/\/altisk-mlak.edu.hu\/wp-content\/uploads\/2024\/06\/h8-1024x768.jpg 1024w, https:\/\/altisk-mlak.edu.hu\/wp-content\/uploads\/2024\/06\/h8-300x225.jpg 300w, https:\/\/altisk-mlak.edu.hu\/wp-content\/uploads\/2024\/06\/h8-768x576.jpg 768w, https:\/\/altisk-mlak.edu.hu\/wp-content\/uploads\/2024\/06\/h8-1536x1152.jpg 1536w, https:\/\/altisk-mlak.edu.hu\/wp-content\/uploads\/2024\/06\/h8-600x450.jpg 600w, https:\/\/altisk-mlak.edu.hu\/wp-content\/uploads\/2024\/06\/h8.jpg 2040w\" sizes=\"(max-width: 604px) 100vw, 604px\" \/><\/a><\/p>\n<p align=\"justify\">A haj\u00f3 a Szent Iv\u00e1n-\u00e9j jegy\u00e9ben k\u00e9sz\u00fclt. Szent Iv\u00e1n \u00e9jszak\u00e1j\u00e1t egy\u00fctt \u00fcnnepelj\u00fck Keresztel\u0151 J\u00e1nos \u00fcnnep\u00e9vel, aki a f\u00e9ny \u00e9s a vil\u00e1goss\u00e1g gy\u0151zedelm\u00e9t hirdette a s\u00f6t\u00e9ts\u00e9g felett. Keresztel\u0151 J\u00e1nos a hit embere volt, szem\u00e9lye \u00e9s munk\u00e1ss\u00e1ga j\u00f3 p\u00e9ld\u00e1ul szolg\u00e1l mindny\u00e1junknak. Megtanulhatjuk t\u0151le, hogy teljes sz\u00edvb\u0151l kell hinni az \u00dar J\u00e9zus Krisztusban \u00e9s teljes sz\u00edvvel kell szeretni embert\u00e1rsainkat. Felemel\u0151 \u00e9rz\u00e9s volt l\u00e1tni a f\u00e9nyekkel \u00e9s dekor\u00e1ci\u00f3s elemekkel (sz\u00edv, \u00e9gbolt csillagokkal \u00e9s Holddal, iskola felirattal) d\u00edsz\u00edtett haj\u00f3 vonul\u00e1s\u00e1t, mik\u00f6zben K\u00f6rmend v\u00e1ros F\u00fav\u00f3szenekara al\u00e1fest\u0151 zen\u00e9t j\u00e1tszott. \u00d6r\u00f6k \u00e9lm\u00e9ny marad ez a nap sz\u00e1munkra!<\/p>\n<p style=\"text-align: right;\"><em>Mezein\u00e9 Kiss Katalin<\/em><\/p>\n","protected":false},"excerpt":{"rendered":"<p>Iskol\u00e1nk az idei \u00e9vben is r\u00e9szt vett a cs\u00f6r\u00f6tneki Ny\u00e1rk\u00f6sz\u00f6nt\u0151 R\u00e1ba-party \u00e9s Hal\u00e1szl\u00e9f\u0151z\u0151 Versenyen. D\u00e9lut\u00e1n a kultur\u00e1lis blokkban sz\u00ednpadra l\u00e9pett az iskolak\u00f3rus \u00e9s t\u00e1nccsoport is. A Deutsch Szilvia tan\u00edt\u00f3n\u0151 \u00e1ltal vezetett, Vid\u00e1m<a class=\"moretag\" href=\"https:\/\/altisk-mlak.edu.hu\/index.php\/nyarkoszonto-fesztival\/\">Read More&#8230;<\/a><\/p>\n","protected":false},"author":3,"featured_media":0,"comment_status":"closed","ping_status":"closed","sticky":false,"template":"","format":"standard","meta":{"two_page_speed":[],"footnotes":""},"categories":[1],"tags":[],"class_list":["post-2303","post","type-post","status-publish","format-standard","hentry","category-egyeb"],"_links":{"self":[{"href":"https:\/\/altisk-mlak.edu.hu\/index.php\/wp-json\/wp\/v2\/posts\/2303","targetHints":{"allow":["GET"]}}],"collection":[{"href":"https:\/\/altisk-mlak.edu.hu\/index.php\/wp-json\/wp\/v2\/posts"}],"about":[{"href":"https:\/\/altisk-mlak.edu.hu\/index.php\/wp-json\/wp\/v2\/types\/post"}],"author":[{"embeddable":true,"href":"https:\/\/altisk-mlak.edu.hu\/index.php\/wp-json\/wp\/v2\/users\/3"}],"replies":[{"embeddable":true,"href":"https:\/\/altisk-mlak.edu.hu\/index.php\/wp-json\/wp\/v2\/comments?post=2303"}],"version-history":[{"count":3,"href":"https:\/\/altisk-mlak.edu.hu\/index.php\/wp-json\/wp\/v2\/posts\/2303\/revisions"}],"predecessor-version":[{"id":2319,"href":"https:\/\/altisk-mlak.edu.hu\/index.php\/wp-json\/wp\/v2\/posts\/2303\/revisions\/2319"}],"wp:attachment":[{"href":"https:\/\/altisk-mlak.edu.hu\/index.php\/wp-json\/wp\/v2\/media?parent=2303"}],"wp:term":[{"taxonomy":"category","embeddable":true,"href":"https:\/\/altisk-mlak.edu.hu\/index.php\/wp-json\/wp\/v2\/categories?post=2303"},{"taxonomy":"post_tag","embeddable":true,"href":"https:\/\/altisk-mlak.edu.hu\/index.php\/wp-json\/wp\/v2\/tags?post=2303"}],"curies":[{"name":"wp","href":"https:\/\/api.w.org\/{rel}","templated":true}]}}