{"id":2314,"date":"2024-06-25T07:24:17","date_gmt":"2024-06-25T07:24:17","guid":{"rendered":"https:\/\/altisk-mlak.edu.hu\/?p=2314"},"modified":"2024-06-26T07:04:43","modified_gmt":"2024-06-26T07:04:43","slug":"ballagas","status":"publish","type":"post","link":"https:\/\/altisk-mlak.edu.hu\/index.php\/ballagas\/","title":{"rendered":"Ballag\u00e1s"},"content":{"rendered":"<p>J\u00fanius 21-\u00e9n, a tan\u00e9v utols\u00f3 tan\u00edt\u00e1si napj\u00e1n ker\u00fclt sor iskol\u00e1nkban a nyolcadikasok ballag\u00e1s\u00e1ra. A hetedikesek el\u0151z\u0151 d\u00e9lut\u00e1n gy\u00f6ny\u00f6r\u0171en feld\u00edsz\u00edtett\u00e9k az iskol\u00e1t \u00e9s a v\u00e9gz\u0151s\u00f6k term\u00e9t, hogy m\u00e9g szebb\u00e9 tegy\u00e9k sz\u00e1mukra ezt a napot. 10 \u00f3rakor utolj\u00e1ra sz\u00f3lalt meg a cseng\u0151 9 di\u00e1k sz\u00e1m\u00e1ra, amely ez\u00fattal nem a tan\u00f3ra kezdet\u00e9t, hanem az \u00e1ltal\u00e1nos iskol\u00e1s \u00e9vek lez\u00e1r\u00e1s\u00e1t jelezte. A ballag\u00f3k meghat\u00f3 m\u0171sorral k\u00f6sz\u00f6ntek el tan\u00e1raikt\u00f3l, az iskola dolgoz\u00f3it\u00f3l, di\u00e1kt\u00e1rsaikt\u00f3l, az iskol\u00e1t\u00f3l.<br \/>\nMinden v\u00e9gz\u0151snek sikeres k\u00f6z\u00e9piskolai tanulm\u00e1nyokat k\u00edv\u00e1nunk!<\/p>\n<table style=\"border-collapse: collapse; width: 100%;\">\n<tbody>\n<tr>\n<td style=\"width: 50%;\"><img fetchpriority=\"high\" decoding=\"async\" class=\"aligncenter size-large wp-image-2315\" src=\"https:\/\/altisk-mlak.edu.hu\/wp-content\/uploads\/2024\/06\/FB_IMG_1719249627467-1024x832.jpg\" alt=\"\" width=\"604\" height=\"491\" srcset=\"https:\/\/altisk-mlak.edu.hu\/wp-content\/uploads\/2024\/06\/FB_IMG_1719249627467-1024x832.jpg 1024w, https:\/\/altisk-mlak.edu.hu\/wp-content\/uploads\/2024\/06\/FB_IMG_1719249627467-300x244.jpg 300w, https:\/\/altisk-mlak.edu.hu\/wp-content\/uploads\/2024\/06\/FB_IMG_1719249627467-768x624.jpg 768w, https:\/\/altisk-mlak.edu.hu\/wp-content\/uploads\/2024\/06\/FB_IMG_1719249627467-600x487.jpg 600w, https:\/\/altisk-mlak.edu.hu\/wp-content\/uploads\/2024\/06\/FB_IMG_1719249627467.jpg 1080w\" sizes=\"(max-width: 604px) 100vw, 604px\" \/><\/td>\n<td style=\"width: 50%;\"><img decoding=\"async\" class=\"aligncenter size-large wp-image-2317\" src=\"https:\/\/altisk-mlak.edu.hu\/wp-content\/uploads\/2024\/06\/FB_IMG_1719249661628-1024x850.jpg\" alt=\"\" width=\"604\" height=\"501\" srcset=\"https:\/\/altisk-mlak.edu.hu\/wp-content\/uploads\/2024\/06\/FB_IMG_1719249661628-1024x850.jpg 1024w, https:\/\/altisk-mlak.edu.hu\/wp-content\/uploads\/2024\/06\/FB_IMG_1719249661628-300x249.jpg 300w, https:\/\/altisk-mlak.edu.hu\/wp-content\/uploads\/2024\/06\/FB_IMG_1719249661628-768x637.jpg 768w, https:\/\/altisk-mlak.edu.hu\/wp-content\/uploads\/2024\/06\/FB_IMG_1719249661628-600x498.jpg 600w, https:\/\/altisk-mlak.edu.hu\/wp-content\/uploads\/2024\/06\/FB_IMG_1719249661628.jpg 1080w\" sizes=\"(max-width: 604px) 100vw, 604px\" \/><\/td>\n<\/tr>\n<\/tbody>\n<\/table>\n<p>&#8222;Ne cs\u00fcggedj, hisz ifj\u00fa vagy,<br \/>\nS minden el\u00e9rhet\u0151,<br \/>\nHa van benned b\u00e1tors\u00e1g,<br \/>\nRem\u00e9ny, s szeretni er\u0151.&#8221;<br \/>\n(Goethe)<\/p>\n<p>A ballag\u00f3 di\u00e1kok:<br \/>\nGratzl Marcell<br \/>\nHorv\u00e1th Anaszt\u00e1zia<br \/>\nHorv\u00e1th \u00c1rmin<br \/>\nHorv\u00e1th Brendon<br \/>\nHorv\u00e1th Kamilla L\u00e9na<br \/>\nKiszely B\u00e9la<br \/>\nKiszely D\u00e1vid<br \/>\nPetrovics Andr\u00e1s<br \/>\nRacker Karolina<br \/>\nOszt\u00e1lyf\u0151n\u00f6k: M\u00e9h\u00e9sz Zolt\u00e1n ( nyugd\u00edjba vonult oszt\u00e1lyf\u0151n\u00f6k: Kov\u00e1cs Attila)<\/p>\n<p><img decoding=\"async\" class=\"aligncenter size-large wp-image-2316\" src=\"https:\/\/altisk-mlak.edu.hu\/wp-content\/uploads\/2024\/06\/FB_IMG_1719249606227-1024x751.jpg\" alt=\"\" width=\"604\" height=\"443\" srcset=\"https:\/\/altisk-mlak.edu.hu\/wp-content\/uploads\/2024\/06\/FB_IMG_1719249606227-1024x751.jpg 1024w, https:\/\/altisk-mlak.edu.hu\/wp-content\/uploads\/2024\/06\/FB_IMG_1719249606227-300x220.jpg 300w, https:\/\/altisk-mlak.edu.hu\/wp-content\/uploads\/2024\/06\/FB_IMG_1719249606227-768x563.jpg 768w, https:\/\/altisk-mlak.edu.hu\/wp-content\/uploads\/2024\/06\/FB_IMG_1719249606227-600x440.jpg 600w, https:\/\/altisk-mlak.edu.hu\/wp-content\/uploads\/2024\/06\/FB_IMG_1719249606227.jpg 1080w\" sizes=\"(max-width: 604px) 100vw, 604px\" \/><\/p>\n","protected":false},"excerpt":{"rendered":"<p>J\u00fanius 21-\u00e9n, a tan\u00e9v utols\u00f3 tan\u00edt\u00e1si napj\u00e1n ker\u00fclt sor iskol\u00e1nkban a nyolcadikasok ballag\u00e1s\u00e1ra. A hetedikesek el\u0151z\u0151 d\u00e9lut\u00e1n gy\u00f6ny\u00f6r\u0171en feld\u00edsz\u00edtett\u00e9k az iskol\u00e1t \u00e9s a v\u00e9gz\u0151s\u00f6k term\u00e9t, hogy m\u00e9g szebb\u00e9 tegy\u00e9k sz\u00e1mukra ezt a<a class=\"moretag\" href=\"https:\/\/altisk-mlak.edu.hu\/index.php\/ballagas\/\">Read More&#8230;<\/a><\/p>\n","protected":false},"author":3,"featured_media":0,"comment_status":"closed","ping_status":"closed","sticky":false,"template":"","format":"standard","meta":{"two_page_speed":[],"footnotes":""},"categories":[1],"tags":[],"class_list":["post-2314","post","type-post","status-publish","format-standard","hentry","category-egyeb"],"_links":{"self":[{"href":"https:\/\/altisk-mlak.edu.hu\/index.php\/wp-json\/wp\/v2\/posts\/2314","targetHints":{"allow":["GET"]}}],"collection":[{"href":"https:\/\/altisk-mlak.edu.hu\/index.php\/wp-json\/wp\/v2\/posts"}],"about":[{"href":"https:\/\/altisk-mlak.edu.hu\/index.php\/wp-json\/wp\/v2\/types\/post"}],"author":[{"embeddable":true,"href":"https:\/\/altisk-mlak.edu.hu\/index.php\/wp-json\/wp\/v2\/users\/3"}],"replies":[{"embeddable":true,"href":"https:\/\/altisk-mlak.edu.hu\/index.php\/wp-json\/wp\/v2\/comments?post=2314"}],"version-history":[{"count":1,"href":"https:\/\/altisk-mlak.edu.hu\/index.php\/wp-json\/wp\/v2\/posts\/2314\/revisions"}],"predecessor-version":[{"id":2318,"href":"https:\/\/altisk-mlak.edu.hu\/index.php\/wp-json\/wp\/v2\/posts\/2314\/revisions\/2318"}],"wp:attachment":[{"href":"https:\/\/altisk-mlak.edu.hu\/index.php\/wp-json\/wp\/v2\/media?parent=2314"}],"wp:term":[{"taxonomy":"category","embeddable":true,"href":"https:\/\/altisk-mlak.edu.hu\/index.php\/wp-json\/wp\/v2\/categories?post=2314"},{"taxonomy":"post_tag","embeddable":true,"href":"https:\/\/altisk-mlak.edu.hu\/index.php\/wp-json\/wp\/v2\/tags?post=2314"}],"curies":[{"name":"wp","href":"https:\/\/api.w.org\/{rel}","templated":true}]}}