{"id":2320,"date":"2024-06-26T07:14:00","date_gmt":"2024-06-26T07:14:00","guid":{"rendered":"https:\/\/altisk-mlak.edu.hu\/?p=2320"},"modified":"2024-06-26T07:14:00","modified_gmt":"2024-06-26T07:14:00","slug":"tanitas-nelkuli-munkanap","status":"publish","type":"post","link":"https:\/\/altisk-mlak.edu.hu\/index.php\/tanitas-nelkuli-munkanap\/","title":{"rendered":"Tan\u00edt\u00e1s n\u00e9lk\u00fcli munkanap"},"content":{"rendered":"<p style=\"text-align: justify;\">J\u00fanius 14-\u00e9n d\u00e9lel\u0151tt \u00fcresek voltak iskol\u00e1nk emeleti tantermei. Fels\u0151s tanul\u00f3ink 11 \u00f3ra ut\u00e1n izgatottan, vid\u00e1man besz\u00e9lgetve, k\u00f6nyvek helyett \u00e9tellel, itallal megpakolt h\u00e1tizs\u00e1kokkal \u00e9rkeztek az \u00e9p\u00fcletbe. A nap programja a szeptember \u00f3ta szervezett, folyamatosan v\u00e1ltoz\u00f3 \u00fatic\u00e9l\u00fa kir\u00e1ndul\u00e1s volt. Szerett\u00fck volna meglepni a tan\u00e9v v\u00e9g\u00e9re elf\u00e1radt gyerekeket egy pihentet\u0151, sz\u00f3rakoztat\u00f3, ugyanakkor ismereteket is \u00e1tad\u00f3 utaz\u00e1ssal, ez\u00e9rt Balatonlell\u00e9n a vid\u00e1mparkot v\u00e1lasztottuk \u00fatic\u00e9lnak. \u00datk\u00f6zben meg\u00e1lltunk Zalaegerszegen \u00e9s a 293 m\u00e9ter magas Bazitai-tet\u0151n \u00e1ll\u00f3 Tv-torony 53 m\u00e9ter magass\u00e1gban l\u00e9v\u0151 k\u00f6rpanor\u00e1m\u00e1s k\u00e1v\u00e9z\u00f3j\u00e1b\u00f3l \u00e9s kil\u00e1t\u00f3terasz\u00e1r\u00f3l csod\u00e1ltuk meg a v\u00e1rost \u00e9s az erd\u0151vel bor\u00edtott zalai dombokat. Keszthelyen a Festetics-kast\u00e9ly parkj\u00e1ban s\u00e9t\u00e1lva gy\u00f6ny\u00f6rk\u00f6dt\u00fcnk a pomp\u00e1s \u00e9p\u00fcletben. Balatonbogl\u00e1ron, a lombkorona s\u00e9t\u00e1nyon 10 m\u00e9teres magass\u00e1gb\u00f3l szeml\u00e9lt\u00fck a l\u00e9legzetel\u00e1ll\u00edt\u00f3 panor\u00e1m\u00e1t, majd XX. sz\u00e1zad csod\u00e1s alkot\u00e1s\u00e1t a G\u00f6mbkil\u00e1t\u00f3t is bevett\u00fck. A kil\u00e1t\u00f3t\u00f3l n\u00e9h\u00e1ny m\u00e9terre egy \u00e9lm\u00e9nypark m\u0171k\u00f6dik, \u00edgy a kil\u00e1t\u00f3 \u00e9s a tan\u00f6sv\u00e9ny l\u00e1togat\u00e1s\u00e1t boboz\u00e1ssal z\u00e1rtuk le.<br \/>\nEkkor m\u00e1r 18 \u00f3ra volt, \u00edgy a gyerekek egyre izgatottabbak lettek, szerettek volna a kir\u00e1ndul\u00e1s v\u00e9gs\u0151 \u00fatic\u00e9lj\u00e1hoz Balatonlell\u00e9re \u00e9rni. A vid\u00e1mpark koron\u00e1zta meg az \u00e9lm\u00e9nyteli napot. N\u00e9gy \u00f3ra \u00f6nfeledt j\u00e1t\u00e9k. A kir\u00e1ndul\u00e1s el\u00e9rte c\u00e9lj\u00e1t: f\u00e1raszt\u00f3, de \u00e9lm\u00e9nyekben b\u0151velked\u0151 nap volt. Szavakn\u00e1l t\u00f6bbet mondanak a k\u00e9pek.<\/p>\n<table style=\"border-collapse: collapse; width: 100%;\">\n<tbody>\n<tr>\n<td style=\"width: 33.3333%;\"><img fetchpriority=\"high\" decoding=\"async\" class=\"aligncenter size-large wp-image-2323\" src=\"https:\/\/altisk-mlak.edu.hu\/wp-content\/uploads\/2024\/06\/FB_IMG_1719329654443-769x1024.jpg\" alt=\"\" width=\"604\" height=\"804\" srcset=\"https:\/\/altisk-mlak.edu.hu\/wp-content\/uploads\/2024\/06\/FB_IMG_1719329654443-769x1024.jpg 769w, https:\/\/altisk-mlak.edu.hu\/wp-content\/uploads\/2024\/06\/FB_IMG_1719329654443-225x300.jpg 225w, https:\/\/altisk-mlak.edu.hu\/wp-content\/uploads\/2024\/06\/FB_IMG_1719329654443-768x1024.jpg 768w, https:\/\/altisk-mlak.edu.hu\/wp-content\/uploads\/2024\/06\/FB_IMG_1719329654443-451x600.jpg 451w, https:\/\/altisk-mlak.edu.hu\/wp-content\/uploads\/2024\/06\/FB_IMG_1719329654443.jpg 1080w\" sizes=\"(max-width: 604px) 100vw, 604px\" \/><\/td>\n<td style=\"width: 33.3333%;\"><img decoding=\"async\" class=\"aligncenter size-large wp-image-2321\" src=\"https:\/\/altisk-mlak.edu.hu\/wp-content\/uploads\/2024\/06\/FB_IMG_1719329659991-1024x1013.jpg\" alt=\"\" width=\"604\" height=\"598\" srcset=\"https:\/\/altisk-mlak.edu.hu\/wp-content\/uploads\/2024\/06\/FB_IMG_1719329659991-1024x1013.jpg 1024w, https:\/\/altisk-mlak.edu.hu\/wp-content\/uploads\/2024\/06\/FB_IMG_1719329659991-300x297.jpg 300w, https:\/\/altisk-mlak.edu.hu\/wp-content\/uploads\/2024\/06\/FB_IMG_1719329659991-150x150.jpg 150w, https:\/\/altisk-mlak.edu.hu\/wp-content\/uploads\/2024\/06\/FB_IMG_1719329659991-768x759.jpg 768w, https:\/\/altisk-mlak.edu.hu\/wp-content\/uploads\/2024\/06\/FB_IMG_1719329659991-600x593.jpg 600w, https:\/\/altisk-mlak.edu.hu\/wp-content\/uploads\/2024\/06\/FB_IMG_1719329659991.jpg 1080w\" sizes=\"(max-width: 604px) 100vw, 604px\" \/><\/td>\n<td style=\"width: 33.3333%;\"><img decoding=\"async\" class=\"aligncenter size-large wp-image-2322\" src=\"https:\/\/altisk-mlak.edu.hu\/wp-content\/uploads\/2024\/06\/FB_IMG_1719329679672-761x1024.jpg\" alt=\"\" width=\"604\" height=\"813\" srcset=\"https:\/\/altisk-mlak.edu.hu\/wp-content\/uploads\/2024\/06\/FB_IMG_1719329679672-761x1024.jpg 761w, https:\/\/altisk-mlak.edu.hu\/wp-content\/uploads\/2024\/06\/FB_IMG_1719329679672-223x300.jpg 223w, https:\/\/altisk-mlak.edu.hu\/wp-content\/uploads\/2024\/06\/FB_IMG_1719329679672-768x1034.jpg 768w, https:\/\/altisk-mlak.edu.hu\/wp-content\/uploads\/2024\/06\/FB_IMG_1719329679672-446x600.jpg 446w, https:\/\/altisk-mlak.edu.hu\/wp-content\/uploads\/2024\/06\/FB_IMG_1719329679672.jpg 1080w\" sizes=\"(max-width: 604px) 100vw, 604px\" \/><\/td>\n<\/tr>\n<\/tbody>\n<\/table>\n<p style=\"text-align: right;\"><em>Kov\u00e1cs Zsuzsanna<\/em><\/p>\n","protected":false},"excerpt":{"rendered":"<p>J\u00fanius 14-\u00e9n d\u00e9lel\u0151tt \u00fcresek voltak iskol\u00e1nk emeleti tantermei. Fels\u0151s tanul\u00f3ink 11 \u00f3ra ut\u00e1n izgatottan, vid\u00e1man besz\u00e9lgetve, k\u00f6nyvek helyett \u00e9tellel, itallal megpakolt h\u00e1tizs\u00e1kokkal \u00e9rkeztek az \u00e9p\u00fcletbe. A nap programja a szeptember \u00f3ta szervezett,<a class=\"moretag\" href=\"https:\/\/altisk-mlak.edu.hu\/index.php\/tanitas-nelkuli-munkanap\/\">Read More&#8230;<\/a><\/p>\n","protected":false},"author":3,"featured_media":0,"comment_status":"closed","ping_status":"closed","sticky":false,"template":"","format":"standard","meta":{"two_page_speed":[],"footnotes":""},"categories":[1],"tags":[],"class_list":["post-2320","post","type-post","status-publish","format-standard","hentry","category-egyeb"],"_links":{"self":[{"href":"https:\/\/altisk-mlak.edu.hu\/index.php\/wp-json\/wp\/v2\/posts\/2320","targetHints":{"allow":["GET"]}}],"collection":[{"href":"https:\/\/altisk-mlak.edu.hu\/index.php\/wp-json\/wp\/v2\/posts"}],"about":[{"href":"https:\/\/altisk-mlak.edu.hu\/index.php\/wp-json\/wp\/v2\/types\/post"}],"author":[{"embeddable":true,"href":"https:\/\/altisk-mlak.edu.hu\/index.php\/wp-json\/wp\/v2\/users\/3"}],"replies":[{"embeddable":true,"href":"https:\/\/altisk-mlak.edu.hu\/index.php\/wp-json\/wp\/v2\/comments?post=2320"}],"version-history":[{"count":1,"href":"https:\/\/altisk-mlak.edu.hu\/index.php\/wp-json\/wp\/v2\/posts\/2320\/revisions"}],"predecessor-version":[{"id":2324,"href":"https:\/\/altisk-mlak.edu.hu\/index.php\/wp-json\/wp\/v2\/posts\/2320\/revisions\/2324"}],"wp:attachment":[{"href":"https:\/\/altisk-mlak.edu.hu\/index.php\/wp-json\/wp\/v2\/media?parent=2320"}],"wp:term":[{"taxonomy":"category","embeddable":true,"href":"https:\/\/altisk-mlak.edu.hu\/index.php\/wp-json\/wp\/v2\/categories?post=2320"},{"taxonomy":"post_tag","embeddable":true,"href":"https:\/\/altisk-mlak.edu.hu\/index.php\/wp-json\/wp\/v2\/tags?post=2320"}],"curies":[{"name":"wp","href":"https:\/\/api.w.org\/{rel}","templated":true}]}}