{"id":2332,"date":"2024-06-26T07:58:42","date_gmt":"2024-06-26T07:58:42","guid":{"rendered":"https:\/\/altisk-mlak.edu.hu\/?p=2332"},"modified":"2024-06-27T07:50:29","modified_gmt":"2024-06-27T07:50:29","slug":"meghivo-tabori-misere","status":"publish","type":"post","link":"https:\/\/altisk-mlak.edu.hu\/index.php\/meghivo-tabori-misere\/","title":{"rendered":"Megh\u00edv\u00f3 t\u00e1bori mis\u00e9re"},"content":{"rendered":"<p style=\"text-align: center;\">Szeretettel megh\u00edvjuk \u00d6nt \u00e9s kedves Csal\u00e1dj\u00e1t<\/p>\n<h5 style=\"text-align: center;\">2024. j\u00fanius 27. (cs\u00fct\u00f6rt\u00f6k) 17:00 \u00f3r\u00e1ra<br \/>\na magyarlaki Brenner J\u00e1nos Turista- \u00e9s Pihen\u0151h\u00e1zhoz,<\/h5>\n<p style=\"text-align: center;\">ahol <strong>Dr. Tak\u00e1cs Gyula pl\u00e9b\u00e1nos, iskolalelk\u00e9sz<\/strong><br \/>\n<strong>t\u00e1bori mis\u00e9t mutat be<\/strong><br \/>\na Magyarlak-Cs\u00f6r\u00f6tnek \u00c1ltal\u00e1nos Iskola<br \/>\nhittant\u00e1boros gyermekeinek \u00e9s a falu lak\u00f3inak.<\/p>\n<p style=\"text-align: center;\">A feljut\u00e1shoz busz ig\u00e9nybe vehet\u0151, amely 16:00 \u00f3r\u00e1t\u00f3l t\u00f6bb menetben indul a magyarlaki templom el\u0151l.<\/p>\n<p style=\"text-align: center;\">A p\u00e9ntek reggeli mise elmarad.<\/p>\n<p>A szeretetvend\u00e9gs\u00e9gre egy kist\u00e1ny\u00e9r sz\u00e1razs\u00fctem\u00e9nyt sz\u00edvesen fogadunk! Adom\u00e1nyaikat k\u00f6sz\u00f6nj\u00fck!<\/p>\n<p>A szem\u00e9lyes viszontl\u00e1t\u00e1s rem\u00e9ny\u00e9ben:<\/p>\n<table style=\"border-collapse: collapse; width: 100%;\">\n<tbody>\n<tr>\n<td style=\"width: 50%; text-align: center;\">Dr. Tak\u00e1cs Gyula<br \/>\niskolalelk\u00e9sz<\/td>\n<td style=\"width: 50%; text-align: center;\">Monek D\u00e1vid<br \/>\npolg\u00e1rmester<\/td>\n<\/tr>\n<tr>\n<td style=\"text-align: center;\" colspan=\"2\">Mezein\u00e9 Kiss Melinda<br \/>\nigazgat\u00f3<\/td>\n<\/tr>\n<\/tbody>\n<\/table>\n<h3 style=\"text-align: center;\">J\u00c9ZUS T\u00c9GED IS V\u00c1R!<\/h3>\n<p><img fetchpriority=\"high\" decoding=\"async\" class=\"aligncenter size-full wp-image-2333\" src=\"https:\/\/altisk-mlak.edu.hu\/wp-content\/uploads\/2024\/06\/Jezus_gyermekekkel.png\" alt=\"\" width=\"246\" height=\"213\" \/><\/p>\n","protected":false},"excerpt":{"rendered":"<p>Szeretettel megh\u00edvjuk \u00d6nt \u00e9s kedves Csal\u00e1dj\u00e1t 2024. j\u00fanius 27. (cs\u00fct\u00f6rt\u00f6k) 17:00 \u00f3r\u00e1ra a magyarlaki Brenner J\u00e1nos Turista- \u00e9s Pihen\u0151h\u00e1zhoz, ahol Dr. Tak\u00e1cs Gyula pl\u00e9b\u00e1nos, iskolalelk\u00e9sz t\u00e1bori mis\u00e9t mutat be a Magyarlak-Cs\u00f6r\u00f6tnek \u00c1ltal\u00e1nos<a class=\"moretag\" href=\"https:\/\/altisk-mlak.edu.hu\/index.php\/meghivo-tabori-misere\/\">Read More&#8230;<\/a><\/p>\n","protected":false},"author":3,"featured_media":0,"comment_status":"closed","ping_status":"closed","sticky":false,"template":"","format":"standard","meta":{"two_page_speed":[],"footnotes":""},"categories":[1],"tags":[],"class_list":["post-2332","post","type-post","status-publish","format-standard","hentry","category-egyeb"],"_links":{"self":[{"href":"https:\/\/altisk-mlak.edu.hu\/index.php\/wp-json\/wp\/v2\/posts\/2332","targetHints":{"allow":["GET"]}}],"collection":[{"href":"https:\/\/altisk-mlak.edu.hu\/index.php\/wp-json\/wp\/v2\/posts"}],"about":[{"href":"https:\/\/altisk-mlak.edu.hu\/index.php\/wp-json\/wp\/v2\/types\/post"}],"author":[{"embeddable":true,"href":"https:\/\/altisk-mlak.edu.hu\/index.php\/wp-json\/wp\/v2\/users\/3"}],"replies":[{"embeddable":true,"href":"https:\/\/altisk-mlak.edu.hu\/index.php\/wp-json\/wp\/v2\/comments?post=2332"}],"version-history":[{"count":1,"href":"https:\/\/altisk-mlak.edu.hu\/index.php\/wp-json\/wp\/v2\/posts\/2332\/revisions"}],"predecessor-version":[{"id":2334,"href":"https:\/\/altisk-mlak.edu.hu\/index.php\/wp-json\/wp\/v2\/posts\/2332\/revisions\/2334"}],"wp:attachment":[{"href":"https:\/\/altisk-mlak.edu.hu\/index.php\/wp-json\/wp\/v2\/media?parent=2332"}],"wp:term":[{"taxonomy":"category","embeddable":true,"href":"https:\/\/altisk-mlak.edu.hu\/index.php\/wp-json\/wp\/v2\/categories?post=2332"},{"taxonomy":"post_tag","embeddable":true,"href":"https:\/\/altisk-mlak.edu.hu\/index.php\/wp-json\/wp\/v2\/tags?post=2332"}],"curies":[{"name":"wp","href":"https:\/\/api.w.org\/{rel}","templated":true}]}}