{"id":2335,"date":"2024-06-27T07:55:53","date_gmt":"2024-06-27T07:55:53","guid":{"rendered":"https:\/\/altisk-mlak.edu.hu\/?p=2335"},"modified":"2024-07-03T07:20:24","modified_gmt":"2024-07-03T07:20:24","slug":"2023-24-es-tanev-halaado-tanevzaro-szentmiseje-es-bermalas","status":"publish","type":"post","link":"https:\/\/altisk-mlak.edu.hu\/index.php\/2023-24-es-tanev-halaado-tanevzaro-szentmiseje-es-bermalas\/","title":{"rendered":"2023\/24-es tan\u00e9v h\u00e1laad\u00f3 tan\u00e9vz\u00e1r\u00f3 szentmis\u00e9je \u00e9s b\u00e9rm\u00e1l\u00e1s"},"content":{"rendered":"<p align=\"justify\"><span style=\"font-size: large;\">Katolikus iskol\u00e1nk harmadik, 2023\/24-es tan\u00e9v\u00e9nek h\u00e1laad\u00f3 szentmis\u00e9j\u00e9re j\u00fanius 23-\u00e1n ker\u00fclt sor a magyarlaki Szent Kereszt Felmagasztal\u00e1sa templomban. Az esem\u00e9nyen a magyarlak-cs\u00f6r\u00f6tneki \u00e9s a r\u00e1bagyarmati tagint\u00e9zm\u00e9ny tanul\u00f3i egyar\u00e1nt r\u00e9szt vettek. <\/span><\/p>\n<p align=\"justify\"><span style=\"font-size: large;\">A szentmise els\u0151 fel\u00e9ben a b\u00e9rm\u00e1l\u00e1s szents\u00e9g\u00e9t szolg\u00e1ltatta ki Dr. Sz\u00e9kely J\u00e1nos p\u00fcsp\u00f6k atya 9 fiatalnak, akikkel a mise el\u0151tt elbesz\u00e9lgetett. A bevonul\u00e1s ut\u00e1n p\u00fcsp\u00f6k aty\u00e1t Frigy J\u00f3zsef akolitus k\u00f6sz\u00f6nt\u00f6tte. A szentmis\u00e9n vegyesen \u00e9nekelt\u00fcnk git\u00e1ros \u00e9s hagyom\u00e1nyos \u00e9nekeket, \u00edgy minden koroszt\u00e1ly megtal\u00e1lta a sz\u00edv\u00e9hez k\u00f6zel \u00e1ll\u00f3 dallamokat.<\/span><\/p>\n<p align=\"justify\"><img fetchpriority=\"high\" decoding=\"async\" class=\"aligncenter size-large wp-image-2338\" src=\"https:\/\/altisk-mlak.edu.hu\/wp-content\/uploads\/2024\/06\/IMG_20240623_133205-722x1024.jpg\" alt=\"\" width=\"604\" height=\"857\" srcset=\"https:\/\/altisk-mlak.edu.hu\/wp-content\/uploads\/2024\/06\/IMG_20240623_133205-722x1024.jpg 722w, https:\/\/altisk-mlak.edu.hu\/wp-content\/uploads\/2024\/06\/IMG_20240623_133205-212x300.jpg 212w, https:\/\/altisk-mlak.edu.hu\/wp-content\/uploads\/2024\/06\/IMG_20240623_133205-768x1089.jpg 768w, https:\/\/altisk-mlak.edu.hu\/wp-content\/uploads\/2024\/06\/IMG_20240623_133205-1083x1536.jpg 1083w, https:\/\/altisk-mlak.edu.hu\/wp-content\/uploads\/2024\/06\/IMG_20240623_133205-423x600.jpg 423w, https:\/\/altisk-mlak.edu.hu\/wp-content\/uploads\/2024\/06\/IMG_20240623_133205.jpg 1085w\" sizes=\"(max-width: 604px) 100vw, 604px\" \/><\/p>\n<p align=\"justify\"><span style=\"font-size: large;\">J\u00e1nos p\u00fcsp\u00f6k atya pr\u00e9dik\u00e1ci\u00f3j\u00e1ban arr\u00f3l besz\u00e9lt, hogy a T\u00edzparancsolat egyes parancsolatai konkr\u00e9tan hogyan is jelennek meg az \u00e9let\u00fcnkben, milyen m\u00f3don val\u00f3s\u00edthatjuk meg azokat a h\u00e9tk\u00f6znapjainkban. A szent\u00e1ldoz\u00e1s ut\u00e1n az egyik megb\u00e9rm\u00e1lt fiatal k\u00f6sz\u00f6nte meg Gyula aty\u00e1nak sok\u00e9ves munk\u00e1j\u00e1t, atyai gondoskod\u00e1s\u00e1t, amellyel elk\u00eds\u00e9rte \u0151ket a b\u00e9rm\u00e1lkoz\u00e1s szents\u00e9g\u00e9ig. <\/span><\/p>\n<p align=\"justify\"><img decoding=\"async\" class=\"aligncenter size-large wp-image-2337\" src=\"https:\/\/altisk-mlak.edu.hu\/wp-content\/uploads\/2024\/06\/IMG_20240623_133122-706x1024.jpg\" alt=\"\" width=\"604\" height=\"876\" srcset=\"https:\/\/altisk-mlak.edu.hu\/wp-content\/uploads\/2024\/06\/IMG_20240623_133122-706x1024.jpg 706w, https:\/\/altisk-mlak.edu.hu\/wp-content\/uploads\/2024\/06\/IMG_20240623_133122-207x300.jpg 207w, https:\/\/altisk-mlak.edu.hu\/wp-content\/uploads\/2024\/06\/IMG_20240623_133122-768x1114.jpg 768w, https:\/\/altisk-mlak.edu.hu\/wp-content\/uploads\/2024\/06\/IMG_20240623_133122-414x600.jpg 414w, https:\/\/altisk-mlak.edu.hu\/wp-content\/uploads\/2024\/06\/IMG_20240623_133122.jpg 821w\" sizes=\"(max-width: 604px) 100vw, 604px\" \/><\/p>\n<p align=\"justify\"><span style=\"font-size: large;\">Ezut\u00e1n csend\u00fcltek fel a Te Deum im\u00e1ds\u00e1g h\u00e1laad\u00f3 szavai, majd a tan\u00e9v lez\u00e1r\u00e1sak\u00e9nt Mezein\u00e9 Kiss Katalin igazgat\u00f3n\u0151 a VAK\u00c1CI\u00d3 sz\u00f3 egyes bet\u0171ivel kezd\u0151d\u0151 szavakkal (versenyek, alkalmaink, k\u00f6z\u00f6ss\u00e9g, \u00e1h\u00edtatok, c\u00e9lok, im\u00e1ds\u00e1g, \u00f3ra) eml\u00e9kezett meg a tan\u00e9v esem\u00e9nyeir\u0151l, \u00f6r\u00f6meir\u0151l, neh\u00e9zs\u00e9geir\u0151l. Ezut\u00e1n k\u00f6vetkezett a kiemelked\u0151 teljes\u00edtm\u00e9nyt ny\u00fajt\u00f3 tanul\u00f3k megjutalmaz\u00e1sa. <\/span><\/p>\n<p align=\"justify\"><img decoding=\"async\" class=\"aligncenter size-large wp-image-2336\" src=\"https:\/\/altisk-mlak.edu.hu\/wp-content\/uploads\/2024\/06\/IMG_20240623_132652-1024x787.jpg\" alt=\"\" width=\"604\" height=\"464\" srcset=\"https:\/\/altisk-mlak.edu.hu\/wp-content\/uploads\/2024\/06\/IMG_20240623_132652-1024x787.jpg 1024w, https:\/\/altisk-mlak.edu.hu\/wp-content\/uploads\/2024\/06\/IMG_20240623_132652-300x231.jpg 300w, https:\/\/altisk-mlak.edu.hu\/wp-content\/uploads\/2024\/06\/IMG_20240623_132652-768x590.jpg 768w, https:\/\/altisk-mlak.edu.hu\/wp-content\/uploads\/2024\/06\/IMG_20240623_132652-1536x1181.jpg 1536w, https:\/\/altisk-mlak.edu.hu\/wp-content\/uploads\/2024\/06\/IMG_20240623_132652-2048x1575.jpg 2048w, https:\/\/altisk-mlak.edu.hu\/wp-content\/uploads\/2024\/06\/IMG_20240623_132652-600x461.jpg 600w\" sizes=\"(max-width: 604px) 100vw, 604px\" \/><\/p>\n<p align=\"justify\"><span style=\"font-size: large;\">A szentmis\u00e9t e szavakkal z\u00e1rtuk: \u201e\u00c1ld\u00e1soddal megy\u00fcnk, megy\u00fcnk innen el\u2026\u201d \u00c9s val\u00f3ban k\u00e9rj\u00fck Istent, hogy \u00e1ld\u00e1sa k\u00eds\u00e9rjen mindny\u00e1junkat ny\u00e1ron, hogy az \u0151 sz\u00e1nd\u00e9ka szerint \u00e9s az \u0151 tetsz\u00e9s\u00e9re pihenj\u00fcnk, t\u00f6lt\u0151dj\u00fcnk fel testi \u00e9s lelki er\u0151vel ezen a ny\u00e1ron. <\/span><\/p>\n<p style=\"text-align: right;\" align=\"justify\"><em>Mezein\u00e9 Kiss Katalin<\/em><\/p>\n","protected":false},"excerpt":{"rendered":"<p>Katolikus iskol\u00e1nk harmadik, 2023\/24-es tan\u00e9v\u00e9nek h\u00e1laad\u00f3 szentmis\u00e9j\u00e9re j\u00fanius 23-\u00e1n ker\u00fclt sor a magyarlaki Szent Kereszt Felmagasztal\u00e1sa templomban. Az esem\u00e9nyen a magyarlak-cs\u00f6r\u00f6tneki \u00e9s a r\u00e1bagyarmati tagint\u00e9zm\u00e9ny tanul\u00f3i egyar\u00e1nt r\u00e9szt vettek. A szentmise els\u0151<a class=\"moretag\" href=\"https:\/\/altisk-mlak.edu.hu\/index.php\/2023-24-es-tanev-halaado-tanevzaro-szentmiseje-es-bermalas\/\">Read More&#8230;<\/a><\/p>\n","protected":false},"author":3,"featured_media":0,"comment_status":"closed","ping_status":"closed","sticky":false,"template":"","format":"standard","meta":{"two_page_speed":[],"footnotes":""},"categories":[1],"tags":[],"class_list":["post-2335","post","type-post","status-publish","format-standard","hentry","category-egyeb"],"_links":{"self":[{"href":"https:\/\/altisk-mlak.edu.hu\/index.php\/wp-json\/wp\/v2\/posts\/2335","targetHints":{"allow":["GET"]}}],"collection":[{"href":"https:\/\/altisk-mlak.edu.hu\/index.php\/wp-json\/wp\/v2\/posts"}],"about":[{"href":"https:\/\/altisk-mlak.edu.hu\/index.php\/wp-json\/wp\/v2\/types\/post"}],"author":[{"embeddable":true,"href":"https:\/\/altisk-mlak.edu.hu\/index.php\/wp-json\/wp\/v2\/users\/3"}],"replies":[{"embeddable":true,"href":"https:\/\/altisk-mlak.edu.hu\/index.php\/wp-json\/wp\/v2\/comments?post=2335"}],"version-history":[{"count":1,"href":"https:\/\/altisk-mlak.edu.hu\/index.php\/wp-json\/wp\/v2\/posts\/2335\/revisions"}],"predecessor-version":[{"id":2339,"href":"https:\/\/altisk-mlak.edu.hu\/index.php\/wp-json\/wp\/v2\/posts\/2335\/revisions\/2339"}],"wp:attachment":[{"href":"https:\/\/altisk-mlak.edu.hu\/index.php\/wp-json\/wp\/v2\/media?parent=2335"}],"wp:term":[{"taxonomy":"category","embeddable":true,"href":"https:\/\/altisk-mlak.edu.hu\/index.php\/wp-json\/wp\/v2\/categories?post=2335"},{"taxonomy":"post_tag","embeddable":true,"href":"https:\/\/altisk-mlak.edu.hu\/index.php\/wp-json\/wp\/v2\/tags?post=2335"}],"curies":[{"name":"wp","href":"https:\/\/api.w.org\/{rel}","templated":true}]}}