{"id":2341,"date":"2024-07-03T07:26:04","date_gmt":"2024-07-03T07:26:04","guid":{"rendered":"https:\/\/altisk-mlak.edu.hu\/?p=2341"},"modified":"2024-07-03T08:38:10","modified_gmt":"2024-07-03T08:38:10","slug":"kovacs-zsuzsanna-tanarno-szent-gellert-dijat-kapott","status":"publish","type":"post","link":"https:\/\/altisk-mlak.edu.hu\/index.php\/kovacs-zsuzsanna-tanarno-szent-gellert-dijat-kapott\/","title":{"rendered":"Kov\u00e1cs Zsuzsanna Tan\u00e1rn\u0151 Szent Gell\u00e9rt-d\u00edjat kapott"},"content":{"rendered":"<p align=\"justify\"><img fetchpriority=\"high\" decoding=\"async\" class=\"alignleft size-medium wp-image-2344\" src=\"https:\/\/altisk-mlak.edu.hu\/wp-content\/uploads\/2024\/07\/IMG_20240628_184640-300x225.jpg\" alt=\"\" width=\"300\" height=\"225\" srcset=\"https:\/\/altisk-mlak.edu.hu\/wp-content\/uploads\/2024\/07\/IMG_20240628_184640-300x225.jpg 300w, https:\/\/altisk-mlak.edu.hu\/wp-content\/uploads\/2024\/07\/IMG_20240628_184640-1024x768.jpg 1024w, https:\/\/altisk-mlak.edu.hu\/wp-content\/uploads\/2024\/07\/IMG_20240628_184640-768x576.jpg 768w, https:\/\/altisk-mlak.edu.hu\/wp-content\/uploads\/2024\/07\/IMG_20240628_184640-600x450.jpg 600w, https:\/\/altisk-mlak.edu.hu\/wp-content\/uploads\/2024\/07\/IMG_20240628_184640.jpg 1333w\" sizes=\"(max-width: 300px) 100vw, 300px\" \/>Kov\u00e1cs Zsuzsanna, a Magyarlak-Cs\u00f6r\u00f6tnek \u00c1ltal\u00e1nos Iskol\u00e1ja matematika-rajz-technika szakos tan\u00e1ra, munkak\u00f6z\u00f6ss\u00e9g-vezet\u0151 2024. 06. 28-\u00e1n megkapta a katolikus k\u00f6znevel\u00e9s legrangosabb elismer\u00e9s\u00e9t, a Szent Gell\u00e9rt-d\u00edj Arany fokozat\u00e1t a szombathelyi Szal\u00e9zi Szent Kvirin Templomban tartott egyh\u00e1zmegyei Te Deumon.<\/p>\n<p align=\"justify\">A Magyar Katolikus P\u00fcsp\u00f6ki Konferencia \u00e1ltal alap\u00edtott d\u00edjat Dr. Sz\u00e9kely J\u00e1nos megy\u00e9sp\u00fcsp\u00f6k \u00e9s T\u00e1las J\u00f3zsef EKIF-igazgat\u00f3 adta \u00e1t a kit\u00fcntetettnek hitvall\u00f3 \u00e9let\u00e9\u00e9rt, k\u00f6vetkezetes, kitart\u00f3, sz\u00ednvonalas nevel\u0151-oktat\u00f3 \u00e9s sz\u00e1mos \u00f6nk\u00e9ntes munk\u00e1j\u00e1\u00e9rt.<\/p>\n<p align=\"justify\">\n<p align=\"justify\"><img decoding=\"async\" class=\"size-large wp-image-2342 alignright\" src=\"https:\/\/altisk-mlak.edu.hu\/wp-content\/uploads\/2024\/07\/IMG_20240628_191243-1024x1024.jpg\" alt=\"\" width=\"604\" height=\"604\" srcset=\"https:\/\/altisk-mlak.edu.hu\/wp-content\/uploads\/2024\/07\/IMG_20240628_191243-1024x1024.jpg 1024w, https:\/\/altisk-mlak.edu.hu\/wp-content\/uploads\/2024\/07\/IMG_20240628_191243-300x300.jpg 300w, https:\/\/altisk-mlak.edu.hu\/wp-content\/uploads\/2024\/07\/IMG_20240628_191243-150x150.jpg 150w, https:\/\/altisk-mlak.edu.hu\/wp-content\/uploads\/2024\/07\/IMG_20240628_191243-768x769.jpg 768w, https:\/\/altisk-mlak.edu.hu\/wp-content\/uploads\/2024\/07\/IMG_20240628_191243-1534x1536.jpg 1534w, https:\/\/altisk-mlak.edu.hu\/wp-content\/uploads\/2024\/07\/IMG_20240628_191243-600x600.jpg 600w, https:\/\/altisk-mlak.edu.hu\/wp-content\/uploads\/2024\/07\/IMG_20240628_191243.jpg 1575w\" sizes=\"(max-width: 604px) 100vw, 604px\" \/><\/p>\n<p align=\"justify\">Kov\u00e1cs Zsuzsanna 1986-ban szerzett matematika-rajz, majd 1989-ben technika szakos tan\u00e1ri diplom\u00e1t a szombathelyi Berzsenyi D\u00e1niel Tan\u00e1rk\u00e9pz\u0151 F\u0151iskol\u00e1n. 38 \u00e9ve dolgozik els\u0151 \u00e9s egyetlen munkahely\u00e9n. Munk\u00e1j\u00e1t kimagasl\u00f3 szakmai-pedag\u00f3giai hozz\u00e1\u00e9rt\u00e9s, k\u00f6vetkezetess\u00e9g \u00e9s precizit\u00e1s jellemzi. Szer\u00e9ny, szolid magatart\u00e1sa, p\u00e9lda\u00e9rt\u00e9k\u0171 hivat\u00e1studata \u00e9s rendk\u00edv\u00fcli munkab\u00edr\u00e1sa p\u00e9lda az eg\u00e9sz tantest\u00fclet sz\u00e1m\u00e1ra. K\u00f6vetend\u0151 mint\u00e1t ad \u00f6nzetlen embers\u00e9gb\u0151l, m\u00e1sokra figyel\u00e9sb\u0151l, \u0151szintes\u00e9gb\u0151l \u00e9s becs\u00fcletess\u00e9gb\u0151l. A gyermekekkel, a sz\u00fcl\u0151kkel \u00e9s a koll\u00e9g\u00e1kkal egyar\u00e1nt j\u00f3 kapcsolatot \u00e1pol.<\/p>\n<p align=\"justify\">Fog\u00e9kony minden \u00faj ir\u00e1nt, kezdem\u00e9nyez\u0151, \u00e9s \u00e1lland\u00f3 \u00f6nk\u00e9pz\u00e9ssel igyekszik ismereteit, tud\u00e1s\u00e1t b\u0151v\u00edteni. Oszt\u00e1lyf\u0151n\u00f6kk\u00e9nt f\u00e1radhatatlan munk\u00e1val ir\u00e1ny\u00edtja a r\u00e1b\u00edzott tanul\u00f3k sors\u00e1t. K\u00fcl\u00f6n\u00f6sen elk\u00f6telezett a h\u00e1tr\u00e1nyos helyzet\u0171 \u00e9s a tanul\u00e1sban lemarad\u00f3 tanul\u00f3k fel\u00e9, ugyanakkor nagy gondot ford\u00edt a j\u00f3 k\u00e9pess\u00e9g\u0171 gyermekek tehets\u00e9ggondoz\u00e1s\u00e1ra. Figyelemmel k\u00eds\u00e9ri, seg\u00edti egykori tan\u00edtv\u00e1nyai k\u00f6z\u00e9piskolai tanulm\u00e1nyait. Kiemelked\u0151 a k\u00f6z\u00f6ss\u00e9gteremt\u0151 munk\u00e1ja. Az \u00e1ltala vezetett oszt\u00e1lyk\u00f6z\u00f6ss\u00e9geknek rendszeresen ny\u00e1ri, ottalv\u00f3s t\u00e1bort szervez saj\u00e1t forr\u00e1sb\u00f3l.<\/p>\n<p align=\"justify\">\u00dcnneps\u00e9gek, rendezv\u00e9nyek szervez\u00e9sekor mindig sz\u00e1m\u00edthatunk szaktud\u00e1s\u00e1ra, kreativit\u00e1s\u00e1ra. A pedag\u00f3gusk\u00f6z\u00f6ss\u00e9g fontos tagja, tapasztalat\u00e1val, \u00e9rt\u00e9kes \u00e9szrev\u00e9teleivel seg\u00edti a fiatalabb gener\u00e1ci\u00f3 munk\u00e1j\u00e1t.<\/p>\n<p align=\"justify\"><img decoding=\"async\" class=\"alignleft size-medium wp-image-2343\" src=\"https:\/\/altisk-mlak.edu.hu\/wp-content\/uploads\/2024\/07\/IMG_20240628_190645-285x300.jpg\" alt=\"\" width=\"285\" height=\"300\" srcset=\"https:\/\/altisk-mlak.edu.hu\/wp-content\/uploads\/2024\/07\/IMG_20240628_190645-285x300.jpg 285w, https:\/\/altisk-mlak.edu.hu\/wp-content\/uploads\/2024\/07\/IMG_20240628_190645-974x1024.jpg 974w, https:\/\/altisk-mlak.edu.hu\/wp-content\/uploads\/2024\/07\/IMG_20240628_190645-768x808.jpg 768w, https:\/\/altisk-mlak.edu.hu\/wp-content\/uploads\/2024\/07\/IMG_20240628_190645-1460x1536.jpg 1460w, https:\/\/altisk-mlak.edu.hu\/wp-content\/uploads\/2024\/07\/IMG_20240628_190645-1947x2048.jpg 1947w, https:\/\/altisk-mlak.edu.hu\/wp-content\/uploads\/2024\/07\/IMG_20240628_190645-571x600.jpg 571w\" sizes=\"(max-width: 285px) 100vw, 285px\" \/><\/p>\n<p align=\"justify\">\n<p align=\"justify\">L\u00e9nyegl\u00e1t\u00e1s\u00e1val, \u00e9les logik\u00e1j\u00e1val mindig megtal\u00e1lja a felmer\u00fcl\u0151 gondok, probl\u00e9m\u00e1k megold\u00e1s\u00e1t. H\u00e1rom \u00e9ven \u00e1t megb\u00edzott tagint\u00e9zm\u00e9ny-vezet\u0151i poz\u00edci\u00f3t t\u00f6lt\u00f6tt be, az ut\u00f3bbi id\u0151kben munkak\u00f6z\u00f6ss\u00e9g-vezet\u0151k\u00e9nt tev\u00e9kenykedik.<\/p>\n<p align=\"justify\">Kov\u00e1cs Zsuzsanna akt\u00edv tagja a helyi k\u00f6z\u00e9letnek \u00e9s a Szent Antal Karit\u00e1sz Csoportnak.<\/p>\n<p align=\"justify\">Iskol\u00e1nk k\u00f6z\u00f6ss\u00e9ge sok szeretettel gratul\u00e1l Kov\u00e1cs Zsuzsanna Tan\u00e1rn\u0151nek a rangos elismer\u00e9shez, tov\u00e1bbi tev\u00e9kenys\u00e9g\u00e9hez er\u0151t, eg\u00e9szs\u00e9get \u00e9s Isten \u00e1ld\u00e1s\u00e1t k\u00e9rj\u00fck.<\/p>\n<p style=\"text-align: right;\"><em>Mezein\u00e9 Kiss Katalin<\/em><\/p>\n<p align=\"justify\">\n","protected":false},"excerpt":{"rendered":"<p>Kov\u00e1cs Zsuzsanna, a Magyarlak-Cs\u00f6r\u00f6tnek \u00c1ltal\u00e1nos Iskol\u00e1ja matematika-rajz-technika szakos tan\u00e1ra, munkak\u00f6z\u00f6ss\u00e9g-vezet\u0151 2024. 06. 28-\u00e1n megkapta a katolikus k\u00f6znevel\u00e9s legrangosabb elismer\u00e9s\u00e9t, a Szent Gell\u00e9rt-d\u00edj Arany fokozat\u00e1t a szombathelyi Szal\u00e9zi Szent Kvirin Templomban tartott egyh\u00e1zmegyei<a class=\"moretag\" href=\"https:\/\/altisk-mlak.edu.hu\/index.php\/kovacs-zsuzsanna-tanarno-szent-gellert-dijat-kapott\/\">Read More&#8230;<\/a><\/p>\n","protected":false},"author":3,"featured_media":0,"comment_status":"closed","ping_status":"closed","sticky":false,"template":"","format":"standard","meta":{"two_page_speed":[],"footnotes":""},"categories":[1],"tags":[],"class_list":["post-2341","post","type-post","status-publish","format-standard","hentry","category-egyeb"],"_links":{"self":[{"href":"https:\/\/altisk-mlak.edu.hu\/index.php\/wp-json\/wp\/v2\/posts\/2341","targetHints":{"allow":["GET"]}}],"collection":[{"href":"https:\/\/altisk-mlak.edu.hu\/index.php\/wp-json\/wp\/v2\/posts"}],"about":[{"href":"https:\/\/altisk-mlak.edu.hu\/index.php\/wp-json\/wp\/v2\/types\/post"}],"author":[{"embeddable":true,"href":"https:\/\/altisk-mlak.edu.hu\/index.php\/wp-json\/wp\/v2\/users\/3"}],"replies":[{"embeddable":true,"href":"https:\/\/altisk-mlak.edu.hu\/index.php\/wp-json\/wp\/v2\/comments?post=2341"}],"version-history":[{"count":2,"href":"https:\/\/altisk-mlak.edu.hu\/index.php\/wp-json\/wp\/v2\/posts\/2341\/revisions"}],"predecessor-version":[{"id":2347,"href":"https:\/\/altisk-mlak.edu.hu\/index.php\/wp-json\/wp\/v2\/posts\/2341\/revisions\/2347"}],"wp:attachment":[{"href":"https:\/\/altisk-mlak.edu.hu\/index.php\/wp-json\/wp\/v2\/media?parent=2341"}],"wp:term":[{"taxonomy":"category","embeddable":true,"href":"https:\/\/altisk-mlak.edu.hu\/index.php\/wp-json\/wp\/v2\/categories?post=2341"},{"taxonomy":"post_tag","embeddable":true,"href":"https:\/\/altisk-mlak.edu.hu\/index.php\/wp-json\/wp\/v2\/tags?post=2341"}],"curies":[{"name":"wp","href":"https:\/\/api.w.org\/{rel}","templated":true}]}}