{"id":2354,"date":"2024-07-03T08:55:09","date_gmt":"2024-07-03T08:55:09","guid":{"rendered":"https:\/\/altisk-mlak.edu.hu\/?p=2354"},"modified":"2024-08-05T22:24:11","modified_gmt":"2024-08-05T22:24:11","slug":"szentek-nyomaban-hittantabor-2024","status":"publish","type":"post","link":"https:\/\/altisk-mlak.edu.hu\/index.php\/szentek-nyomaban-hittantabor-2024\/","title":{"rendered":"\u201eSzentek nyom\u00e1ban\u201d hittant\u00e1bor 2024."},"content":{"rendered":"<p align=\"justify\"><span style=\"font-size: large;\">A 2023\/24-es tan\u00e9v h\u00e1romnapos hittant\u00e1bora csaknem a tan\u00e9v szerves folytat\u00e1sa lett. 40 tanul\u00f3, az iskola tanul\u00f3inak t\u00f6bb mint fele jelentkezett a t\u00e1borba, t\u00falnyom\u00f3r\u00e9szt als\u00f3 tagozatosok \u00e9s p\u00e1ran a r\u00e1bagyarmati tagint\u00e9zm\u00e9nyb\u0151l. A n\u00e9h\u00e1ny fels\u0151 tagozatos tanul\u00f3 mellett egy k\u00f6z\u00e9piskol\u00e1s tanul\u00f3 is bek\u00e9redzkedett, aki ezzel \u00f6nk\u00e9ntes k\u00f6z\u00f6ss\u00e9gi munkak\u00f6telezetts\u00e9g\u00e9t teljes\u00edtette. <\/span><\/p>\n<p align=\"justify\"><span style=\"font-size: large;\"> A t\u00e1bor helysz\u00edne az els\u0151 \u00e9s a harmadik napon a m\u00e1r j\u00f3l bev\u00e1ltnak \u00e9s t\u00f6k\u00e9letesnek mondhat\u00f3 magyarlaki Brenner J\u00e1nos Turistah\u00e1z volt.<\/span><\/p>\n<p align=\"justify\"><img fetchpriority=\"high\" decoding=\"async\" class=\"aligncenter size-medium wp-image-2355\" src=\"https:\/\/altisk-mlak.edu.hu\/wp-content\/uploads\/2024\/07\/FB_IMG_1719724753196-300x212.jpg\" alt=\"\" width=\"300\" height=\"212\" srcset=\"https:\/\/altisk-mlak.edu.hu\/wp-content\/uploads\/2024\/07\/FB_IMG_1719724753196-300x212.jpg 300w, https:\/\/altisk-mlak.edu.hu\/wp-content\/uploads\/2024\/07\/FB_IMG_1719724753196-1024x723.jpg 1024w, https:\/\/altisk-mlak.edu.hu\/wp-content\/uploads\/2024\/07\/FB_IMG_1719724753196-768x543.jpg 768w, https:\/\/altisk-mlak.edu.hu\/wp-content\/uploads\/2024\/07\/FB_IMG_1719724753196-600x424.jpg 600w, https:\/\/altisk-mlak.edu.hu\/wp-content\/uploads\/2024\/07\/FB_IMG_1719724753196.jpg 1080w\" sizes=\"(max-width: 300px) 100vw, 300px\" \/><\/p>\n<p><span style=\"font-size: large;\"><b>1. nap<\/b><\/span><\/p>\n<p align=\"justify\"><span style=\"font-size: large;\"> A gyerekek a magyarlaki templom el\u0151tt tal\u00e1lkoztak, \u00e9s negyed\u00f3r\u00e1s gyalogl\u00e1ssal jutottak el a t\u00e1bor helysz\u00edn\u00e9re. <\/span><\/p>\n<p align=\"justify\"><span style=\"font-size: large;\"> A t\u00e1bor nyit\u00f3 im\u00e1ds\u00e1gak\u00e9nt el\u00e9nekelt\u00fck a \u201eHol szeretet \u00e9s egyet\u00e9rt\u00e9s\u2026\u201d (Ubi caritas et amor\u2026) kezdet\u0171 gregori\u00e1n \u00e9neket, amely a nagycs\u00fct\u00f6rt\u00f6ki l\u00e1bmos\u00e1s liturgi\u00e1j\u00e1nak r\u00e9sze. Ez az \u00e9nek a t\u00e1bor lelki programja is lehet, hiszen a k\u00f6z\u00f6ss\u00e9gben elt\u00f6lt\u00f6tt napok egyik f\u0151 c\u00e9lja, hogy a gyerekek megtapasztalj\u00e1k, hogy szeretetben kell egy\u00fctt haladnunk a szentt\u00e9 v\u00e1l\u00e1s \u00fatj\u00e1n. <\/span><\/p>\n<p align=\"justify\"><img decoding=\"async\" class=\"aligncenter size-medium wp-image-2356\" src=\"https:\/\/altisk-mlak.edu.hu\/wp-content\/uploads\/2024\/07\/FB_IMG_1719724727077-272x300.jpg\" alt=\"\" width=\"272\" height=\"300\" srcset=\"https:\/\/altisk-mlak.edu.hu\/wp-content\/uploads\/2024\/07\/FB_IMG_1719724727077-272x300.jpg 272w, https:\/\/altisk-mlak.edu.hu\/wp-content\/uploads\/2024\/07\/FB_IMG_1719724727077-929x1024.jpg 929w, https:\/\/altisk-mlak.edu.hu\/wp-content\/uploads\/2024\/07\/FB_IMG_1719724727077-768x846.jpg 768w, https:\/\/altisk-mlak.edu.hu\/wp-content\/uploads\/2024\/07\/FB_IMG_1719724727077-545x600.jpg 545w, https:\/\/altisk-mlak.edu.hu\/wp-content\/uploads\/2024\/07\/FB_IMG_1719724727077.jpg 1080w\" sizes=\"(max-width: 272px) 100vw, 272px\" \/><\/p>\n<p align=\"justify\"><span style=\"font-size: large;\">A t\u00e1bornyit\u00f3 szentmis\u00e9nek Gyula atya a Mindenszentek napi szentmis\u00e9t v\u00e1lasztotta, hogy az olvasm\u00e1nyok, az evang\u00e9lium, a k\u00f6ny\u00f6rg\u00e9sek, im\u00e1ds\u00e1gok \u00e9s \u00e9nekek r\u00e1hangoljanak benn\u00fcnket a t\u00e1bor t\u00e9m\u00e1j\u00e1ra, a szentt\u00e9 v\u00e1l\u00e1sra. A hatalmas s\u00e1tor alatt, a reggeli \u00fcd\u00edt\u0151en friss leveg\u0151ben k\u00f6rbe\u00fclt\u00fck a t\u00e1bori olt\u00e1rt, ahol kicsik \u00e9s nagyok lelkesen \u00e9nekelt\u00e9k a karizmatikus \u00e9nekeket: Ne f\u00e9lj, mert megv\u00e1ltottalak\u2026, T\u00fczed, Uram, J\u00e9zus, sz\u00edtsd a sz\u00edvemben\u2026 \u00e9s \u00c9letem csak kegyelem\u2026 Ezek az \u00e9nekelt im\u00e1ds\u00e1gok mind arr\u00f3l sz\u00f3lnak, hogy az \u00e9let\u00fcnket hogyan adhatjuk \u00e1t Istennek, hogy \u0151 szentt\u00e9 tegyen minket. <\/span><\/p>\n<p align=\"justify\"><span style=\"font-size: large;\">A szentmise ut\u00e1n 10 \u00f3rakor szinte m\u00e9g meleg, frissen s\u00fclt kaka\u00f3s csig\u00e1t kaptunk t\u00edz\u00f3raira. Ezut\u00e1n f\u00e9l \u00f3ra szabad j\u00e1t\u00e9k \u2013 \u00f6sszn\u00e9pi b\u00faj\u00f3cska-fog\u00f3cska \u2013 k\u00f6vetkezett, n\u00e9mi lejt\u0151n lehemperg\u0151dz\u00e9ssel tark\u00edtva. <\/span><\/p>\n<p align=\"justify\"><span style=\"font-size: large;\">Mikor m\u00e1r mindenkir\u0151l szakadt az izzadts\u00e1g, \u00e9s j\u00f3l esett pihegni egy kicsit a s\u00e1tor \u00e1rny\u00e9k\u00e1ban, Gyula atya elmondta tan\u00edt\u00e1s\u00e1t a szentt\u00e9 v\u00e1l\u00e1sr\u00f3l. Felid\u00e9zte a n\u00e9h\u00e1ny nappal ezel\u0151tti esem\u00e9nyt, a nyolcadikosok ballag\u00e1s\u00e1t, amikor az iskola \u00fcnnepl\u0151be \u00f6lt\u00f6z\u00f6tt, vir\u00e1gf\u00fcz\u00e9rek d\u00edsz\u00edtett\u00e9k a korl\u00e1tokat, oszt\u00e1lyokat, a ballag\u00f3k feh\u00e9r ingben, csinos csokornyakkend\u0151ben \u00e9nekelve vonultak v\u00e9gig az iskol\u00e1n, ahov\u00e1 el\u0151tte nyolc \u00e9vig nap mint nap j\u00e1rtak tanulni, dolgozni, tud\u00e1sukr\u00f3l sz\u00e1mot adni. Gyula atya arr\u00f3l besz\u00e9lt, hogy a szents\u00e9g olyan, mint amikor a h\u00e9tk\u00f6znapi sz\u00fcrke dolgok valami csod\u00e1latos \u00fcnnepi f\u00e9nyt kapnak, \u00e9s m\u00e1r szinte nem is ismer\u00fcnk r\u00e1juk, annyira megv\u00e1ltoznak. Ezt az \u00fcnnepi f\u00e9nyt Isten adja nekik. Ez a f\u00e9ny a mennyorsz\u00e1g f\u00e9nye, ami m\u00e1r az \u00e9let\u00fcnkben is megjelenhet. Ezut\u00e1n, mintegy szeml\u00e9ltetve Gyula atya tan\u00edt\u00e1s\u00e1t a gyerekek megismerkedtek Carlo Acutis \u00e9let\u00e9vel, aki \u00e9let\u00e9nek r\u00f6vid 15 \u00e9ve alatt v\u00e1lt szentt\u00e9. <\/span><\/p>\n<p align=\"justify\"><span style=\"font-size: large;\">Ezut\u00e1n megint szabad j\u00e1t\u00e9k k\u00f6vetkezett. Folytat\u00f3dott a b\u00faj\u00f3cska-fog\u00f3cska, el\u0151ker\u00fcltek a k\u00fcl\u00f6nf\u00e9le kirak\u00f3k, t\u00e1rsasj\u00e1t\u00e9kok, k\u00e1rty\u00e1k. Oliv\u00e9r tan\u00e1r \u00far \u00e9s Zoli b\u00e1csi be\u00e1llt a fi\u00fakkal focizni, amire m\u00e1r nincs is sz\u00f3, amihez m\u00e9rten a foci EB igaz\u00e1n semmi. <\/span><\/p>\n<p align=\"justify\"><span style=\"font-size: large;\">Az eb\u00e9did\u0151 k\u00f6zeledt\u00e9t jelezte az egyre gyakoribb s\u00f3haj: \u00c9hes vagyok! 12 \u00f3rakor megj\u00f6tt az iskolai kisbusszal az eb\u00e9d: gy\u00fcm\u00f6lcsleves \u00e9s tarhony\u00e1s h\u00fas. \u00d6t percen bel\u00fcl mindenki a hely\u00e9n \u00fclt a turistah\u00e1z \u00e1rnyas terasz\u00e1n, az \u00e9tkez\u00e9si im\u00e1ra sem kellett k\u00e9tszer buzd\u00edtani. <\/span><\/p>\n<p align=\"justify\"><img decoding=\"async\" class=\"aligncenter size-medium wp-image-2357\" src=\"https:\/\/altisk-mlak.edu.hu\/wp-content\/uploads\/2024\/07\/FB_IMG_1719725031433-300x240.jpg\" alt=\"\" width=\"300\" height=\"240\" srcset=\"https:\/\/altisk-mlak.edu.hu\/wp-content\/uploads\/2024\/07\/FB_IMG_1719725031433-300x240.jpg 300w, https:\/\/altisk-mlak.edu.hu\/wp-content\/uploads\/2024\/07\/FB_IMG_1719725031433-768x614.jpg 768w, https:\/\/altisk-mlak.edu.hu\/wp-content\/uploads\/2024\/07\/FB_IMG_1719725031433-600x479.jpg 600w, https:\/\/altisk-mlak.edu.hu\/wp-content\/uploads\/2024\/07\/FB_IMG_1719725031433.jpg 960w\" sizes=\"(max-width: 300px) 100vw, 300px\" \/><\/p>\n<p align=\"justify\"><span style=\"font-size: large;\">Az eb\u00e9d ut\u00e1ni csendes pihen\u0151b\u0151l szabad j\u00e1t\u00e9kid\u0151 lett, a megkezdett partikat kellett folytatni, legfeljebb a j\u00e1t\u00e9kosok cser\u00e9l\u0151dtek egy-egy j\u00e1t\u00e9kn\u00e1l. <\/span><\/p>\n<p align=\"justify\"><span style=\"font-size: large;\">D\u00e9lut\u00e1n 3 \u00f3rakor szeml\u00e9l\u0151d\u0151 imagyakorlatot v\u00e9gezt\u00fcnk. Ez nem volt \u00fajdons\u00e1g a gyerekek t\u00f6bbs\u00e9ge sz\u00e1m\u00e1ra, mert a tavalyi t\u00e1borban m\u00e1r belek\u00f3stoltunk az elcsendesed\u00e9sbe, a bels\u0151 im\u00e1ba. A gyerekek t\u00falnyom\u00f3 t\u00f6bbs\u00e9ge p\u00e9ldamutat\u00f3 nyitotts\u00e1ggal \u00e9s elfogad\u00e1ssal fogadta a sz\u00e1mukra szokatlan elcsendesed\u00e9si gyakorlatot, \u00e9s k\u00e9tszer 10 percig kitartottak a bels\u0151 figyelemben. Pedig k\u00f6zben meg\u00e9rkezett egy aut\u00f3, Zoli b\u00e1csi \u00e9s Oliv\u00e9r tan\u00e1r \u00far elkezdt\u00e9k behordani a sportvet\u00e9lked\u0151h\u00f6z sz\u00fcks\u00e9ges eszk\u00f6z\u00f6ket, \u00e9s m\u00e9gis\u2026 A t\u00f6bbs\u00e9g nem hagyta mag\u00e1t megzavarni, nem nyitotta ki a szem\u00e9t, \u00e9s meg tudott maradni a bels\u0151 figyelemben. <\/span><\/p>\n<p align=\"justify\"><span style=\"font-size: large;\">A sportvet\u00e9lked\u0151h\u00f6z k\u00e9t csapatra oszlott a gyereksereg, m\u00edg v\u00e9g\u00fcl az \u00f3ri\u00e1si k\u00fczdelmet Hajni n\u00e9ni anyai sz\u00edve d\u00f6ntetlennek \u00edt\u00e9lte. <\/span><\/p>\n<p align=\"justify\"><span style=\"font-size: large;\">Az uzsonna finom friss zsemle, fas\u00edrt \u00e9s z\u00f6lds\u00e9g volt. Ezut\u00e1n t\u00e1bort bontottunk, \u00e9s elindult a csapat lefel\u00e9 a dombon a templom el\u00e9, hogy hazat\u00e9rjenek kipihenni a nap \u00e9lm\u00e9nyeit \u00e9s f\u00e1radalmait. <\/span><\/p>\n<p><span style=\"font-size: large;\"><b>2. nap<\/b><\/span><\/p>\n<p align=\"justify\"><img loading=\"lazy\" decoding=\"async\" class=\"aligncenter size-medium wp-image-2358\" src=\"https:\/\/altisk-mlak.edu.hu\/wp-content\/uploads\/2024\/07\/FB_IMG_1719724961323-300x218.jpg\" alt=\"\" width=\"300\" height=\"218\" srcset=\"https:\/\/altisk-mlak.edu.hu\/wp-content\/uploads\/2024\/07\/FB_IMG_1719724961323-300x218.jpg 300w, https:\/\/altisk-mlak.edu.hu\/wp-content\/uploads\/2024\/07\/FB_IMG_1719724961323-1024x742.jpg 1024w, https:\/\/altisk-mlak.edu.hu\/wp-content\/uploads\/2024\/07\/FB_IMG_1719724961323-768x557.jpg 768w, https:\/\/altisk-mlak.edu.hu\/wp-content\/uploads\/2024\/07\/FB_IMG_1719724961323-600x435.jpg 600w, https:\/\/altisk-mlak.edu.hu\/wp-content\/uploads\/2024\/07\/FB_IMG_1719724961323.jpg 1080w\" sizes=\"(max-width: 300px) 100vw, 300px\" \/><\/p>\n<p align=\"justify\"><span style=\"font-size: large;\">Hagyom\u00e1ny m\u00e1r a hittant\u00e1borban, hogy a m\u00e1sodik nap \u00fatra kel\u00fcnk, \u00e9s egy k\u00f6rny\u00e9kbeli vall\u00e1si helyet l\u00e1togatunk meg. Id\u00e9n Zalal\u00f6v\u0151 \u00e9s Lenti volt az \u00fati c\u00e9lunk. Zalal\u00f6v\u0151n Kov\u00e1cs Zsuzsanna tan\u00e1rn\u0151 volt az idegenvezet\u0151nk, aki a hely sz\u00fcl\u00f6tte. R\u00e9szletesen, m\u00e9ly \u00e1t\u00e9rz\u00e9ssel mutatta be nek\u00fcnk a Szent L\u00e1szl\u00f3 Pl\u00e9b\u00e1niatemplomot \u00e9s annak t\u00f6rt\u00e9net\u00e9t. A templombej\u00e1r\u00e1s k\u00f6zben \u00f6r\u00f6mmel fedezt\u00fck fel, hogy az egyik \u00fcvegablak Boldog Brenner J\u00e1nost \u00e1br\u00e1zolja. Ezut\u00e1n csapatunk a Boros\u00e1n-v\u00f6lgybe l\u00e1togatott, a Szentk\u00fathoz. <\/span><\/p>\n<p align=\"justify\"><img loading=\"lazy\" decoding=\"async\" class=\"aligncenter size-medium wp-image-2359\" src=\"https:\/\/altisk-mlak.edu.hu\/wp-content\/uploads\/2024\/07\/FB_IMG_1719724572350-300x229.jpg\" alt=\"\" width=\"300\" height=\"229\" srcset=\"https:\/\/altisk-mlak.edu.hu\/wp-content\/uploads\/2024\/07\/FB_IMG_1719724572350-300x229.jpg 300w, https:\/\/altisk-mlak.edu.hu\/wp-content\/uploads\/2024\/07\/FB_IMG_1719724572350-1024x783.jpg 1024w, https:\/\/altisk-mlak.edu.hu\/wp-content\/uploads\/2024\/07\/FB_IMG_1719724572350-768x587.jpg 768w, https:\/\/altisk-mlak.edu.hu\/wp-content\/uploads\/2024\/07\/FB_IMG_1719724572350-600x459.jpg 600w, https:\/\/altisk-mlak.edu.hu\/wp-content\/uploads\/2024\/07\/FB_IMG_1719724572350.jpg 1080w\" sizes=\"(max-width: 300px) 100vw, 300px\" \/><\/p>\n<p align=\"justify\"><span style=\"font-size: large;\">Az \u00e9jszakai es\u0151z\u00e9s j\u00f3l fel\u00e1ztatta a talajt, \u00edgy nem volt k\u00f6nny\u0171 a feljut\u00e1s a b\u00fckk\u00f6s erd\u0151n \u00e1t a zar\u00e1ndokhelyhez. Azonban a hely l\u00e1tv\u00e1nya \u00e9s hangulata k\u00e1rp\u00f3tolt benn\u00fcnket a neh\u00e9zs\u00e9gek\u00e9rt. T\u00faravezet\u0151nk elmes\u00e9lte az eml\u00e9khely t\u00f6rt\u00e9net\u00e9t, megtudtuk, hogy h\u00e1l\u00e1b\u00f3l \u00e9p\u00edtett\u00e9k a m\u00e1sodik vil\u00e1g\u00e9g\u00e9st k\u00f6vet\u0151en. A v\u00f6lgy kedvelt b\u00facs\u00faj\u00e1r\u00f3hely, a helybeliek itt tartj\u00e1k a Sarl\u00f3s Boldogasszony-b\u00facs\u00fat minden \u00e9v j\u00falius m\u00e1sodik\u00e1n. \u0150sszel is rendeznek egy b\u00facs\u00fat, ezt f\u0151k\u00e9nt a cig\u00e1nys\u00e1g tekinti saj\u00e1t \u00fcnnep\u00e9nek. <\/span><\/p>\n<p align=\"justify\"><span style=\"font-size: large;\">A szakr\u00e1lis helyek megtekint\u00e9se ut\u00e1n tov\u00e1bb utaztunk Lentibe, a Term\u00e1lf\u00fcrd\u0151be. Ott finom eb\u00e9d v\u00e1rt benn\u00fcnket, majd gyorsan f\u00fcrd\u0151ruh\u00e1ba b\u00fajtunk, \u00e9s a szabadt\u00e9ri medence k\u00f6r\u00e9 telep\u00fclt\u00fcnk. A v\u00edz el\u0151sz\u00f6r hidegnek t\u0171nt, de hamar kis\u00fct\u00f6tt a nap, \u00e9s h\u00e1rom \u00f3r\u00e1n \u00e1t \u00e9lvezt\u00fck a strandol\u00e1s \u00f6r\u00f6meit. Haza\u00faton h\u00e1l\u00e1t adtunk a j\u00f3 Istennek a sz\u00e9p id\u0151\u00e9rt \u00e9s az \u00e1t\u00e9lt \u00e9lm\u00e9nyek\u00e9rt.<\/span><\/p>\n<p align=\"justify\"><img loading=\"lazy\" decoding=\"async\" class=\"aligncenter size-medium wp-image-2360\" src=\"https:\/\/altisk-mlak.edu.hu\/wp-content\/uploads\/2024\/07\/FB_IMG_1719724607350-300x244.jpg\" alt=\"\" width=\"300\" height=\"244\" srcset=\"https:\/\/altisk-mlak.edu.hu\/wp-content\/uploads\/2024\/07\/FB_IMG_1719724607350-300x244.jpg 300w, https:\/\/altisk-mlak.edu.hu\/wp-content\/uploads\/2024\/07\/FB_IMG_1719724607350-768x625.jpg 768w, https:\/\/altisk-mlak.edu.hu\/wp-content\/uploads\/2024\/07\/FB_IMG_1719724607350-600x488.jpg 600w, https:\/\/altisk-mlak.edu.hu\/wp-content\/uploads\/2024\/07\/FB_IMG_1719724607350.jpg 960w\" sizes=\"(max-width: 300px) 100vw, 300px\" \/><\/p>\n<p align=\"justify\"><span style=\"font-size: large;\"><b>3. nap<\/b><\/span><\/p>\n<p align=\"justify\"><span style=\"font-size: large;\">T\u00e1boroz\u00e1sunk harmadik napj\u00e1t ism\u00e9t a \u201eHol szeretet \u00e9s egyet\u00e9rt\u00e9s\u2026\u201d \u00e9nekkel kezdt\u00fck. Ezut\u00e1n boldog Ceferino \u00e9let\u00e9nek esem\u00e9nyeivel ismerkedtek meg a gyerekek. Az \u00e9let\u00fat ismertet\u00e9se ut\u00e1n megpr\u00f3b\u00e1ltuk \u00f6sszegy\u0171jteni azokat a pontokat a t\u00e1borban megismert k\u00e9t boldog \u00e9let\u00e9b\u0151l, amelyek ellent\u00e9tesek egym\u00e1ssal, hogy ezzel is \u00e9rz\u00e9kelj\u00e9k a gyerekek, hogy a szentt\u00e9 v\u00e1l\u00e1snak nincsen \u00e1ltal\u00e1nos receptje, \u00e9s minden \u00e9lethelyzetben meg lehet tal\u00e1lni az Istennek kedves utat \u00e9s tetteket. <\/span><\/p>\n<p align=\"justify\"><img loading=\"lazy\" decoding=\"async\" class=\"aligncenter size-medium wp-image-2361\" src=\"https:\/\/altisk-mlak.edu.hu\/wp-content\/uploads\/2024\/07\/FB_IMG_1719724936251-300x255.jpg\" alt=\"\" width=\"300\" height=\"255\" srcset=\"https:\/\/altisk-mlak.edu.hu\/wp-content\/uploads\/2024\/07\/FB_IMG_1719724936251-300x255.jpg 300w, https:\/\/altisk-mlak.edu.hu\/wp-content\/uploads\/2024\/07\/FB_IMG_1719724936251-1024x870.jpg 1024w, https:\/\/altisk-mlak.edu.hu\/wp-content\/uploads\/2024\/07\/FB_IMG_1719724936251-768x653.jpg 768w, https:\/\/altisk-mlak.edu.hu\/wp-content\/uploads\/2024\/07\/FB_IMG_1719724936251-600x510.jpg 600w, https:\/\/altisk-mlak.edu.hu\/wp-content\/uploads\/2024\/07\/FB_IMG_1719724936251.jpg 1080w\" sizes=\"(max-width: 300px) 100vw, 300px\" \/><\/p>\n<p align=\"justify\"><span style=\"font-size: large;\">Ezut\u00e1n Zsuzsa n\u00e9ni k\u00e9zm\u0171ves foglalkoz\u00e1sa k\u00f6vetkezett, a sziv\u00e1rv\u00e1ny sz\u00edn\u00e9nek \u00f6sszes \u00e1rnyalat\u00e1b\u00f3l el\u0151ker\u00fcltek fonalak, \u00e9s kis pap\u00edrkorongok seg\u00edts\u00e9g\u00e9vel a legk\u00fcl\u00f6nf\u00e9l\u00e9bb fi\u00fas \u00e9s l\u00e1nyos sz\u00edn\u00f6ssze\u00e1ll\u00edt\u00e1s\u00fa kark\u00f6t\u0151k k\u00e9sz\u00fcltek gy\u00f6ngyf\u0171z\u00e9ses kereszt d\u00edsz\u00edt\u00e9ssel. Akinek nehezen ment, Zsuzsa n\u00e9ni kifogyhatatlan t\u00fcrelemmel jav\u00edtgatta az \u00f6sszekusz\u00e1l\u00f3dott fonalakat, am\u00edg a v\u00e9kony kis csukl\u00f3kra fel nem ker\u00fclt az \u00f6sszes kis kark\u00f6t\u0151. Ez folyt eb\u00e9dig. <\/span><\/p>\n<p align=\"justify\"><span style=\"font-size: large;\">A t\u00e1borz\u00e1r\u00f3 \u00fcnnepi eb\u00e9d z\u00f6lds\u00e9gleves \u00e9s r\u00e1ntott csirkemellfil\u00e9 volt rizzsel \u00e9s csemegeubork\u00e1val. Akkora r\u00e1ntott h\u00fasokat kaptunk, hogy sz\u00e9lt\u00e9ben-hossz\u00e1ban lel\u00f3gtak a t\u00e1ny\u00e9rokr\u00f3l. <\/span><\/p>\n<p align=\"justify\"><span style=\"font-size: large;\">Tele pocakkal kicsit megcsendesedett a t\u00e1rsas\u00e1g, \u00e9s Kiss Kati n\u00e9ni megtartotta a szentmis\u00e9re az olvas\u00f3pr\u00f3b\u00e1t. A kisebbek k\u00f6z\u00fcl kiv\u00e1lasztott 6 v\u00e1llalkoz\u00f3t, \u00e9s az egyetemes k\u00f6ny\u00f6rg\u00e9seket felosztotta k\u00f6z\u00f6tt\u00fck. A szentleck\u00e9t, a zsolt\u00e1rt \u00e9s az alleluj\u00e1t Mesits Patr\u00edcia leend\u0151 7. oszt\u00e1lyos tanul\u00f3 olvasta gyakorlottan, sz\u00e9p hangosan, \u00e9rthet\u0151en. <\/span><\/p>\n<p align=\"justify\"><span style=\"font-size: large;\">A csendes pihen\u0151 idej\u00e9ben megtartottuk az aznapi elcsendesed\u00e9si gyakorlatainkat, amibe egyre kevesebb ellen\u00e1ll\u00e1ssal, egyre nagyobb fegyelemmel \u00e9s figyelemmel kapcsol\u00f3dtak be a gyerekek. Volt, aki kicsit bele is aludt a csend-im\u00e1ba, ami egy\u00e1ltal\u00e1n nem baj, hiszen az egyik c\u00e9lja az volt ezeknek a kis gyakorlatoknak, hogy pihenjenek, lenyugodjanak. <\/span><\/p>\n<p align=\"justify\"><span style=\"font-size: large;\">A d\u00e9lut\u00e1n k\u00f6zepe fel\u00e9 elkezdt\u00fck a mis\u00e9hez kialak\u00edtani a s\u00e1tor alatti teret. A sz\u00e9kekkel \u00e9s s\u00f6rpadokkal kialak\u00edtottuk a h\u00edvek sz\u00e1m\u00e1ra a haj\u00f3t, a kis olt\u00e1rasztalk\u00e1val, vir\u00e1ggal, sz\u00e9kkel a szent\u00e9lyt. Ek\u00f6zben m\u00e1r elkezdtek sz\u00e1lling\u00f3zni a vend\u00e9gek a t\u00e1borz\u00e1r\u00f3 szentmis\u00e9re. T\u00f6bb anyuka elhozta a j\u00f6vend\u0151 els\u0151s\u00f6ket vagy m\u00e9g kisebb testv\u00e9reket, hogy ismerkedjenek a t\u00e1bor hangulat\u00e1val. <\/span><\/p>\n<p align=\"justify\"><span style=\"font-size: large;\">Gyula atya a t\u00e1borz\u00e1r\u00f3 szentmis\u00e9nek a magyar szentek mis\u00e9j\u00e9t v\u00e1lasztotta. Pr\u00e9dik\u00e1ci\u00f3j\u00e1ban a m\u00e1r megkezdett gondolat\u00e1t folytatta, \u00e9s arr\u00f3l besz\u00e9lt, hogy szent az \u00e9let\u00fcnk akkor, amikor j\u00f3s\u00e1g \u00e9s sz\u00e9ps\u00e9g van benne. Amikor a dolgainkat sz\u00e9pen \u00e9s j\u00f3l tessz\u00fck, akkor szentekk\u00e9 v\u00e1lhatunk. Ez a harm\u00f3nia a szents\u00e9g, ami a mennyorsz\u00e1gban is folytat\u00f3dik, ott fog igaz\u00e1n kiteljesedni, \u00e9s ez fog minket olyan boldogg\u00e1 tenni. Az \u00e9nekeket N\u00e9methn\u00e9 Pr\u00e9sing Timi n\u00e9ni k\u00eds\u00e9rte, akit a gyerekek m\u00e1r j\u00f3l ismernek a templomi git\u00e1ros mis\u00e9kr\u0151l, a tan\u00e9vnyit\u00f3 \u00e9s -z\u00e1r\u00f3 szentmis\u00e9kr\u0151l. Magyar Levente leend\u0151 5. oszt\u00e1lyos tanul\u00f3 pedig ministr\u00e1lt Gyula aty\u00e1nak.<\/span><\/p>\n<p align=\"justify\"><span style=\"font-size: large;\">A szentmise ut\u00e1n b\u0151s\u00e9ges \u00e9s gazdag agap\u00e9 k\u00f6vetkezett. Az asztalokat bebor\u00edtott\u00e1k a s\u00fctem\u00e9nyes t\u00e1ny\u00e9rok, megsz\u00e1ml\u00e1lhatatlan fajta muffin, kal\u00e1cs, linzer, k\u00f3kusztekercs, k\u00f3kuszkocka, pog\u00e1csa, s\u00f3sr\u00fad, sonk\u00e1s-sajtos tekercs, di\u00f3s s\u00fcti, m\u00e9zeskal\u00e1cs, brownie\u2026 <\/span><\/p>\n<p align=\"justify\"><span style=\"font-size: large;\">Vid\u00e1m hangulatban z\u00e1rtuk a t\u00e1bort. A sz\u00fcl\u0151k \u00e9s gyerekek boldogan k\u00f6sz\u00f6nt\u00e9k meg a t\u00e1boroz\u00e1st. A fi\u00fak gyorsan m\u00e9g egy kis fociz\u00e1ssal kit\u00f6lt\u00f6tt\u00e9k hazamen\u00e9sig az id\u0151t. A kisebbek b\u00facs\u00faz\u00f3ul lehemperg\u0151ztek a domboldalr\u00f3l, azut\u00e1n f\u00e1radtan elkezdtek hazafel\u00e9 rohanni, nehogy valamir\u0151l lemaradjanak. <\/span><\/p>\n<p align=\"justify\"><span style=\"font-size: large;\">H\u00e1l\u00e1t adunk Istennek az \u00e1ldott napok\u00e9rt, a gyerekek j\u00f3kedv\u00e9\u00e9rt, kedvess\u00e9g\u00e9\u00e9rt, a balesetmentes focimeccsek\u00e9rt, sportvet\u00e9lked\u0151\u00e9rt \u00e9s kir\u00e1ndul\u00e1s\u00e9rt, a csod\u00e1latos id\u0151j\u00e1r\u00e1s\u00e9rt! K\u00f6sz\u00f6nj\u00fck Kati n\u00e9ninek \u00e9s Zsuzsa n\u00e9ninek a sok szervez\u0151 munk\u00e1t, valamint azt, hogy el\u0151teremtett\u00e9k a p\u00e9nzt a t\u00e1boroz\u00e1shoz! K\u00f6sz\u00f6nj\u00fck Gyula aty\u00e1nak a tan\u00edt\u00e1sokat, \u00e9s hogy a szentmise k\u00f6z\u00f6ss\u00e9g\u00e9ben r\u00e9szes\u00fclhett\u00fcnk az \u00dar J\u00e9zus val\u00f3s\u00e1gos jelenl\u00e9t\u00e9ben! K\u00f6sz\u00f6nj\u00fck a sok sz\u00e9p \u00e9s gazdag programot! K\u00f6sz\u00f6nj\u00fck tan\u00e1rainknak a kedves egy\u00fcttl\u00e9tet, a kedves szavakat, a k\u00f6z\u00f6s j\u00e1t\u00e9kot! \u00c9s mindannyian k\u00f6sz\u00f6nj\u00fck egym\u00e1snak, hogy egy\u00fctt lehett\u00fcnk!<\/span><\/p>\n<p style=\"text-align: right;\" align=\"justify\"><em><span style=\"font-size: large;\">\u00c1gnes n\u0151v\u00e9r<\/span><\/em><\/p>\n<p align=\"justify\">\n","protected":false},"excerpt":{"rendered":"<p>A 2023\/24-es tan\u00e9v h\u00e1romnapos hittant\u00e1bora csaknem a tan\u00e9v szerves folytat\u00e1sa lett. 40 tanul\u00f3, az iskola tanul\u00f3inak t\u00f6bb mint fele jelentkezett a t\u00e1borba, t\u00falnyom\u00f3r\u00e9szt als\u00f3 tagozatosok \u00e9s p\u00e1ran a r\u00e1bagyarmati tagint\u00e9zm\u00e9nyb\u0151l. A n\u00e9h\u00e1ny<a class=\"moretag\" href=\"https:\/\/altisk-mlak.edu.hu\/index.php\/szentek-nyomaban-hittantabor-2024\/\">Read More&#8230;<\/a><\/p>\n","protected":false},"author":3,"featured_media":0,"comment_status":"closed","ping_status":"closed","sticky":false,"template":"","format":"standard","meta":{"two_page_speed":[],"footnotes":""},"categories":[1],"tags":[],"class_list":["post-2354","post","type-post","status-publish","format-standard","hentry","category-egyeb"],"_links":{"self":[{"href":"https:\/\/altisk-mlak.edu.hu\/index.php\/wp-json\/wp\/v2\/posts\/2354","targetHints":{"allow":["GET"]}}],"collection":[{"href":"https:\/\/altisk-mlak.edu.hu\/index.php\/wp-json\/wp\/v2\/posts"}],"about":[{"href":"https:\/\/altisk-mlak.edu.hu\/index.php\/wp-json\/wp\/v2\/types\/post"}],"author":[{"embeddable":true,"href":"https:\/\/altisk-mlak.edu.hu\/index.php\/wp-json\/wp\/v2\/users\/3"}],"replies":[{"embeddable":true,"href":"https:\/\/altisk-mlak.edu.hu\/index.php\/wp-json\/wp\/v2\/comments?post=2354"}],"version-history":[{"count":2,"href":"https:\/\/altisk-mlak.edu.hu\/index.php\/wp-json\/wp\/v2\/posts\/2354\/revisions"}],"predecessor-version":[{"id":2363,"href":"https:\/\/altisk-mlak.edu.hu\/index.php\/wp-json\/wp\/v2\/posts\/2354\/revisions\/2363"}],"wp:attachment":[{"href":"https:\/\/altisk-mlak.edu.hu\/index.php\/wp-json\/wp\/v2\/media?parent=2354"}],"wp:term":[{"taxonomy":"category","embeddable":true,"href":"https:\/\/altisk-mlak.edu.hu\/index.php\/wp-json\/wp\/v2\/categories?post=2354"},{"taxonomy":"post_tag","embeddable":true,"href":"https:\/\/altisk-mlak.edu.hu\/index.php\/wp-json\/wp\/v2\/tags?post=2354"}],"curies":[{"name":"wp","href":"https:\/\/api.w.org\/{rel}","templated":true}]}}