{"id":2379,"date":"2024-08-05T22:33:01","date_gmt":"2024-08-05T22:33:01","guid":{"rendered":"https:\/\/altisk-mlak.edu.hu\/?p=2379"},"modified":"2024-08-05T22:36:05","modified_gmt":"2024-08-05T22:36:05","slug":"ket-iskolai-siker-a-nyari-forrosagban","status":"publish","type":"post","link":"https:\/\/altisk-mlak.edu.hu\/index.php\/ket-iskolai-siker-a-nyari-forrosagban\/","title":{"rendered":"K\u00e9t iskolai siker a ny\u00e1ri forr\u00f3s\u00e1gban"},"content":{"rendered":"<p align=\"justify\"><span style=\"font-size: medium;\">Kakas Levente 5. oszt\u00e1lyos tanul\u00f3nk k\u00fcl\u00f6nd\u00edjat nyert a Szentgotth\u00e1rd Spa &amp; Wellness \u00e1ltal\u00e1nos iskol\u00e1sok sz\u00e1m\u00e1ra ki\u00edrt \u201eOlimpiai v\u00edzi sportok\u201d c. rajzp\u00e1ly\u00e1zat\u00e1n. Levente egy dob\u00f3poz\u00edci\u00f3ban l\u00e9v\u0151 v\u00edzip\u00f3l\u00f3-j\u00e1t\u00e9kost \u00f6r\u00f6k\u00edtett meg prec\u00edzen, minden r\u00e9szletre gondosan \u00fcgyel\u0151 technik\u00e1val. M\u0171ve az\u00e9rt is \u00e9rt\u00e9kes, mert a kisfi\u00fa begyulladt szemmel k\u00e9sz\u00edtette alkot\u00e1s\u00e1t.<\/span><\/p>\n<table style=\"border-collapse: collapse; width: 100%;\">\n<tbody>\n<tr>\n<td style=\"width: 50%;\"><a href=\"https:\/\/altisk-mlak.edu.hu\/wp-content\/uploads\/2024\/08\/L2.jpg\"><img fetchpriority=\"high\" decoding=\"async\" class=\"aligncenter size-medium wp-image-2380\" src=\"https:\/\/altisk-mlak.edu.hu\/wp-content\/uploads\/2024\/08\/L2-225x300.jpg\" alt=\"\" width=\"225\" height=\"300\" srcset=\"https:\/\/altisk-mlak.edu.hu\/wp-content\/uploads\/2024\/08\/L2-225x300.jpg 225w, https:\/\/altisk-mlak.edu.hu\/wp-content\/uploads\/2024\/08\/L2-768x1024.jpg 768w, https:\/\/altisk-mlak.edu.hu\/wp-content\/uploads\/2024\/08\/L2-1152x1536.jpg 1152w, https:\/\/altisk-mlak.edu.hu\/wp-content\/uploads\/2024\/08\/L2-450x600.jpg 450w, https:\/\/altisk-mlak.edu.hu\/wp-content\/uploads\/2024\/08\/L2.jpg 1500w\" sizes=\"(max-width: 225px) 100vw, 225px\" \/><\/a><\/td>\n<td style=\"width: 50%;\"><img decoding=\"async\" class=\"aligncenter size-medium wp-image-2381\" src=\"https:\/\/altisk-mlak.edu.hu\/wp-content\/uploads\/2024\/08\/L1-225x300.jpg\" alt=\"\" width=\"225\" height=\"300\" srcset=\"https:\/\/altisk-mlak.edu.hu\/wp-content\/uploads\/2024\/08\/L1-225x300.jpg 225w, https:\/\/altisk-mlak.edu.hu\/wp-content\/uploads\/2024\/08\/L1-768x1024.jpg 768w, https:\/\/altisk-mlak.edu.hu\/wp-content\/uploads\/2024\/08\/L1-1152x1536.jpg 1152w, https:\/\/altisk-mlak.edu.hu\/wp-content\/uploads\/2024\/08\/L1-450x600.jpg 450w, https:\/\/altisk-mlak.edu.hu\/wp-content\/uploads\/2024\/08\/L1.jpg 1500w\" sizes=\"(max-width: 225px) 100vw, 225px\" \/><\/td>\n<\/tr>\n<\/tbody>\n<\/table>\n<p align=\"justify\"><span style=\"color: #050505;\"><span style=\"font-size: medium;\">Iskol\u00e1nk a 2023\/2024-es tan\u00e9vben jelentkezett az Iskolakertek\u00e9rt Alap\u00edtv\u00e1ny \u201e\u00dcltess\u00fcnk jobb leveg\u0151t!-Tan\u00edtsuk gyermekeinket!\u201d iskolakerti gy\u00fcm\u00f6lcs\u00e9szeti programj\u00e1ra. A kezdem\u00e9nyez\u00e9s keret\u00e9ben t\u00e1jfajta almaf\u00e1kat \u00e9s gy\u00fcm\u00f6lcscserj\u00e9ket kaptunk, melyeket el\u00fcltett\u00fcnk a T\u00fcnd\u00e9rkertbe. A n\u00f6v\u00e9nyek mell\u00e9 j\u00e1rt egy havi bont\u00e1s\u00fa sorvezet\u0151 gy\u00fcm\u00f6lcs\u00e9sz munkaf\u00fczet, amiben a tan\u00e9v sor\u00e1n tev\u00e9kenys\u00e9geinket \u00e9s \u00e9lm\u00e9nyeinket vezett\u00fck. \u00c9vv\u00e9g\u00e9n egy sz\u00e9pen \u00f6ssze\u00e1ll\u00edtott szakmai anyaggal (prezent\u00e1ci\u00f3, sz\u00f6veges \u00e9s k\u00e9pes besz\u00e1mol\u00f3) p\u00e1ly\u00e1ztunk a &#8222;Legakt\u00edvabb ifj\u00fa gy\u00fcm\u00f6lcs\u00e9szek&#8221; c\u00edmre. \u00d6r\u00f6mmel t\u00f6lt el benn\u00fcnket, hogy a szakmai zs\u0171ri iskol\u00e1nk p\u00e1lyam\u0171v\u00e9t \u00e9rt\u00e9kesnek \u00e9s d\u00edjaz\u00e1sra m\u00e9lt\u00f3nak tal\u00e1lta. Orsz\u00e1gosan 4 (!) iskol\u00e1nak \u00edt\u00e9lt\u00e9k oda a c\u00edmet \u00e9s az ezzel j\u00e1r\u00f3 100.000 Ft alap\u00edtv\u00e1nyi t\u00e1mogat\u00e1st, melyet egy kerti \u00f6r\u00f6m\u00fcnnep megrendez\u00e9s\u00e9re ford\u00edthatunk. Dics\u00e9ret illeti Kov\u00e1cs Zsuzsanna tan\u00e1rn\u0151t a program magas szint\u0171, lelkiismeretes mentor\u00e1l\u00e1s\u00e1\u00e9rt \u00e9s a 7. oszt\u00e1lyos tanul\u00f3kat a program sikeres megval\u00f3s\u00edt\u00e1s\u00e1\u00e9rt. <\/span><\/span><\/p>\n<p align=\"justify\"><img decoding=\"async\" class=\"aligncenter size-medium wp-image-2382\" src=\"https:\/\/altisk-mlak.edu.hu\/wp-content\/uploads\/2024\/08\/kis1-300x169.png\" alt=\"\" width=\"300\" height=\"169\" srcset=\"https:\/\/altisk-mlak.edu.hu\/wp-content\/uploads\/2024\/08\/kis1-300x169.png 300w, https:\/\/altisk-mlak.edu.hu\/wp-content\/uploads\/2024\/08\/kis1-1024x576.png 1024w, https:\/\/altisk-mlak.edu.hu\/wp-content\/uploads\/2024\/08\/kis1-768x432.png 768w, https:\/\/altisk-mlak.edu.hu\/wp-content\/uploads\/2024\/08\/kis1-1536x864.png 1536w, https:\/\/altisk-mlak.edu.hu\/wp-content\/uploads\/2024\/08\/kis1-1600x900.png 1600w, https:\/\/altisk-mlak.edu.hu\/wp-content\/uploads\/2024\/08\/kis1-600x338.png 600w, https:\/\/altisk-mlak.edu.hu\/wp-content\/uploads\/2024\/08\/kis1.png 1920w\" sizes=\"(max-width: 300px) 100vw, 300px\" \/><\/p>\n<p align=\"justify\"><img loading=\"lazy\" decoding=\"async\" class=\"aligncenter size-medium wp-image-2384\" src=\"https:\/\/altisk-mlak.edu.hu\/wp-content\/uploads\/2024\/08\/kis3-300x169.png\" alt=\"\" width=\"300\" height=\"169\" srcset=\"https:\/\/altisk-mlak.edu.hu\/wp-content\/uploads\/2024\/08\/kis3-300x169.png 300w, https:\/\/altisk-mlak.edu.hu\/wp-content\/uploads\/2024\/08\/kis3-1024x576.png 1024w, https:\/\/altisk-mlak.edu.hu\/wp-content\/uploads\/2024\/08\/kis3-768x432.png 768w, https:\/\/altisk-mlak.edu.hu\/wp-content\/uploads\/2024\/08\/kis3-1536x864.png 1536w, https:\/\/altisk-mlak.edu.hu\/wp-content\/uploads\/2024\/08\/kis3-1600x900.png 1600w, https:\/\/altisk-mlak.edu.hu\/wp-content\/uploads\/2024\/08\/kis3-600x338.png 600w, https:\/\/altisk-mlak.edu.hu\/wp-content\/uploads\/2024\/08\/kis3.png 1920w\" sizes=\"(max-width: 300px) 100vw, 300px\" \/><\/p>\n<p align=\"justify\"><img loading=\"lazy\" decoding=\"async\" class=\"aligncenter size-medium wp-image-2383\" src=\"https:\/\/altisk-mlak.edu.hu\/wp-content\/uploads\/2024\/08\/kis2-300x169.png\" alt=\"\" width=\"300\" height=\"169\" srcset=\"https:\/\/altisk-mlak.edu.hu\/wp-content\/uploads\/2024\/08\/kis2-300x169.png 300w, https:\/\/altisk-mlak.edu.hu\/wp-content\/uploads\/2024\/08\/kis2-1024x576.png 1024w, https:\/\/altisk-mlak.edu.hu\/wp-content\/uploads\/2024\/08\/kis2-768x432.png 768w, https:\/\/altisk-mlak.edu.hu\/wp-content\/uploads\/2024\/08\/kis2-1536x864.png 1536w, https:\/\/altisk-mlak.edu.hu\/wp-content\/uploads\/2024\/08\/kis2-1600x900.png 1600w, https:\/\/altisk-mlak.edu.hu\/wp-content\/uploads\/2024\/08\/kis2-600x338.png 600w, https:\/\/altisk-mlak.edu.hu\/wp-content\/uploads\/2024\/08\/kis2.png 1920w\" sizes=\"(max-width: 300px) 100vw, 300px\" \/><\/p>\n<p align=\"justify\">\u00a0<\/p>\n\n\n<p class=\"has-text-align-right\"><em>Mezein\u00e9 Kiss Katalin<\/em><\/p>\n","protected":false},"excerpt":{"rendered":"<p>Kakas Levente 5. oszt\u00e1lyos tanul\u00f3nk k\u00fcl\u00f6nd\u00edjat nyert a Szentgotth\u00e1rd Spa &amp; Wellness \u00e1ltal\u00e1nos iskol\u00e1sok sz\u00e1m\u00e1ra ki\u00edrt \u201eOlimpiai v\u00edzi sportok\u201d c. rajzp\u00e1ly\u00e1zat\u00e1n. Levente egy dob\u00f3poz\u00edci\u00f3ban l\u00e9v\u0151 v\u00edzip\u00f3l\u00f3-j\u00e1t\u00e9kost \u00f6r\u00f6k\u00edtett meg prec\u00edzen, minden r\u00e9szletre gondosan<a class=\"moretag\" href=\"https:\/\/altisk-mlak.edu.hu\/index.php\/ket-iskolai-siker-a-nyari-forrosagban\/\">Read More&#8230;<\/a><\/p>\n","protected":false},"author":3,"featured_media":0,"comment_status":"closed","ping_status":"closed","sticky":false,"template":"","format":"standard","meta":{"two_page_speed":[],"footnotes":""},"categories":[1],"tags":[],"class_list":["post-2379","post","type-post","status-publish","format-standard","hentry","category-egyeb"],"_links":{"self":[{"href":"https:\/\/altisk-mlak.edu.hu\/index.php\/wp-json\/wp\/v2\/posts\/2379","targetHints":{"allow":["GET"]}}],"collection":[{"href":"https:\/\/altisk-mlak.edu.hu\/index.php\/wp-json\/wp\/v2\/posts"}],"about":[{"href":"https:\/\/altisk-mlak.edu.hu\/index.php\/wp-json\/wp\/v2\/types\/post"}],"author":[{"embeddable":true,"href":"https:\/\/altisk-mlak.edu.hu\/index.php\/wp-json\/wp\/v2\/users\/3"}],"replies":[{"embeddable":true,"href":"https:\/\/altisk-mlak.edu.hu\/index.php\/wp-json\/wp\/v2\/comments?post=2379"}],"version-history":[{"count":2,"href":"https:\/\/altisk-mlak.edu.hu\/index.php\/wp-json\/wp\/v2\/posts\/2379\/revisions"}],"predecessor-version":[{"id":2387,"href":"https:\/\/altisk-mlak.edu.hu\/index.php\/wp-json\/wp\/v2\/posts\/2379\/revisions\/2387"}],"wp:attachment":[{"href":"https:\/\/altisk-mlak.edu.hu\/index.php\/wp-json\/wp\/v2\/media?parent=2379"}],"wp:term":[{"taxonomy":"category","embeddable":true,"href":"https:\/\/altisk-mlak.edu.hu\/index.php\/wp-json\/wp\/v2\/categories?post=2379"},{"taxonomy":"post_tag","embeddable":true,"href":"https:\/\/altisk-mlak.edu.hu\/index.php\/wp-json\/wp\/v2\/tags?post=2379"}],"curies":[{"name":"wp","href":"https:\/\/api.w.org\/{rel}","templated":true}]}}