{"id":2422,"date":"2024-09-02T06:42:32","date_gmt":"2024-09-02T06:42:32","guid":{"rendered":"https:\/\/altisk-mlak.edu.hu\/?p=2422"},"modified":"2024-09-03T10:16:06","modified_gmt":"2024-09-03T10:16:06","slug":"tanevindito-szentmise-a-diakokert-es-a-tanarokert","status":"publish","type":"post","link":"https:\/\/altisk-mlak.edu.hu\/index.php\/tanevindito-szentmise-a-diakokert-es-a-tanarokert\/","title":{"rendered":"Tan\u00e9vind\u00edt\u00f3 szentmise a di\u00e1kok\u00e9rt \u00e9s a tan\u00e1rok\u00e9rt"},"content":{"rendered":"<p align=\"justify\"><img fetchpriority=\"high\" decoding=\"async\" class=\"aligncenter size-medium wp-image-2425\" src=\"https:\/\/altisk-mlak.edu.hu\/wp-content\/uploads\/2024\/09\/IMG_20240901_130200-231x300.jpg\" alt=\"\" width=\"231\" height=\"300\" srcset=\"https:\/\/altisk-mlak.edu.hu\/wp-content\/uploads\/2024\/09\/IMG_20240901_130200-231x300.jpg 231w, https:\/\/altisk-mlak.edu.hu\/wp-content\/uploads\/2024\/09\/IMG_20240901_130200-789x1024.jpg 789w, https:\/\/altisk-mlak.edu.hu\/wp-content\/uploads\/2024\/09\/IMG_20240901_130200-768x996.jpg 768w, https:\/\/altisk-mlak.edu.hu\/wp-content\/uploads\/2024\/09\/IMG_20240901_130200-1184x1536.jpg 1184w, https:\/\/altisk-mlak.edu.hu\/wp-content\/uploads\/2024\/09\/IMG_20240901_130200-1579x2048.jpg 1579w, https:\/\/altisk-mlak.edu.hu\/wp-content\/uploads\/2024\/09\/IMG_20240901_130200-463x600.jpg 463w, https:\/\/altisk-mlak.edu.hu\/wp-content\/uploads\/2024\/09\/IMG_20240901_130200.jpg 1612w\" sizes=\"(max-width: 231px) 100vw, 231px\" \/><\/p>\n<p align=\"justify\">Szeptember 1-j\u00e9n imm\u00e1r negyedik alkalommal ker\u00fclt sor a Magyarlak-Cs\u00f6r\u00f6tnek \u00c1ltal\u00e1nos Iskola Veni Sanct\u00e9j\u00e1ra. Az \u00fcnnep\u00e9lyes tan\u00e9vnyit\u00f3nak id\u00e9n a magyarlaki Szent Kereszt Felmagasztal\u00e1sa templom adott otthont. A szentmis\u00e9t Dr. Tak\u00e1cs Gyula iskolalelk\u00e9sz mutatta be. Gyula atya arra k\u00e9rte a tanul\u00f3kat, hogy legyenek minden nap egy kicsit j\u00f3k. Nem nagy dolgokra, hanem apr\u00f3 j\u00f3cselekedetekre buzd\u00edtotta a gyerekeket, amelyeket minden egyes nap megtehetnek ak\u00e1r a tan\u00f3r\u00e1kon, ak\u00e1r otthon. Ezek a kis j\u00f3tettek \u00f6sszead\u00f3dnak, \u00e9s \u00edgy v\u00e1lhatnak j\u00f3 tan\u00edtv\u00e1nyokk\u00e1.<\/p>\n<p align=\"justify\"><img decoding=\"async\" class=\"aligncenter size-medium wp-image-2426\" src=\"https:\/\/altisk-mlak.edu.hu\/wp-content\/uploads\/2024\/09\/IMG_20240901_114515-230x300.jpg\" alt=\"\" width=\"230\" height=\"300\" srcset=\"https:\/\/altisk-mlak.edu.hu\/wp-content\/uploads\/2024\/09\/IMG_20240901_114515-230x300.jpg 230w, https:\/\/altisk-mlak.edu.hu\/wp-content\/uploads\/2024\/09\/IMG_20240901_114515-786x1024.jpg 786w, https:\/\/altisk-mlak.edu.hu\/wp-content\/uploads\/2024\/09\/IMG_20240901_114515-768x1001.jpg 768w, https:\/\/altisk-mlak.edu.hu\/wp-content\/uploads\/2024\/09\/IMG_20240901_114515-460x600.jpg 460w, https:\/\/altisk-mlak.edu.hu\/wp-content\/uploads\/2024\/09\/IMG_20240901_114515.jpg 926w\" sizes=\"(max-width: 230px) 100vw, 230px\" \/><\/p>\n<p align=\"justify\">Mezein\u00e9 Kiss Katalin tagint\u00e9zm\u00e9ny-igazgat\u00f3 besz\u00e9d\u00e9ben egy bibliai t\u00f6rt\u00e9net, a csod\u00e1latos halfog\u00e1s egy mondat\u00e1t emelte ki a gyerekek sz\u00e1m\u00e1ra: \u201eEvezz a m\u00e9lyre!\u201d A vezet\u0151 azt k\u00e9rte a tanul\u00f3kt\u00f3l, hogy az \u00faj tan\u00e9vben evezzenek a tud\u00e1s, az ima, az \u00f6r\u00f6m \u00e9s a szeretet m\u00e9ly\u00e9re. K\u00e9rte \u0151ket, hogy ne cs\u00e1buljanak el a felsz\u00ednes dolgoknak, hanem mer\u00fcljenek el a tanul\u00e1sban, teljes er\u0151fesz\u00edt\u00e9ssel dolgozzanak, tanulj\u00e1k meg rendesen a leck\u00e9t, adjanak bele mindent. Evezzenek a m\u00e9lyre: lelkiismeretesen, nem f\u00e9l sz\u00edvvel, hanem az Isten kedv\u00e9\u00e9rt \u00e9s embert\u00e1rsaink ir\u00e1nti szeretetb\u0151l. Ha ezt teszik, akkor b\u0151ven lesz \u201ezs\u00e1km\u00e1ny\u201d a h\u00e1l\u00f3jukban, \u00e9s megadatik a csod\u00e1latos eredm\u00e9ny. A vezet\u0151 T\u00farmezei Erzs\u00e9bet ideill\u0151 soraival ind\u00edtotta el a k\u00f6z\u00f6s munk\u00e1t, majd megnyitotta a 2024\/2025-\u00f6s tan\u00e9vet.<\/p>\n<table style=\"border-collapse: collapse; width: 100%;\">\n<tbody>\n<tr>\n<td style=\"width: 50%;\"><img decoding=\"async\" class=\"aligncenter wp-image-2423\" src=\"https:\/\/altisk-mlak.edu.hu\/wp-content\/uploads\/2024\/09\/IMG_20240901_123319-scaled-e1725259263526-288x300.jpg\" alt=\"\" width=\"261\" height=\"272\" srcset=\"https:\/\/altisk-mlak.edu.hu\/wp-content\/uploads\/2024\/09\/IMG_20240901_123319-scaled-e1725259263526-288x300.jpg 288w, https:\/\/altisk-mlak.edu.hu\/wp-content\/uploads\/2024\/09\/IMG_20240901_123319-scaled-e1725259263526-982x1024.jpg 982w, https:\/\/altisk-mlak.edu.hu\/wp-content\/uploads\/2024\/09\/IMG_20240901_123319-scaled-e1725259263526-768x801.jpg 768w, https:\/\/altisk-mlak.edu.hu\/wp-content\/uploads\/2024\/09\/IMG_20240901_123319-scaled-e1725259263526-1473x1536.jpg 1473w, https:\/\/altisk-mlak.edu.hu\/wp-content\/uploads\/2024\/09\/IMG_20240901_123319-scaled-e1725259263526-1963x2048.jpg 1963w, https:\/\/altisk-mlak.edu.hu\/wp-content\/uploads\/2024\/09\/IMG_20240901_123319-scaled-e1725259263526-575x600.jpg 575w\" sizes=\"(max-width: 261px) 100vw, 261px\" \/><\/td>\n<td style=\"width: 50%;\"><img loading=\"lazy\" decoding=\"async\" class=\"aligncenter size-medium wp-image-2424\" src=\"https:\/\/altisk-mlak.edu.hu\/wp-content\/uploads\/2024\/09\/IMG_20240902_083116-300x272.jpg\" alt=\"\" width=\"300\" height=\"272\" srcset=\"https:\/\/altisk-mlak.edu.hu\/wp-content\/uploads\/2024\/09\/IMG_20240902_083116-300x272.jpg 300w, https:\/\/altisk-mlak.edu.hu\/wp-content\/uploads\/2024\/09\/IMG_20240902_083116-1024x927.jpg 1024w, https:\/\/altisk-mlak.edu.hu\/wp-content\/uploads\/2024\/09\/IMG_20240902_083116-768x695.jpg 768w, https:\/\/altisk-mlak.edu.hu\/wp-content\/uploads\/2024\/09\/IMG_20240902_083116-1536x1391.jpg 1536w, https:\/\/altisk-mlak.edu.hu\/wp-content\/uploads\/2024\/09\/IMG_20240902_083116-600x543.jpg 600w, https:\/\/altisk-mlak.edu.hu\/wp-content\/uploads\/2024\/09\/IMG_20240902_083116.jpg 2023w\" sizes=\"(max-width: 300px) 100vw, 300px\" \/><\/td>\n<\/tr>\n<\/tbody>\n<\/table>\n<p align=\"justify\">A megnyit\u00f3 ut\u00e1n k\u00f6sz\u00f6nt\u00e9sek hangzottak el. Az iskolak\u00f6z\u00f6ss\u00e9g gratul\u00e1lt Kov\u00e1cs Zsuzsanna tan\u00e1rn\u0151nek a Szent Gell\u00e9rt-d\u00edj Arany fokozat\u00e1hoz \u00e9s Dr. Tak\u00e1cs Gyula iskolalelk\u00e9sznek 77. sz\u00fclet\u00e9snapja alkalm\u00e1b\u00f3l, Isten \u00e1ld\u00e1s\u00e1t k\u00e9rt\u00e9k \u00e9let\u00fckre, valamint tov\u00e1bbi szolg\u00e1latukhoz.<\/p>\n<p align=\"justify\"><img loading=\"lazy\" decoding=\"async\" class=\"aligncenter size-medium wp-image-2429\" src=\"https:\/\/altisk-mlak.edu.hu\/wp-content\/uploads\/2024\/09\/IMG_20240901_123806-300x245.jpg\" alt=\"\" width=\"300\" height=\"245\" srcset=\"https:\/\/altisk-mlak.edu.hu\/wp-content\/uploads\/2024\/09\/IMG_20240901_123806-300x245.jpg 300w, https:\/\/altisk-mlak.edu.hu\/wp-content\/uploads\/2024\/09\/IMG_20240901_123806-1024x837.jpg 1024w, https:\/\/altisk-mlak.edu.hu\/wp-content\/uploads\/2024\/09\/IMG_20240901_123806-768x628.jpg 768w, https:\/\/altisk-mlak.edu.hu\/wp-content\/uploads\/2024\/09\/IMG_20240901_123806-1536x1256.jpg 1536w, https:\/\/altisk-mlak.edu.hu\/wp-content\/uploads\/2024\/09\/IMG_20240901_123806-2048x1675.jpg 2048w, https:\/\/altisk-mlak.edu.hu\/wp-content\/uploads\/2024\/09\/IMG_20240901_123806-600x491.jpg 600w\" sizes=\"(max-width: 300px) 100vw, 300px\" \/><\/p>\n<p align=\"justify\">Az \u00fcnnepi szentmis\u00e9t git\u00e1ros \u00e9nekek tett\u00e9k bens\u0151s\u00e9gess\u00e9. A szertart\u00e1s meghat\u00f3 pillanata volt az els\u0151s tanul\u00f3k iskolat\u00e1sk\u00e1inak meg\u00e1ld\u00e1sa.<\/p>\n","protected":false},"excerpt":{"rendered":"<p>Szeptember 1-j\u00e9n imm\u00e1r negyedik alkalommal ker\u00fclt sor a Magyarlak-Cs\u00f6r\u00f6tnek \u00c1ltal\u00e1nos Iskola Veni Sanct\u00e9j\u00e1ra. Az \u00fcnnep\u00e9lyes tan\u00e9vnyit\u00f3nak id\u00e9n a magyarlaki Szent Kereszt Felmagasztal\u00e1sa templom adott otthont. A szentmis\u00e9t Dr. Tak\u00e1cs Gyula iskolalelk\u00e9sz mutatta<a class=\"moretag\" href=\"https:\/\/altisk-mlak.edu.hu\/index.php\/tanevindito-szentmise-a-diakokert-es-a-tanarokert\/\">Read More&#8230;<\/a><\/p>\n","protected":false},"author":3,"featured_media":0,"comment_status":"closed","ping_status":"closed","sticky":false,"template":"","format":"standard","meta":{"two_page_speed":[],"footnotes":""},"categories":[1],"tags":[],"class_list":["post-2422","post","type-post","status-publish","format-standard","hentry","category-egyeb"],"_links":{"self":[{"href":"https:\/\/altisk-mlak.edu.hu\/index.php\/wp-json\/wp\/v2\/posts\/2422","targetHints":{"allow":["GET"]}}],"collection":[{"href":"https:\/\/altisk-mlak.edu.hu\/index.php\/wp-json\/wp\/v2\/posts"}],"about":[{"href":"https:\/\/altisk-mlak.edu.hu\/index.php\/wp-json\/wp\/v2\/types\/post"}],"author":[{"embeddable":true,"href":"https:\/\/altisk-mlak.edu.hu\/index.php\/wp-json\/wp\/v2\/users\/3"}],"replies":[{"embeddable":true,"href":"https:\/\/altisk-mlak.edu.hu\/index.php\/wp-json\/wp\/v2\/comments?post=2422"}],"version-history":[{"count":2,"href":"https:\/\/altisk-mlak.edu.hu\/index.php\/wp-json\/wp\/v2\/posts\/2422\/revisions"}],"predecessor-version":[{"id":2430,"href":"https:\/\/altisk-mlak.edu.hu\/index.php\/wp-json\/wp\/v2\/posts\/2422\/revisions\/2430"}],"wp:attachment":[{"href":"https:\/\/altisk-mlak.edu.hu\/index.php\/wp-json\/wp\/v2\/media?parent=2422"}],"wp:term":[{"taxonomy":"category","embeddable":true,"href":"https:\/\/altisk-mlak.edu.hu\/index.php\/wp-json\/wp\/v2\/categories?post=2422"},{"taxonomy":"post_tag","embeddable":true,"href":"https:\/\/altisk-mlak.edu.hu\/index.php\/wp-json\/wp\/v2\/tags?post=2422"}],"curies":[{"name":"wp","href":"https:\/\/api.w.org\/{rel}","templated":true}]}}