{"id":2431,"date":"2024-09-03T10:23:23","date_gmt":"2024-09-03T10:23:23","guid":{"rendered":"https:\/\/altisk-mlak.edu.hu\/?p=2431"},"modified":"2024-09-03T12:08:39","modified_gmt":"2024-09-03T12:08:39","slug":"befogado-unnepseg-2","status":"publish","type":"post","link":"https:\/\/altisk-mlak.edu.hu\/index.php\/befogado-unnepseg-2\/","title":{"rendered":"Befogad\u00f3 \u00fcnneps\u00e9g"},"content":{"rendered":"<p align=\"justify\"><img fetchpriority=\"high\" decoding=\"async\" class=\"alignleft size-medium wp-image-2433\" src=\"https:\/\/altisk-mlak.edu.hu\/wp-content\/uploads\/2024\/09\/IMG_20240902_081345-300x220.jpg\" alt=\"\" width=\"300\" height=\"220\" srcset=\"https:\/\/altisk-mlak.edu.hu\/wp-content\/uploads\/2024\/09\/IMG_20240902_081345-300x220.jpg 300w, https:\/\/altisk-mlak.edu.hu\/wp-content\/uploads\/2024\/09\/IMG_20240902_081345-1024x750.jpg 1024w, https:\/\/altisk-mlak.edu.hu\/wp-content\/uploads\/2024\/09\/IMG_20240902_081345-768x562.jpg 768w, https:\/\/altisk-mlak.edu.hu\/wp-content\/uploads\/2024\/09\/IMG_20240902_081345-1536x1125.jpg 1536w, https:\/\/altisk-mlak.edu.hu\/wp-content\/uploads\/2024\/09\/IMG_20240902_081345-2048x1500.jpg 2048w, https:\/\/altisk-mlak.edu.hu\/wp-content\/uploads\/2024\/09\/IMG_20240902_081345-600x439.jpg 600w\" sizes=\"(max-width: 300px) 100vw, 300px\" \/>Iskol\u00e1nkban m\u00e1r hagyom\u00e1nyoss\u00e1 v\u00e1lt, hogy a tan\u00e9v els\u0151 napj\u00e1n befogad\u00f3 \u00fcnneps\u00e9get tartunk az \u00fajonnan \u00e9rkez\u0151 tanul\u00f3k sz\u00e1m\u00e1ra. A 2024\/2025-\u00f6s tan\u00e9vet 11 els\u0151s tanul\u00f3 kezdte, \u00e9s \u00e9rkezett gyermek a harmadik \u00e9s az \u00f6t\u00f6dik \u00e9vfolyamba is. A kis els\u0151s\u00f6k lelkesen k\u00e9sz\u00fcltek a nagy napra, K\u00e1lnay Ad\u00e9l K\u00f6sz\u00f6nt\u0151 c. vers\u00e9t k\u00f6z\u00f6sen adt\u00e1k el\u0151 Zak\u00f3cs Veronika tan\u00edt\u00f3 n\u00e9ni seg\u00edts\u00e9g\u00e9vel. <img decoding=\"async\" class=\"alignright size-medium wp-image-2432\" src=\"https:\/\/altisk-mlak.edu.hu\/wp-content\/uploads\/2024\/09\/IMG_20240902_082005-300x172.jpg\" alt=\"\" width=\"300\" height=\"172\" srcset=\"https:\/\/altisk-mlak.edu.hu\/wp-content\/uploads\/2024\/09\/IMG_20240902_082005-300x172.jpg 300w, https:\/\/altisk-mlak.edu.hu\/wp-content\/uploads\/2024\/09\/IMG_20240902_082005-1024x586.jpg 1024w, https:\/\/altisk-mlak.edu.hu\/wp-content\/uploads\/2024\/09\/IMG_20240902_082005-768x440.jpg 768w, https:\/\/altisk-mlak.edu.hu\/wp-content\/uploads\/2024\/09\/IMG_20240902_082005-1536x879.jpg 1536w, https:\/\/altisk-mlak.edu.hu\/wp-content\/uploads\/2024\/09\/IMG_20240902_082005-2048x1172.jpg 2048w, https:\/\/altisk-mlak.edu.hu\/wp-content\/uploads\/2024\/09\/IMG_20240902_082005-600x343.jpg 600w\" sizes=\"(max-width: 300px) 100vw, 300px\" \/>Ezt k\u00f6vet\u0151en a nyolcadik oszt\u00e1lyos l\u00e1nyok k\u00f6sz\u00f6nt\u0151 m\u0171sora k\u00f6vetkezett. A kedves versik\u00e9k \u00e9s dalok sok j\u00f3 tan\u00e1ccsal l\u00e1tt\u00e1k el a legkisebbeket. Megtudhatt\u00e1k, hogy l\u00e1tsz\u00f3lag minden sz\u00e1m egyform\u00e1n kedves, de az iskolai tanulm\u00e1nyok alatt nem mindegy, melyiket v\u00e1lassz\u00e1k: az egyes t\u00fal sov\u00e1ny; a kettes h\u00edvogat, de hamis; a h\u00e1rmasnak k\u00e9t g\u00f6rbe p\u00fapja van; a n\u00e9gyes m\u00e1r kedves, szel\u00edd; de az igazi, az \u00f6t\u00f6s, mert azzal \u00f6r\u00f6met lehet szerezni az \u00e9desany\u00e1knak.<\/p>\n<table style=\"border-collapse: collapse; width: 100%;\">\n<tbody>\n<tr>\n<td style=\"width: 50%;\"><img decoding=\"async\" class=\"aligncenter wp-image-2434\" src=\"https:\/\/altisk-mlak.edu.hu\/wp-content\/uploads\/2024\/09\/IMG_20240902_220917-300x276.jpg\" alt=\"\" width=\"218\" height=\"200\" srcset=\"https:\/\/altisk-mlak.edu.hu\/wp-content\/uploads\/2024\/09\/IMG_20240902_220917-300x276.jpg 300w, https:\/\/altisk-mlak.edu.hu\/wp-content\/uploads\/2024\/09\/IMG_20240902_220917-1024x941.jpg 1024w, https:\/\/altisk-mlak.edu.hu\/wp-content\/uploads\/2024\/09\/IMG_20240902_220917-768x706.jpg 768w, https:\/\/altisk-mlak.edu.hu\/wp-content\/uploads\/2024\/09\/IMG_20240902_220917-1536x1412.jpg 1536w, https:\/\/altisk-mlak.edu.hu\/wp-content\/uploads\/2024\/09\/IMG_20240902_220917-2048x1883.jpg 2048w, https:\/\/altisk-mlak.edu.hu\/wp-content\/uploads\/2024\/09\/IMG_20240902_220917-600x552.jpg 600w\" sizes=\"(max-width: 218px) 100vw, 218px\" \/><\/td>\n<td style=\"width: 50%;\"><img loading=\"lazy\" decoding=\"async\" class=\"aligncenter wp-image-2435\" src=\"https:\/\/altisk-mlak.edu.hu\/wp-content\/uploads\/2024\/09\/IMG_20240902_220739-300x296.jpg\" alt=\"\" width=\"203\" height=\"200\" srcset=\"https:\/\/altisk-mlak.edu.hu\/wp-content\/uploads\/2024\/09\/IMG_20240902_220739-300x296.jpg 300w, https:\/\/altisk-mlak.edu.hu\/wp-content\/uploads\/2024\/09\/IMG_20240902_220739-1024x1009.jpg 1024w, https:\/\/altisk-mlak.edu.hu\/wp-content\/uploads\/2024\/09\/IMG_20240902_220739-768x757.jpg 768w, https:\/\/altisk-mlak.edu.hu\/wp-content\/uploads\/2024\/09\/IMG_20240902_220739-1536x1514.jpg 1536w, https:\/\/altisk-mlak.edu.hu\/wp-content\/uploads\/2024\/09\/IMG_20240902_220739-2048x2019.jpg 2048w, https:\/\/altisk-mlak.edu.hu\/wp-content\/uploads\/2024\/09\/IMG_20240902_220739-600x591.jpg 600w\" sizes=\"(max-width: 203px) 100vw, 203px\" \/><\/td>\n<\/tr>\n<\/tbody>\n<\/table>\n<p align=\"justify\">A befogad\u00f3 \u00fcnneps\u00e9g z\u00e1r\u00e1sak\u00e9nt az els\u0151s\u00f6k fogadalmat tettek, melyet Doncsecz Vikt\u00f3ria D\u00d6K vezet\u0151 mondott el\u0151, ez\u00e1ltal teljes jog\u00fa tagjaiv\u00e1 v\u00e1ltak az iskolak\u00f6z\u00f6ss\u00e9gnek. A v\u00e9gz\u0151s tanul\u00f3k vid\u00e1m kit\u0171z\u0151vel \u00e9s \u00edr\u00f3szerrel is kedveskedtek az \u00faj tanul\u00f3knak.<\/p>\n<p style=\"text-align: right;\"><i>Mezein\u00e9 Kiss Katalin<\/i><\/p>\n","protected":false},"excerpt":{"rendered":"<p>Iskol\u00e1nkban m\u00e1r hagyom\u00e1nyoss\u00e1 v\u00e1lt, hogy a tan\u00e9v els\u0151 napj\u00e1n befogad\u00f3 \u00fcnneps\u00e9get tartunk az \u00fajonnan \u00e9rkez\u0151 tanul\u00f3k sz\u00e1m\u00e1ra. A 2024\/2025-\u00f6s tan\u00e9vet 11 els\u0151s tanul\u00f3 kezdte, \u00e9s \u00e9rkezett gyermek a harmadik \u00e9s az \u00f6t\u00f6dik<a class=\"moretag\" href=\"https:\/\/altisk-mlak.edu.hu\/index.php\/befogado-unnepseg-2\/\">Read More&#8230;<\/a><\/p>\n","protected":false},"author":3,"featured_media":0,"comment_status":"closed","ping_status":"closed","sticky":false,"template":"","format":"standard","meta":{"two_page_speed":[],"footnotes":""},"categories":[1],"tags":[],"class_list":["post-2431","post","type-post","status-publish","format-standard","hentry","category-egyeb"],"_links":{"self":[{"href":"https:\/\/altisk-mlak.edu.hu\/index.php\/wp-json\/wp\/v2\/posts\/2431","targetHints":{"allow":["GET"]}}],"collection":[{"href":"https:\/\/altisk-mlak.edu.hu\/index.php\/wp-json\/wp\/v2\/posts"}],"about":[{"href":"https:\/\/altisk-mlak.edu.hu\/index.php\/wp-json\/wp\/v2\/types\/post"}],"author":[{"embeddable":true,"href":"https:\/\/altisk-mlak.edu.hu\/index.php\/wp-json\/wp\/v2\/users\/3"}],"replies":[{"embeddable":true,"href":"https:\/\/altisk-mlak.edu.hu\/index.php\/wp-json\/wp\/v2\/comments?post=2431"}],"version-history":[{"count":1,"href":"https:\/\/altisk-mlak.edu.hu\/index.php\/wp-json\/wp\/v2\/posts\/2431\/revisions"}],"predecessor-version":[{"id":2436,"href":"https:\/\/altisk-mlak.edu.hu\/index.php\/wp-json\/wp\/v2\/posts\/2431\/revisions\/2436"}],"wp:attachment":[{"href":"https:\/\/altisk-mlak.edu.hu\/index.php\/wp-json\/wp\/v2\/media?parent=2431"}],"wp:term":[{"taxonomy":"category","embeddable":true,"href":"https:\/\/altisk-mlak.edu.hu\/index.php\/wp-json\/wp\/v2\/categories?post=2431"},{"taxonomy":"post_tag","embeddable":true,"href":"https:\/\/altisk-mlak.edu.hu\/index.php\/wp-json\/wp\/v2\/tags?post=2431"}],"curies":[{"name":"wp","href":"https:\/\/api.w.org\/{rel}","templated":true}]}}