{"id":2457,"date":"2024-09-10T09:16:35","date_gmt":"2024-09-10T09:16:35","guid":{"rendered":"https:\/\/altisk-mlak.edu.hu\/?p=2457"},"modified":"2024-09-13T07:05:24","modified_gmt":"2024-09-13T07:05:24","slug":"kalandos-erdei-tura","status":"publish","type":"post","link":"https:\/\/altisk-mlak.edu.hu\/index.php\/kalandos-erdei-tura\/","title":{"rendered":"Kalandos erdei t\u00fara"},"content":{"rendered":"<p align=\"justify\"><img fetchpriority=\"high\" decoding=\"async\" class=\"alignleft size-medium wp-image-2458\" src=\"https:\/\/altisk-mlak.edu.hu\/wp-content\/uploads\/2024\/09\/tura2-300x225.jpg\" alt=\"\" width=\"300\" height=\"225\" srcset=\"https:\/\/altisk-mlak.edu.hu\/wp-content\/uploads\/2024\/09\/tura2-300x225.jpg 300w, https:\/\/altisk-mlak.edu.hu\/wp-content\/uploads\/2024\/09\/tura2-1024x768.jpg 1024w, https:\/\/altisk-mlak.edu.hu\/wp-content\/uploads\/2024\/09\/tura2-768x576.jpg 768w, https:\/\/altisk-mlak.edu.hu\/wp-content\/uploads\/2024\/09\/tura2-1536x1152.jpg 1536w, https:\/\/altisk-mlak.edu.hu\/wp-content\/uploads\/2024\/09\/tura2-600x450.jpg 600w, https:\/\/altisk-mlak.edu.hu\/wp-content\/uploads\/2024\/09\/tura2.jpg 2040w\" sizes=\"(max-width: 300px) 100vw, 300px\" \/>Term\u00e9szettudom\u00e1ny-\u00f3r\u00e1n az erd\u0151 \u00e9letk\u00f6z\u00f6ss\u00e9ge t\u00e9mak\u00f6rrel foglalkoztunk. Kati n\u00e9ni felvetette, van-e kedv\u00fcnk egy erdei t\u00far\u00e1n r\u00e9szt venni. Mindannyiunknak tetszett az \u00f6tlet, \u00e9s meg is besz\u00e9lt\u00fck, mit visz\u00fcnk magunkkal: jegyzetf\u00fczet, \u00edr\u00f3eszk\u00f6z, gumicsizma, kullancsriaszt\u00f3.<\/p>\n<p align=\"justify\">Mivel aznap az iskolabusz m\u00e1r foglalt volt, ez\u00e9rt a tan\u00e1rn\u0151 aut\u00f3j\u00e1val indultunk \u00fatnak. \u00datk\u00f6zben a \u201eMes\u00e9l az erd\u0151\u201d c\u00edm\u0171 dalt hallgattuk. N\u00e9h\u00e1ny perc eltelt\u00e9vel m\u00e1r a Husz\u00e1szi-erd\u0151n\u00e9l voltunk, \u00e9s kezd\u0151d\u00f6tt a terepi \u00f3ra. A tan\u00e1rn\u0151 ismertette a term\u00e9szetes \u00e9s mesters\u00e9ges erd\u0151 k\u00f6zti k\u00fcl\u00f6nbs\u00e9get. Seg\u00edt\u0151 k\u00e9rd\u00e9sei \u00e1ltal \u00fcgyesen \u00f6sszegy\u0171jt\u00f6tt\u00fck az egyes erd\u0151t\u00edpusok jellemz\u0151it. Majd n\u00f6v\u00e9nyhat\u00e1roz\u00e1si \u00e9s vadl\u00e1bnyom-felismer\u00e9si feladatok k\u00f6vetkeztek. K\u00f6zben beljebb \u00e9s beljebb mer\u00e9szkedt\u00fcnk, emelked\u0151ket h\u00f3d\u00edtottunk meg, v\u00f6lgyekbe ereszkedt\u00fcnk le, v\u00e9g\u00fcl az erd\u0151 s\u0171r\u0171j\u00e9ben tal\u00e1ltuk magunkat. Dombr\u00f3l le, dombra fel kutatva kerest\u00fck a kivezet\u0151 utat. T\u00f6bbsz\u00f6r megbotlottunk, el is est\u00fcnk, a szederinda karcolta a karunkat, l\u00e1bunkat. Szomjunkat erdei gy\u00fcm\u00f6lcs\u00f6kkel oltottuk. Nagyon meg\u00f6r\u00fclt\u00fcnk, amikor egy m\u00e9ly traktornyomot fedezt\u00fcnk fel. R\u00e1\u00e1lltunk a csap\u00e1ra, ami kivezetett benn\u00fcnket egy erdei \u00fatra. J\u00f3kora t\u00e1vot tett\u00fcnk m\u00e1r meg, amikor egy T el\u00e1gaz\u00f3hoz \u00e9rt\u00fcnk. Kati n\u00e9ni telefonos seg\u00edts\u00e9get k\u00e9rt Dr. Jandrasits Laci b\u00e1csit\u00f3l, az \u0150rs\u00e9gi Nemzeti Park term\u00e9szetv\u00e9delmi \u0151r\u00e9t\u0151l, aki felvil\u00e1gos\u00edtott benn\u00fcnket, hol vagyunk val\u00f3j\u00e1ban \u00e9s megtudtuk, hogy j\u00f3 messzire ker\u00fclt\u00fcnk a kiindul\u00e1si pontt\u00f3l. A tan\u00e1rn\u0151 r\u00f6gt\u00f6n h\u00edvta Kocsis Zsolt polg\u00e1rmester urat, aki k\u00e9szs\u00e9gesen, porvihart kavarva ott termett \u00e9s elvitt minket a kocsihoz. K\u00f6sz\u00f6nj\u00fck sz\u00e9pen polg\u00e1rmester \u00farnak, hogy nyomban a seg\u00edts\u00e9g\u00fcnkre j\u00f6tt \u00e9s megmentett benn\u00fcnket a hossz\u00fa kivezet\u0151 \u00fatt\u00f3l.<\/p>\n<table style=\"border-collapse: collapse; width: 100%;\">\n<tbody>\n<tr>\n<td style=\"width: 50%;\"><img decoding=\"async\" class=\"aligncenter wp-image-2460 size-large\" src=\"https:\/\/altisk-mlak.edu.hu\/wp-content\/uploads\/2024\/09\/tura3-768x1024.jpg\" alt=\"\" width=\"604\" height=\"805\" srcset=\"https:\/\/altisk-mlak.edu.hu\/wp-content\/uploads\/2024\/09\/tura3-768x1024.jpg 768w, https:\/\/altisk-mlak.edu.hu\/wp-content\/uploads\/2024\/09\/tura3-225x300.jpg 225w, https:\/\/altisk-mlak.edu.hu\/wp-content\/uploads\/2024\/09\/tura3-1152x1536.jpg 1152w, https:\/\/altisk-mlak.edu.hu\/wp-content\/uploads\/2024\/09\/tura3-450x600.jpg 450w, https:\/\/altisk-mlak.edu.hu\/wp-content\/uploads\/2024\/09\/tura3.jpg 1530w\" sizes=\"(max-width: 604px) 100vw, 604px\" \/><\/td>\n<td style=\"width: 50%;\"><img decoding=\"async\" class=\"aligncenter wp-image-2459 size-large\" src=\"https:\/\/altisk-mlak.edu.hu\/wp-content\/uploads\/2024\/09\/tura4-768x1024.jpg\" alt=\"\" width=\"604\" height=\"805\" srcset=\"https:\/\/altisk-mlak.edu.hu\/wp-content\/uploads\/2024\/09\/tura4-768x1024.jpg 768w, https:\/\/altisk-mlak.edu.hu\/wp-content\/uploads\/2024\/09\/tura4-225x300.jpg 225w, https:\/\/altisk-mlak.edu.hu\/wp-content\/uploads\/2024\/09\/tura4-1152x1536.jpg 1152w, https:\/\/altisk-mlak.edu.hu\/wp-content\/uploads\/2024\/09\/tura4-450x600.jpg 450w, https:\/\/altisk-mlak.edu.hu\/wp-content\/uploads\/2024\/09\/tura4.jpg 1530w\" sizes=\"(max-width: 604px) 100vw, 604px\" \/><\/td>\n<\/tr>\n<tr>\n<td colspan=\"2\"><img loading=\"lazy\" decoding=\"async\" class=\"aligncenter wp-image-2461 size-large\" src=\"https:\/\/altisk-mlak.edu.hu\/wp-content\/uploads\/2024\/09\/tura1-1024x768.jpg\" alt=\"\" width=\"604\" height=\"453\" srcset=\"https:\/\/altisk-mlak.edu.hu\/wp-content\/uploads\/2024\/09\/tura1-1024x768.jpg 1024w, https:\/\/altisk-mlak.edu.hu\/wp-content\/uploads\/2024\/09\/tura1-300x225.jpg 300w, https:\/\/altisk-mlak.edu.hu\/wp-content\/uploads\/2024\/09\/tura1-768x576.jpg 768w, https:\/\/altisk-mlak.edu.hu\/wp-content\/uploads\/2024\/09\/tura1-1536x1152.jpg 1536w, https:\/\/altisk-mlak.edu.hu\/wp-content\/uploads\/2024\/09\/tura1-600x450.jpg 600w, https:\/\/altisk-mlak.edu.hu\/wp-content\/uploads\/2024\/09\/tura1.jpg 2040w\" sizes=\"(max-width: 604px) 100vw, 604px\" \/><\/td>\n<\/tr>\n<\/tbody>\n<\/table>\n<p align=\"justify\">Az egy\u00f3r\u00e1sra tervezett program ugyan meghosszabbodott, de mi ezt cseppet sem b\u00e1ntuk, mert nagyon j\u00f3l \u00e9rezt\u00fck magunkat, j\u00f3kat kacagtunk, sok kalandot \u00e1t\u00e9lt\u00fcnk, friss leveg\u0151n voltunk \u00e9s k\u00f6zelr\u0151l ismert\u00fck meg az erd\u0151 \u00e9letk\u00f6z\u00f6ss\u00e9g\u00e9t. Kiss\u00e9 izzadtan, s\u00e1rosan, de \u00e9letre sz\u00f3l\u00f3 \u00e9lm\u00e9nyekkel \u00e9rkezt\u00fcnk vissza az iskol\u00e1ba.<\/p>\n<p style=\"text-align: right;\" align=\"justify\"><em>6. oszt\u00e1ly<\/em><\/p>\n","protected":false},"excerpt":{"rendered":"<p>Term\u00e9szettudom\u00e1ny-\u00f3r\u00e1n az erd\u0151 \u00e9letk\u00f6z\u00f6ss\u00e9ge t\u00e9mak\u00f6rrel foglalkoztunk. Kati n\u00e9ni felvetette, van-e kedv\u00fcnk egy erdei t\u00far\u00e1n r\u00e9szt venni. Mindannyiunknak tetszett az \u00f6tlet, \u00e9s meg is besz\u00e9lt\u00fck, mit visz\u00fcnk magunkkal: jegyzetf\u00fczet, \u00edr\u00f3eszk\u00f6z, gumicsizma, kullancsriaszt\u00f3. Mivel<a class=\"moretag\" href=\"https:\/\/altisk-mlak.edu.hu\/index.php\/kalandos-erdei-tura\/\">Read More&#8230;<\/a><\/p>\n","protected":false},"author":3,"featured_media":0,"comment_status":"closed","ping_status":"closed","sticky":false,"template":"","format":"standard","meta":{"two_page_speed":[],"footnotes":""},"categories":[1],"tags":[],"class_list":["post-2457","post","type-post","status-publish","format-standard","hentry","category-egyeb"],"_links":{"self":[{"href":"https:\/\/altisk-mlak.edu.hu\/index.php\/wp-json\/wp\/v2\/posts\/2457","targetHints":{"allow":["GET"]}}],"collection":[{"href":"https:\/\/altisk-mlak.edu.hu\/index.php\/wp-json\/wp\/v2\/posts"}],"about":[{"href":"https:\/\/altisk-mlak.edu.hu\/index.php\/wp-json\/wp\/v2\/types\/post"}],"author":[{"embeddable":true,"href":"https:\/\/altisk-mlak.edu.hu\/index.php\/wp-json\/wp\/v2\/users\/3"}],"replies":[{"embeddable":true,"href":"https:\/\/altisk-mlak.edu.hu\/index.php\/wp-json\/wp\/v2\/comments?post=2457"}],"version-history":[{"count":2,"href":"https:\/\/altisk-mlak.edu.hu\/index.php\/wp-json\/wp\/v2\/posts\/2457\/revisions"}],"predecessor-version":[{"id":2463,"href":"https:\/\/altisk-mlak.edu.hu\/index.php\/wp-json\/wp\/v2\/posts\/2457\/revisions\/2463"}],"wp:attachment":[{"href":"https:\/\/altisk-mlak.edu.hu\/index.php\/wp-json\/wp\/v2\/media?parent=2457"}],"wp:term":[{"taxonomy":"category","embeddable":true,"href":"https:\/\/altisk-mlak.edu.hu\/index.php\/wp-json\/wp\/v2\/categories?post=2457"},{"taxonomy":"post_tag","embeddable":true,"href":"https:\/\/altisk-mlak.edu.hu\/index.php\/wp-json\/wp\/v2\/tags?post=2457"}],"curies":[{"name":"wp","href":"https:\/\/api.w.org\/{rel}","templated":true}]}}