{"id":2486,"date":"2024-09-23T18:57:31","date_gmt":"2024-09-23T18:57:31","guid":{"rendered":"https:\/\/altisk-mlak.edu.hu\/?p=2486"},"modified":"2024-09-24T09:13:39","modified_gmt":"2024-09-24T09:13:39","slug":"ado1sz","status":"publish","type":"post","link":"https:\/\/altisk-mlak.edu.hu\/index.php\/ado1sz\/","title":{"rendered":"K\u00f6sz\u00f6netnyilv\u00e1n\u00edt\u00e1s &#8211; Ad\u00f3 1%"},"content":{"rendered":"<table style=\"background-image: url('https:\/\/altisk-mlak.edu.hu\/wp-content\/uploads\/2024\/09\/Ado_1_hatter.jpg'); border-collapse: collapse; width: 500px; height: 700px;\">\n<tbody>\n<tr>\n<td style=\"width: 100%;\">\n<table class=\" aligncenter\" style=\"width: 73.2859%; border-collapse: collapse; height: 565px;\">\n<tbody>\n<tr>\n<td style=\"width: 100%;\">Tisztelt T\u00e1mogat\u00f3ink, kedves Sz\u00fcl\u0151k!<\/p>\n<p style=\"text-align: justify;\">\u00d6r\u00f6mmel t\u00e1j\u00e9koztatjuk \u00d6n\u00f6ket, hogy a 2023. \u00e9vi SZJA 1%-os felaj\u00e1nl\u00e1s\u00e1b\u00f3l a Magyarlak-Cs\u00f6r\u00f6tnek \u00c1ltal\u00e1nos Iskol\u00e1ja alap\u00edtv\u00e1nya, az Egy\u00fctt a Gyermekek\u00e9rt K\u00f6zalap\u00edtv\u00e1ny 886.487 Ft t\u00e1mogat\u00e1sban r\u00e9szes\u00fclt.<\/p>\n<p style=\"text-align: justify;\">Ezt az \u00f6sszeget tanul\u00f3ink iskolai \u00e9let\u00e9nek tov\u00e1bbi jobb\u00edt\u00e1s\u00e1ra ford\u00edtjuk.<\/p>\n<p>Seg\u00edts\u00e9g\u00fcket h\u00e1l\u00e1s sz\u00edvvel k\u00f6sz\u00f6nj\u00fck!<\/p>\n<p>Magyarlak, 2024. szeptember 16.<\/p>\n<p style=\"text-align: center;\">Tisztelettel:<\/p>\n<p style=\"text-align: right;\">Mezein\u00e9 Kiss Katalin<br \/>\ntagint\u00e9zm\u00e9ny-igazgat\u00f3<\/p>\n<\/td>\n<\/tr>\n<\/tbody>\n<\/table>\n<\/td>\n<\/tr>\n<\/tbody>\n<\/table>\n","protected":false},"excerpt":{"rendered":"<p>Tisztelt T\u00e1mogat\u00f3ink, kedves Sz\u00fcl\u0151k! \u00d6r\u00f6mmel t\u00e1j\u00e9koztatjuk \u00d6n\u00f6ket, hogy a 2023. \u00e9vi SZJA 1%-os felaj\u00e1nl\u00e1s\u00e1b\u00f3l a Magyarlak-Cs\u00f6r\u00f6tnek \u00c1ltal\u00e1nos Iskol\u00e1ja alap\u00edtv\u00e1nya, az Egy\u00fctt a Gyermekek\u00e9rt K\u00f6zalap\u00edtv\u00e1ny 886.487 Ft t\u00e1mogat\u00e1sban r\u00e9szes\u00fclt. Ezt az \u00f6sszeget tanul\u00f3ink<a class=\"moretag\" href=\"https:\/\/altisk-mlak.edu.hu\/index.php\/ado1sz\/\">Read More&#8230;<\/a><\/p>\n","protected":false},"author":3,"featured_media":0,"comment_status":"closed","ping_status":"closed","sticky":false,"template":"","format":"standard","meta":{"two_page_speed":[],"footnotes":""},"categories":[1],"tags":[],"class_list":["post-2486","post","type-post","status-publish","format-standard","hentry","category-egyeb"],"_links":{"self":[{"href":"https:\/\/altisk-mlak.edu.hu\/index.php\/wp-json\/wp\/v2\/posts\/2486","targetHints":{"allow":["GET"]}}],"collection":[{"href":"https:\/\/altisk-mlak.edu.hu\/index.php\/wp-json\/wp\/v2\/posts"}],"about":[{"href":"https:\/\/altisk-mlak.edu.hu\/index.php\/wp-json\/wp\/v2\/types\/post"}],"author":[{"embeddable":true,"href":"https:\/\/altisk-mlak.edu.hu\/index.php\/wp-json\/wp\/v2\/users\/3"}],"replies":[{"embeddable":true,"href":"https:\/\/altisk-mlak.edu.hu\/index.php\/wp-json\/wp\/v2\/comments?post=2486"}],"version-history":[{"count":3,"href":"https:\/\/altisk-mlak.edu.hu\/index.php\/wp-json\/wp\/v2\/posts\/2486\/revisions"}],"predecessor-version":[{"id":2490,"href":"https:\/\/altisk-mlak.edu.hu\/index.php\/wp-json\/wp\/v2\/posts\/2486\/revisions\/2490"}],"wp:attachment":[{"href":"https:\/\/altisk-mlak.edu.hu\/index.php\/wp-json\/wp\/v2\/media?parent=2486"}],"wp:term":[{"taxonomy":"category","embeddable":true,"href":"https:\/\/altisk-mlak.edu.hu\/index.php\/wp-json\/wp\/v2\/categories?post=2486"},{"taxonomy":"post_tag","embeddable":true,"href":"https:\/\/altisk-mlak.edu.hu\/index.php\/wp-json\/wp\/v2\/tags?post=2486"}],"curies":[{"name":"wp","href":"https:\/\/api.w.org\/{rel}","templated":true}]}}