{"id":2498,"date":"2024-09-24T09:22:53","date_gmt":"2024-09-24T09:22:53","guid":{"rendered":"https:\/\/altisk-mlak.edu.hu\/?p=2498"},"modified":"2024-09-25T08:23:59","modified_gmt":"2024-09-25T08:23:59","slug":"a-ronoki-puspoki-szentmisen-szolgaltunk-2","status":"publish","type":"post","link":"https:\/\/altisk-mlak.edu.hu\/index.php\/a-ronoki-puspoki-szentmisen-szolgaltunk-2\/","title":{"rendered":"A r\u00f6n\u00f6ki p\u00fcsp\u00f6ki szentmis\u00e9n szolg\u00e1ltunk"},"content":{"rendered":"<p align=\"justify\"><a name=\"_GoBack\"><\/a> <span style=\"font-size: medium;\">A Szombathelyi Egyh\u00e1zmegye megh\u00edv\u00e1s\u00e1ra iskol\u00e1nk k\u00f3rusa egyh\u00e1zi szolg\u00e1latot ny\u00fajtott a Szent Kereszt felmagasztal\u00e1sa \u00fcnnep\u00e9n a r\u00f6n\u00f6ki Szent Imre templomban. Az \u00fcnnepi szentmis\u00e9t \u00c4gidius Zsifkovics kismartoni \u00e9s Sz\u00e9kely J\u00e1nos szombathelyi megy\u00e9sp\u00fcsp\u00f6k celebr\u00e1lta. A hittanos gyermekekb\u0151l \u00e1ll\u00f3 k\u00f3rus \u00c1gnes n\u0151v\u00e9r vezet\u00e9s\u00e9vel a zsolt\u00e1rolvas\u00e1st k\u00f6vet\u0151en \u201eAz \u00dar az \u00e9n P\u00e1sztorom\u201d, a felaj\u00e1nl\u00e1skor az \u201eAty\u00e1m, Tied vagyok\u201d, az \u00e1ldoz\u00e1skor a \u201eT\u00fczed Uram J\u00e9zus, sz\u00edtsd a sz\u00edvemben\u201d c. \u00e9nekeket adta el\u0151 git\u00e1rk\u00eds\u00e9rettel. A refr\u00e9nt a gyermekek ritmushangszerek megsz\u00f3laltat\u00e1s\u00e1val sz\u00ednes\u00edtett\u00e9k. A szentmis\u00e9t az ORF 2 \u00e9s a ZDF \u00e9l\u0151ben k\u00f6zvet\u00edtette.<\/span><\/p>\n<p><img fetchpriority=\"high\" decoding=\"async\" class=\"aligncenter size-large wp-image-2500\" src=\"https:\/\/altisk-mlak.edu.hu\/wp-content\/uploads\/2024\/09\/IMG_20240922_155846-1024x769.jpg\" alt=\"\" width=\"604\" height=\"454\" srcset=\"https:\/\/altisk-mlak.edu.hu\/wp-content\/uploads\/2024\/09\/IMG_20240922_155846-1024x769.jpg 1024w, https:\/\/altisk-mlak.edu.hu\/wp-content\/uploads\/2024\/09\/IMG_20240922_155846-300x225.jpg 300w, https:\/\/altisk-mlak.edu.hu\/wp-content\/uploads\/2024\/09\/IMG_20240922_155846-768x577.jpg 768w, https:\/\/altisk-mlak.edu.hu\/wp-content\/uploads\/2024\/09\/IMG_20240922_155846-1536x1154.jpg 1536w, https:\/\/altisk-mlak.edu.hu\/wp-content\/uploads\/2024\/09\/IMG_20240922_155846-2048x1538.jpg 2048w, https:\/\/altisk-mlak.edu.hu\/wp-content\/uploads\/2024\/09\/IMG_20240922_155846-600x451.jpg 600w\" sizes=\"(max-width: 604px) 100vw, 604px\" \/><\/p>\n<p align=\"justify\"><span style=\"font-size: medium;\">H\u00e1l\u00e1s sz\u00edvvel k\u00f6sz\u00f6nj\u00fck a megtisztel\u0151 megh\u00edv\u00e1st, a gyermekek l\u00e9lekmelenget\u0151 \u00e9nek\u00e9t, valamint a sz\u00fcl\u0151k seg\u00edt\u0151 k\u00f6zrem\u0171k\u00f6d\u00e9s\u00e9t. J\u00f3 volt \u00e1t\u00e9lni \u00e9s megtapasztalni, hogy Krisztus szeretete \u00f6sszek\u00f6t minket.<\/span><\/p>\n","protected":false},"excerpt":{"rendered":"<p>A Szombathelyi Egyh\u00e1zmegye megh\u00edv\u00e1s\u00e1ra iskol\u00e1nk k\u00f3rusa egyh\u00e1zi szolg\u00e1latot ny\u00fajtott a Szent Kereszt felmagasztal\u00e1sa \u00fcnnep\u00e9n a r\u00f6n\u00f6ki Szent Imre templomban. Az \u00fcnnepi szentmis\u00e9t \u00c4gidius Zsifkovics kismartoni \u00e9s Sz\u00e9kely J\u00e1nos szombathelyi megy\u00e9sp\u00fcsp\u00f6k celebr\u00e1lta. A<a class=\"moretag\" href=\"https:\/\/altisk-mlak.edu.hu\/index.php\/a-ronoki-puspoki-szentmisen-szolgaltunk-2\/\">Read More&#8230;<\/a><\/p>\n","protected":false},"author":3,"featured_media":0,"comment_status":"closed","ping_status":"closed","sticky":false,"template":"","format":"standard","meta":{"two_page_speed":[],"footnotes":""},"categories":[1],"tags":[],"class_list":["post-2498","post","type-post","status-publish","format-standard","hentry","category-egyeb"],"_links":{"self":[{"href":"https:\/\/altisk-mlak.edu.hu\/index.php\/wp-json\/wp\/v2\/posts\/2498","targetHints":{"allow":["GET"]}}],"collection":[{"href":"https:\/\/altisk-mlak.edu.hu\/index.php\/wp-json\/wp\/v2\/posts"}],"about":[{"href":"https:\/\/altisk-mlak.edu.hu\/index.php\/wp-json\/wp\/v2\/types\/post"}],"author":[{"embeddable":true,"href":"https:\/\/altisk-mlak.edu.hu\/index.php\/wp-json\/wp\/v2\/users\/3"}],"replies":[{"embeddable":true,"href":"https:\/\/altisk-mlak.edu.hu\/index.php\/wp-json\/wp\/v2\/comments?post=2498"}],"version-history":[{"count":1,"href":"https:\/\/altisk-mlak.edu.hu\/index.php\/wp-json\/wp\/v2\/posts\/2498\/revisions"}],"predecessor-version":[{"id":2501,"href":"https:\/\/altisk-mlak.edu.hu\/index.php\/wp-json\/wp\/v2\/posts\/2498\/revisions\/2501"}],"wp:attachment":[{"href":"https:\/\/altisk-mlak.edu.hu\/index.php\/wp-json\/wp\/v2\/media?parent=2498"}],"wp:term":[{"taxonomy":"category","embeddable":true,"href":"https:\/\/altisk-mlak.edu.hu\/index.php\/wp-json\/wp\/v2\/categories?post=2498"},{"taxonomy":"post_tag","embeddable":true,"href":"https:\/\/altisk-mlak.edu.hu\/index.php\/wp-json\/wp\/v2\/tags?post=2498"}],"curies":[{"name":"wp","href":"https:\/\/api.w.org\/{rel}","templated":true}]}}