{"id":2503,"date":"2024-09-25T08:48:01","date_gmt":"2024-09-25T08:48:01","guid":{"rendered":"https:\/\/altisk-mlak.edu.hu\/?p=2503"},"modified":"2024-10-01T07:34:23","modified_gmt":"2024-10-01T07:34:23","slug":"meghivo-a-szureti-vigalomra","status":"publish","type":"post","link":"https:\/\/altisk-mlak.edu.hu\/index.php\/meghivo-a-szureti-vigalomra\/","title":{"rendered":"Megh\u00edv\u00f3 a Sz\u00fcreti Vigalomra"},"content":{"rendered":"<table style=\"background-image: url('https:\/\/altisk-mlak.edu.hu\/wp-content\/uploads\/2024\/09\/Meghivo_hatter.png'); border-collapse: collapse; width: 600px; height: 800px;\">\n<tbody>\n<tr>\n<td style=\"width: 100%;\">\n<table class=\" aligncenter\" style=\"width: 65.8564%; border-collapse: collapse; height: 656px;\">\n<tbody>\n<tr>\n<td style=\"width: 100%;\">\n<p style=\"text-align: center;\"><b>Kedves Sz\u00fcl\u0151k!<\/b><\/p>\n<p style=\"text-align: center;\">Sok szeretettel h\u00edvjuk a gyermekeket \u00e9s a sz\u00fcl\u0151ket a<br \/>\n<strong>2024. szeptember 28-\u00e1n (szombat) 14 \u00f3rakor<\/strong><br \/>\n<strong>kezd\u0151d\u0151 Cs\u00f6r\u00f6tneki Sz\u00fcreti Vigalomra.<\/strong><\/p>\n<p style=\"text-align: center;\">Gy\u00fclekez\u0151: 13:30-kor a cs\u00f6r\u00f6tneki sportp\u00e1ly\u00e1n,<br \/>\nonnan indul a felvonul\u00e1s a F\u0151 \u00faton \u00e9s a Vas\u00fati \u00faton \u00e1t.<br \/>\nAz <strong>Ak\u00e1cfa Kempingben kultur\u00e1lis m\u0171sorok \u00e9s gyermekprogramok<\/strong> (\u00edj\u00e1szat, szalmalabirintus, lufihajtogat\u00e1s, arcfest\u00e9s, sz\u0151l\u0151pr\u00e9sel\u00e9s) v\u00e1rj\u00e1k az \u00e9rdekl\u0151d\u0151ket.<br \/>\nA felvonul\u00e1shoz <strong>a fi\u00faknak mell\u00e9nyt, a l\u00e1nyoknak szokny\u00e1t \u00e9s mell\u00e9nyt tudunk biztos\u00edtani. K\u00e9rem, hogy ig\u00e9ny\u00fcket jelezz\u00e9k az oszt\u00e1lyf\u0151n\u00f6kn\u00e9l!<\/strong><\/p>\n<p style=\"text-align: center;\">K\u00f6sz\u00f6n\u00f6m sz\u00e9pen el\u0151re is, hogy jelenl\u00e9t\u00fckkel t\u00e1mogatni tudj\u00e1k hagyom\u00e1ny\u0151rz\u0151 rendezv\u00e9ny\u00fcnket!<br \/>\nMagyarlak, 2024. 09 25.<\/p>\n<p style=\"text-align: center;\">Tisztelettel:<br \/>\nMezein\u00e9 Kiss Katalin tagint\u00e9zm\u00e9ny-igazgat\u00f3<\/p>\n<\/td>\n<\/tr>\n<\/tbody>\n<\/table>\n<\/td>\n<\/tr>\n<\/tbody>\n<\/table>\n","protected":false},"excerpt":{"rendered":"<p>Kedves Sz\u00fcl\u0151k! Sok szeretettel h\u00edvjuk a gyermekeket \u00e9s a sz\u00fcl\u0151ket a 2024. szeptember 28-\u00e1n (szombat) 14 \u00f3rakor kezd\u0151d\u0151 Cs\u00f6r\u00f6tneki Sz\u00fcreti Vigalomra. Gy\u00fclekez\u0151: 13:30-kor a cs\u00f6r\u00f6tneki sportp\u00e1ly\u00e1n, onnan indul a felvonul\u00e1s a F\u0151<a class=\"moretag\" href=\"https:\/\/altisk-mlak.edu.hu\/index.php\/meghivo-a-szureti-vigalomra\/\">Read More&#8230;<\/a><\/p>\n","protected":false},"author":3,"featured_media":0,"comment_status":"closed","ping_status":"closed","sticky":false,"template":"","format":"standard","meta":{"two_page_speed":[],"footnotes":""},"categories":[1],"tags":[],"class_list":["post-2503","post","type-post","status-publish","format-standard","hentry","category-egyeb"],"_links":{"self":[{"href":"https:\/\/altisk-mlak.edu.hu\/index.php\/wp-json\/wp\/v2\/posts\/2503","targetHints":{"allow":["GET"]}}],"collection":[{"href":"https:\/\/altisk-mlak.edu.hu\/index.php\/wp-json\/wp\/v2\/posts"}],"about":[{"href":"https:\/\/altisk-mlak.edu.hu\/index.php\/wp-json\/wp\/v2\/types\/post"}],"author":[{"embeddable":true,"href":"https:\/\/altisk-mlak.edu.hu\/index.php\/wp-json\/wp\/v2\/users\/3"}],"replies":[{"embeddable":true,"href":"https:\/\/altisk-mlak.edu.hu\/index.php\/wp-json\/wp\/v2\/comments?post=2503"}],"version-history":[{"count":2,"href":"https:\/\/altisk-mlak.edu.hu\/index.php\/wp-json\/wp\/v2\/posts\/2503\/revisions"}],"predecessor-version":[{"id":2506,"href":"https:\/\/altisk-mlak.edu.hu\/index.php\/wp-json\/wp\/v2\/posts\/2503\/revisions\/2506"}],"wp:attachment":[{"href":"https:\/\/altisk-mlak.edu.hu\/index.php\/wp-json\/wp\/v2\/media?parent=2503"}],"wp:term":[{"taxonomy":"category","embeddable":true,"href":"https:\/\/altisk-mlak.edu.hu\/index.php\/wp-json\/wp\/v2\/categories?post=2503"},{"taxonomy":"post_tag","embeddable":true,"href":"https:\/\/altisk-mlak.edu.hu\/index.php\/wp-json\/wp\/v2\/tags?post=2503"}],"curies":[{"name":"wp","href":"https:\/\/api.w.org\/{rel}","templated":true}]}}