{"id":2515,"date":"2024-10-01T08:43:09","date_gmt":"2024-10-01T08:43:09","guid":{"rendered":"https:\/\/altisk-mlak.edu.hu\/?p=2515"},"modified":"2024-10-01T10:22:07","modified_gmt":"2024-10-01T10:22:07","slug":"elismerest-kapott-igazgatonk","status":"publish","type":"post","link":"https:\/\/altisk-mlak.edu.hu\/index.php\/elismerest-kapott-igazgatonk\/","title":{"rendered":"Elismer\u00e9st kapott igazgat\u00f3nk"},"content":{"rendered":"<p align=\"justify\">Horv\u00e1thn\u00e9 Boldizs\u00e1r Borb\u00e1la, R\u00e1bagyarmat polg\u00e1rmestere d\u00edszoklevelet adom\u00e1nyozott Mezein\u00e9 Kiss Katalin tagint\u00e9zm\u00e9ny-igazgat\u00f3nak a 2019-2024 \u00f6nkorm\u00e1nyzati ciklusban R\u00e1bagyarmat telep\u00fcl\u00e9s\u00e9rt \u00e9s lak\u00f3i\u00e9rt, a folyamatos feladatell\u00e1t\u00e1s biztos\u00edt\u00e1s\u00e1\u00e9rt v\u00e9gzett tev\u00e9kenys\u00e9g\u00e9nek elismer\u00e9s\u00e9\u00fcl.<\/p>\n<p align=\"justify\"><img fetchpriority=\"high\" decoding=\"async\" class=\"aligncenter size-medium wp-image-2517\" src=\"https:\/\/altisk-mlak.edu.hu\/wp-content\/uploads\/2024\/10\/kep-Kati-178x300.png\" alt=\"\" width=\"178\" height=\"300\" srcset=\"https:\/\/altisk-mlak.edu.hu\/wp-content\/uploads\/2024\/10\/kep-Kati-178x300.png 178w, https:\/\/altisk-mlak.edu.hu\/wp-content\/uploads\/2024\/10\/kep-Kati-356x600.png 356w, https:\/\/altisk-mlak.edu.hu\/wp-content\/uploads\/2024\/10\/kep-Kati.png 495w\" sizes=\"(max-width: 178px) 100vw, 178px\" \/><\/p>\n<p align=\"justify\">Az igazgat\u00f3n\u0151 elk\u00f6telezett a kistelep\u00fcl\u00e9si iskol\u00e1k mellett, az \u00e1ltala vezetett nevel\u0151test\u00fclettel azon f\u00e1radozik, hogy a kisiskol\u00e1k k\u00f6znevel\u00e9sben \u00e9s a telep\u00fcl\u00e9sek \u00e9let\u00e9ben bet\u00f6lt\u00f6tt szerep\u00e9t er\u0151s\u00edtse.<\/p>\n<p align=\"justify\"><img decoding=\"async\" class=\"aligncenter size-large wp-image-2516\" src=\"https:\/\/altisk-mlak.edu.hu\/wp-content\/uploads\/2024\/10\/IMG_20241001_103604-768x1024.jpg\" alt=\"\" width=\"604\" height=\"805\" srcset=\"https:\/\/altisk-mlak.edu.hu\/wp-content\/uploads\/2024\/10\/IMG_20241001_103604-768x1024.jpg 768w, https:\/\/altisk-mlak.edu.hu\/wp-content\/uploads\/2024\/10\/IMG_20241001_103604-225x300.jpg 225w, https:\/\/altisk-mlak.edu.hu\/wp-content\/uploads\/2024\/10\/IMG_20241001_103604-1152x1536.jpg 1152w, https:\/\/altisk-mlak.edu.hu\/wp-content\/uploads\/2024\/10\/IMG_20241001_103604-1536x2048.jpg 1536w, https:\/\/altisk-mlak.edu.hu\/wp-content\/uploads\/2024\/10\/IMG_20241001_103604-450x600.jpg 450w, https:\/\/altisk-mlak.edu.hu\/wp-content\/uploads\/2024\/10\/IMG_20241001_103604-scaled.jpg 1920w\" sizes=\"(max-width: 604px) 100vw, 604px\" \/><\/p>\n","protected":false},"excerpt":{"rendered":"<p>Horv\u00e1thn\u00e9 Boldizs\u00e1r Borb\u00e1la, R\u00e1bagyarmat polg\u00e1rmestere d\u00edszoklevelet adom\u00e1nyozott Mezein\u00e9 Kiss Katalin tagint\u00e9zm\u00e9ny-igazgat\u00f3nak a 2019-2024 \u00f6nkorm\u00e1nyzati ciklusban R\u00e1bagyarmat telep\u00fcl\u00e9s\u00e9rt \u00e9s lak\u00f3i\u00e9rt, a folyamatos feladatell\u00e1t\u00e1s biztos\u00edt\u00e1s\u00e1\u00e9rt v\u00e9gzett tev\u00e9kenys\u00e9g\u00e9nek elismer\u00e9s\u00e9\u00fcl. Az igazgat\u00f3n\u0151 elk\u00f6telezett a kistelep\u00fcl\u00e9si iskol\u00e1k<a class=\"moretag\" href=\"https:\/\/altisk-mlak.edu.hu\/index.php\/elismerest-kapott-igazgatonk\/\">Read More&#8230;<\/a><\/p>\n","protected":false},"author":3,"featured_media":0,"comment_status":"closed","ping_status":"closed","sticky":false,"template":"","format":"standard","meta":{"two_page_speed":[],"footnotes":""},"categories":[1],"tags":[],"class_list":["post-2515","post","type-post","status-publish","format-standard","hentry","category-egyeb"],"_links":{"self":[{"href":"https:\/\/altisk-mlak.edu.hu\/index.php\/wp-json\/wp\/v2\/posts\/2515","targetHints":{"allow":["GET"]}}],"collection":[{"href":"https:\/\/altisk-mlak.edu.hu\/index.php\/wp-json\/wp\/v2\/posts"}],"about":[{"href":"https:\/\/altisk-mlak.edu.hu\/index.php\/wp-json\/wp\/v2\/types\/post"}],"author":[{"embeddable":true,"href":"https:\/\/altisk-mlak.edu.hu\/index.php\/wp-json\/wp\/v2\/users\/3"}],"replies":[{"embeddable":true,"href":"https:\/\/altisk-mlak.edu.hu\/index.php\/wp-json\/wp\/v2\/comments?post=2515"}],"version-history":[{"count":1,"href":"https:\/\/altisk-mlak.edu.hu\/index.php\/wp-json\/wp\/v2\/posts\/2515\/revisions"}],"predecessor-version":[{"id":2518,"href":"https:\/\/altisk-mlak.edu.hu\/index.php\/wp-json\/wp\/v2\/posts\/2515\/revisions\/2518"}],"wp:attachment":[{"href":"https:\/\/altisk-mlak.edu.hu\/index.php\/wp-json\/wp\/v2\/media?parent=2515"}],"wp:term":[{"taxonomy":"category","embeddable":true,"href":"https:\/\/altisk-mlak.edu.hu\/index.php\/wp-json\/wp\/v2\/categories?post=2515"},{"taxonomy":"post_tag","embeddable":true,"href":"https:\/\/altisk-mlak.edu.hu\/index.php\/wp-json\/wp\/v2\/tags?post=2515"}],"curies":[{"name":"wp","href":"https:\/\/api.w.org\/{rel}","templated":true}]}}