{"id":2530,"date":"2024-10-07T08:22:52","date_gmt":"2024-10-07T08:22:52","guid":{"rendered":"https:\/\/altisk-mlak.edu.hu\/?p=2530"},"modified":"2024-10-07T08:24:40","modified_gmt":"2024-10-07T08:24:40","slug":"oktober-6-ai-megemlekezes","status":"publish","type":"post","link":"https:\/\/altisk-mlak.edu.hu\/index.php\/oktober-6-ai-megemlekezes\/","title":{"rendered":"Okt\u00f3ber 6-ai megeml\u00e9kez\u00e9s"},"content":{"rendered":"<p align=\"justify\">Ma az aradi v\u00e9rtan\u00fakra eml\u00e9kezt\u00fcnk iskol\u00e1nkban egy kis m\u0171sorral. Az \u00e9nekkarosok Deutsch Szilvia tan\u00edt\u00f3n\u0151 vezet\u00e9s\u00e9vel, a magyar szakk\u00f6r tagjai T\u00f3thn\u00e9 Tak\u00e1cs Hajnalka tan\u00e1rn\u0151 ir\u00e1ny\u00edt\u00e1s\u00e1val k\u00f6z\u00f6sen k\u00e9sz\u00fcltek erre a gy\u00e1sznapra.<\/p>\n<table border=\"0\" width=\"100%\">\n<tbody>\n<tr>\n<td><img fetchpriority=\"high\" decoding=\"async\" class=\"aligncenter wp-image-2531 size-medium\" src=\"https:\/\/altisk-mlak.edu.hu\/wp-content\/uploads\/2024\/10\/IMG_20241004_154620-243x300.jpg\" alt=\"\" width=\"243\" height=\"300\" srcset=\"https:\/\/altisk-mlak.edu.hu\/wp-content\/uploads\/2024\/10\/IMG_20241004_154620-243x300.jpg 243w, https:\/\/altisk-mlak.edu.hu\/wp-content\/uploads\/2024\/10\/IMG_20241004_154620-828x1024.jpg 828w, https:\/\/altisk-mlak.edu.hu\/wp-content\/uploads\/2024\/10\/IMG_20241004_154620-768x950.jpg 768w, https:\/\/altisk-mlak.edu.hu\/wp-content\/uploads\/2024\/10\/IMG_20241004_154620-1242x1536.jpg 1242w, https:\/\/altisk-mlak.edu.hu\/wp-content\/uploads\/2024\/10\/IMG_20241004_154620-485x600.jpg 485w, https:\/\/altisk-mlak.edu.hu\/wp-content\/uploads\/2024\/10\/IMG_20241004_154620.jpg 1270w\" sizes=\"(max-width: 243px) 100vw, 243px\" \/><\/td>\n<td><img decoding=\"async\" class=\"aligncenter size-medium wp-image-2532\" src=\"https:\/\/altisk-mlak.edu.hu\/wp-content\/uploads\/2024\/10\/IMG_20241004_154722-282x300.jpg\" alt=\"\" width=\"282\" height=\"300\" srcset=\"https:\/\/altisk-mlak.edu.hu\/wp-content\/uploads\/2024\/10\/IMG_20241004_154722-282x300.jpg 282w, https:\/\/altisk-mlak.edu.hu\/wp-content\/uploads\/2024\/10\/IMG_20241004_154722-961x1024.jpg 961w, https:\/\/altisk-mlak.edu.hu\/wp-content\/uploads\/2024\/10\/IMG_20241004_154722-768x818.jpg 768w, https:\/\/altisk-mlak.edu.hu\/wp-content\/uploads\/2024\/10\/IMG_20241004_154722-563x600.jpg 563w, https:\/\/altisk-mlak.edu.hu\/wp-content\/uploads\/2024\/10\/IMG_20241004_154722.jpg 1044w\" sizes=\"(max-width: 282px) 100vw, 282px\" \/><\/td>\n<\/tr>\n<\/tbody>\n<\/table>\n<p>Feleleven\u00edtett\u00e9k, elmes\u00e9lt\u00e9k t\u00e1rsaiknak, hogy mi t\u00f6rt\u00e9nt akkoriban, hogyan ker\u00fclhetett sor az 1848-49-es forradalom \u00e9s szabads\u00e1gharc lever\u00e9s\u00e9t k\u00f6vet\u0151en a 13 t\u00e1bornok kiv\u00e9gz\u00e9s\u00e9re, nem feledve gr\u00f3f Batthy\u00e1ny Lajos m\u00e1rt\u00edrhal\u00e1l\u00e1t sem. Megeml\u00e9keztek azokr\u00f3l a h\u0151s\u00f6kr\u0151l is, akikre b\u00f6rt\u00f6n \u00e9s bujdos\u00e1s v\u00e1rt a megtorl\u00e1st k\u00f6vet\u0151en. A m\u0171sor v\u00e9g\u00e9n m\u00e9csest gy\u00fajtottunk, \u00e9s im\u00e1dkoztunk.<\/p>\n<p style=\"text-align: right;\"><i>T\u00f3thn\u00e9 Tak\u00e1cs Hajnalka<\/i><\/p>\n","protected":false},"excerpt":{"rendered":"<p>Ma az aradi v\u00e9rtan\u00fakra eml\u00e9kezt\u00fcnk iskol\u00e1nkban egy kis m\u0171sorral. Az \u00e9nekkarosok Deutsch Szilvia tan\u00edt\u00f3n\u0151 vezet\u00e9s\u00e9vel, a magyar szakk\u00f6r tagjai T\u00f3thn\u00e9 Tak\u00e1cs Hajnalka tan\u00e1rn\u0151 ir\u00e1ny\u00edt\u00e1s\u00e1val k\u00f6z\u00f6sen k\u00e9sz\u00fcltek erre a gy\u00e1sznapra. Feleleven\u00edtett\u00e9k, elmes\u00e9lt\u00e9k t\u00e1rsaiknak,<a class=\"moretag\" href=\"https:\/\/altisk-mlak.edu.hu\/index.php\/oktober-6-ai-megemlekezes\/\">Read More&#8230;<\/a><\/p>\n","protected":false},"author":3,"featured_media":0,"comment_status":"closed","ping_status":"closed","sticky":false,"template":"","format":"standard","meta":{"two_page_speed":[],"footnotes":""},"categories":[1],"tags":[],"class_list":["post-2530","post","type-post","status-publish","format-standard","hentry","category-egyeb"],"_links":{"self":[{"href":"https:\/\/altisk-mlak.edu.hu\/index.php\/wp-json\/wp\/v2\/posts\/2530","targetHints":{"allow":["GET"]}}],"collection":[{"href":"https:\/\/altisk-mlak.edu.hu\/index.php\/wp-json\/wp\/v2\/posts"}],"about":[{"href":"https:\/\/altisk-mlak.edu.hu\/index.php\/wp-json\/wp\/v2\/types\/post"}],"author":[{"embeddable":true,"href":"https:\/\/altisk-mlak.edu.hu\/index.php\/wp-json\/wp\/v2\/users\/3"}],"replies":[{"embeddable":true,"href":"https:\/\/altisk-mlak.edu.hu\/index.php\/wp-json\/wp\/v2\/comments?post=2530"}],"version-history":[{"count":1,"href":"https:\/\/altisk-mlak.edu.hu\/index.php\/wp-json\/wp\/v2\/posts\/2530\/revisions"}],"predecessor-version":[{"id":2533,"href":"https:\/\/altisk-mlak.edu.hu\/index.php\/wp-json\/wp\/v2\/posts\/2530\/revisions\/2533"}],"wp:attachment":[{"href":"https:\/\/altisk-mlak.edu.hu\/index.php\/wp-json\/wp\/v2\/media?parent=2530"}],"wp:term":[{"taxonomy":"category","embeddable":true,"href":"https:\/\/altisk-mlak.edu.hu\/index.php\/wp-json\/wp\/v2\/categories?post=2530"},{"taxonomy":"post_tag","embeddable":true,"href":"https:\/\/altisk-mlak.edu.hu\/index.php\/wp-json\/wp\/v2\/tags?post=2530"}],"curies":[{"name":"wp","href":"https:\/\/api.w.org\/{rel}","templated":true}]}}