{"id":2538,"date":"2024-10-07T08:58:56","date_gmt":"2024-10-07T08:58:56","guid":{"rendered":"https:\/\/altisk-mlak.edu.hu\/?p=2538"},"modified":"2024-10-08T06:53:45","modified_gmt":"2024-10-08T06:53:45","slug":"idosek-napja-magyarlakon","status":"publish","type":"post","link":"https:\/\/altisk-mlak.edu.hu\/index.php\/idosek-napja-magyarlakon\/","title":{"rendered":"Id\u0151sek napja Magyarlakon"},"content":{"rendered":"<p align=\"justify\">Magyarlakon m\u00e1r r\u00e9g\u00f3ta hagyom\u00e1ny, hogy az \u00f6nkorm\u00e1nyzat \u00e9vr\u0151l \u00e9vre m\u00e9lt\u00f3 m\u00f3don, a szeretet, a tisztelet \u00e9s a megbecs\u00fcl\u00e9s jegy\u00e9ben teremt \u00fcnnepi alkalmat az id\u0151s embereknek. Az id\u0151sek napj\u00e1ra az id\u00e9n okt\u00f3ber 5-\u00e9n ker\u00fclt sor a m\u0171vel\u0151d\u00e9si h\u00e1zban, az \u00fcnnepi m\u0171sorban iskol\u00e1nk tanul\u00f3i is fell\u00e9ptek.<\/p>\n<p align=\"justify\"><img fetchpriority=\"high\" decoding=\"async\" class=\"aligncenter size-medium wp-image-2539\" src=\"https:\/\/altisk-mlak.edu.hu\/wp-content\/uploads\/2024\/10\/20241005_162717-225x300.jpg\" alt=\"\" width=\"225\" height=\"300\" srcset=\"https:\/\/altisk-mlak.edu.hu\/wp-content\/uploads\/2024\/10\/20241005_162717-225x300.jpg 225w, https:\/\/altisk-mlak.edu.hu\/wp-content\/uploads\/2024\/10\/20241005_162717-768x1024.jpg 768w, https:\/\/altisk-mlak.edu.hu\/wp-content\/uploads\/2024\/10\/20241005_162717-1152x1536.jpg 1152w, https:\/\/altisk-mlak.edu.hu\/wp-content\/uploads\/2024\/10\/20241005_162717-450x600.jpg 450w, https:\/\/altisk-mlak.edu.hu\/wp-content\/uploads\/2024\/10\/20241005_162717.jpg 1500w\" sizes=\"(max-width: 225px) 100vw, 225px\" \/><\/p>\n<p align=\"justify\">Doncsecz Vanda a nagymam\u00e1r\u00f3l, Tak\u00e1cs D\u00e1vid a nagypap\u00e1r\u00f3l sz\u00f3l\u00f3 verset adta el\u0151 sz\u00e9p el\u0151ad\u00e1sban. A k\u00f6sz\u00f6nt\u0151versek ut\u00e1n az irodalmi szakk\u00f6r\u00f6s\u00f6k l\u00e9ptek sz\u00ednre. Horv\u00e1th Judit, Mesits Patr\u00edcia \u00e9s Horv\u00e1th Lilla humoros jelentekkel, Juliska \u00e9s Mariska kabar\u00e9val sz\u00f3rakoztatta a k\u00f6z\u00f6ns\u00e9get.<\/p>\n<table style=\"border-collapse: collapse; width: 100%;\">\n<tbody>\n<tr>\n<td style=\"width: 50%;\"><img decoding=\"async\" class=\"aligncenter size-medium wp-image-2541\" src=\"https:\/\/altisk-mlak.edu.hu\/wp-content\/uploads\/2024\/10\/20241005_163621-225x300.jpg\" alt=\"\" width=\"225\" height=\"300\" srcset=\"https:\/\/altisk-mlak.edu.hu\/wp-content\/uploads\/2024\/10\/20241005_163621-225x300.jpg 225w, https:\/\/altisk-mlak.edu.hu\/wp-content\/uploads\/2024\/10\/20241005_163621-768x1024.jpg 768w, https:\/\/altisk-mlak.edu.hu\/wp-content\/uploads\/2024\/10\/20241005_163621-1152x1536.jpg 1152w, https:\/\/altisk-mlak.edu.hu\/wp-content\/uploads\/2024\/10\/20241005_163621-450x600.jpg 450w, https:\/\/altisk-mlak.edu.hu\/wp-content\/uploads\/2024\/10\/20241005_163621.jpg 1500w\" sizes=\"(max-width: 225px) 100vw, 225px\" \/><\/td>\n<td style=\"width: 50%;\"><img decoding=\"async\" class=\"aligncenter size-medium wp-image-2543\" src=\"https:\/\/altisk-mlak.edu.hu\/wp-content\/uploads\/2024\/10\/20241005_162957-225x300.jpg\" alt=\"\" width=\"225\" height=\"300\" srcset=\"https:\/\/altisk-mlak.edu.hu\/wp-content\/uploads\/2024\/10\/20241005_162957-225x300.jpg 225w, https:\/\/altisk-mlak.edu.hu\/wp-content\/uploads\/2024\/10\/20241005_162957-768x1024.jpg 768w, https:\/\/altisk-mlak.edu.hu\/wp-content\/uploads\/2024\/10\/20241005_162957-1152x1536.jpg 1152w, https:\/\/altisk-mlak.edu.hu\/wp-content\/uploads\/2024\/10\/20241005_162957-450x600.jpg 450w, https:\/\/altisk-mlak.edu.hu\/wp-content\/uploads\/2024\/10\/20241005_162957.jpg 1500w\" sizes=\"(max-width: 225px) 100vw, 225px\" \/><\/td>\n<\/tr>\n<tr>\n<td style=\"width: 50%;\"><img loading=\"lazy\" decoding=\"async\" class=\"aligncenter size-medium wp-image-2545\" src=\"https:\/\/altisk-mlak.edu.hu\/wp-content\/uploads\/2024\/10\/20241005_163301-225x300.jpg\" alt=\"\" width=\"225\" height=\"300\" srcset=\"https:\/\/altisk-mlak.edu.hu\/wp-content\/uploads\/2024\/10\/20241005_163301-225x300.jpg 225w, https:\/\/altisk-mlak.edu.hu\/wp-content\/uploads\/2024\/10\/20241005_163301-768x1024.jpg 768w, https:\/\/altisk-mlak.edu.hu\/wp-content\/uploads\/2024\/10\/20241005_163301-1152x1536.jpg 1152w, https:\/\/altisk-mlak.edu.hu\/wp-content\/uploads\/2024\/10\/20241005_163301-1536x2048.jpg 1536w, https:\/\/altisk-mlak.edu.hu\/wp-content\/uploads\/2024\/10\/20241005_163301-450x600.jpg 450w, https:\/\/altisk-mlak.edu.hu\/wp-content\/uploads\/2024\/10\/20241005_163301-scaled.jpg 1920w\" sizes=\"(max-width: 225px) 100vw, 225px\" \/><\/td>\n<td style=\"width: 50%;\"><img loading=\"lazy\" decoding=\"async\" class=\"aligncenter size-medium wp-image-2544\" src=\"https:\/\/altisk-mlak.edu.hu\/wp-content\/uploads\/2024\/10\/20241005_163439-225x300.jpg\" alt=\"\" width=\"225\" height=\"300\" srcset=\"https:\/\/altisk-mlak.edu.hu\/wp-content\/uploads\/2024\/10\/20241005_163439-225x300.jpg 225w, https:\/\/altisk-mlak.edu.hu\/wp-content\/uploads\/2024\/10\/20241005_163439-768x1024.jpg 768w, https:\/\/altisk-mlak.edu.hu\/wp-content\/uploads\/2024\/10\/20241005_163439-1152x1536.jpg 1152w, https:\/\/altisk-mlak.edu.hu\/wp-content\/uploads\/2024\/10\/20241005_163439-450x600.jpg 450w, https:\/\/altisk-mlak.edu.hu\/wp-content\/uploads\/2024\/10\/20241005_163439.jpg 1500w\" sizes=\"(max-width: 225px) 100vw, 225px\" \/><\/td>\n<\/tr>\n<\/tbody>\n<\/table>\n<p align=\"justify\">Ezt k\u00f6vet\u0151en a l\u00e1nyok vid\u00e1m m\u0171vekkel var\u00e1zsoltak mosolyt a sz\u00e9pkor\u00faak arc\u00e1ra. Az iskolai blokkot a Vid\u00e1m angyalok k\u00f3rus (Csicsai Csenge, Czotter Gr\u00e9ta, Doncsecz Vanda, Horv\u00e1th Judit, Horv\u00e1th Lilla, Horv\u00e1th Zita, Mesits Patr\u00edcia, Sekulic Zo\u00e9, Szab\u00f3 Amira) Nagymami c. dala z\u00e1rta, mely igaz\u00e1n oldott hangulatot teremtett.<\/p>\n<p align=\"justify\"><img loading=\"lazy\" decoding=\"async\" class=\"aligncenter size-medium wp-image-2540\" src=\"https:\/\/altisk-mlak.edu.hu\/wp-content\/uploads\/2024\/10\/20241005_164014-300x225.jpg\" alt=\"\" width=\"300\" height=\"225\" srcset=\"https:\/\/altisk-mlak.edu.hu\/wp-content\/uploads\/2024\/10\/20241005_164014-300x225.jpg 300w, https:\/\/altisk-mlak.edu.hu\/wp-content\/uploads\/2024\/10\/20241005_164014-1024x768.jpg 1024w, https:\/\/altisk-mlak.edu.hu\/wp-content\/uploads\/2024\/10\/20241005_164014-768x576.jpg 768w, https:\/\/altisk-mlak.edu.hu\/wp-content\/uploads\/2024\/10\/20241005_164014-1536x1152.jpg 1536w, https:\/\/altisk-mlak.edu.hu\/wp-content\/uploads\/2024\/10\/20241005_164014-600x450.jpg 600w, https:\/\/altisk-mlak.edu.hu\/wp-content\/uploads\/2024\/10\/20241005_164014.jpg 2000w\" sizes=\"(max-width: 300px) 100vw, 300px\" \/><\/p>\n<p align=\"justify\">A gyerekek lelkesed\u00e9se \u00e9s kedves m\u0171sora v\u00e9gig azt sugallta, hogy a nagysz\u00fcl\u0151k mennyire fontos r\u00e9szei \u00e9let\u00fcknek, hogy mosolyuk, gondoskod\u00e1suk mennyi energi\u00e1t \u00e9s biztat\u00e1st sug\u00e1roz fel\u00e9j\u00fck. Val\u00f3ban sz\u00fcks\u00e9g\u00fcnk van mindarra a sok \u00e9lettapasztalatra, arra a higgadt b\u00f6lcsess\u00e9gre, amivel csakis \u0151k rendelkeznek, \u00e9s a t\u00fcrelemre, elfogad\u00e1sra, ahogy tan\u00edtanak, nevelnek benn\u00fcnket. A tanul\u00f3kat B\u00e1lintn\u00e9 Pados Andrea, T\u00f3thn\u00e9 Tak\u00e1cs Hajnalka \u00e9s Deutsch Szilvia tan\u00e1rn\u0151k k\u00e9sz\u00edtett\u00e9k fel az alkalomra. A sz\u00ednvonalas el\u0151ad\u00e1sokat Monek D\u00e1vid polg\u00e1rmester \u00far dics\u00e9rettel illette, k\u00f6sz\u00f6nj\u00fck sz\u00e9pen a megh\u00edv\u00e1st \u00e9s az elismer\u0151 szavakat.<\/p>\n<p style=\"text-align: right;\"><i>Mezein\u00e9 Kiss Katalin<\/i><\/p>\n","protected":false},"excerpt":{"rendered":"<p>Magyarlakon m\u00e1r r\u00e9g\u00f3ta hagyom\u00e1ny, hogy az \u00f6nkorm\u00e1nyzat \u00e9vr\u0151l \u00e9vre m\u00e9lt\u00f3 m\u00f3don, a szeretet, a tisztelet \u00e9s a megbecs\u00fcl\u00e9s jegy\u00e9ben teremt \u00fcnnepi alkalmat az id\u0151s embereknek. Az id\u0151sek napj\u00e1ra az id\u00e9n okt\u00f3ber 5-\u00e9n<a class=\"moretag\" href=\"https:\/\/altisk-mlak.edu.hu\/index.php\/idosek-napja-magyarlakon\/\">Read More&#8230;<\/a><\/p>\n","protected":false},"author":3,"featured_media":0,"comment_status":"closed","ping_status":"closed","sticky":false,"template":"","format":"standard","meta":{"two_page_speed":[],"footnotes":""},"categories":[1],"tags":[],"class_list":["post-2538","post","type-post","status-publish","format-standard","hentry","category-egyeb"],"_links":{"self":[{"href":"https:\/\/altisk-mlak.edu.hu\/index.php\/wp-json\/wp\/v2\/posts\/2538","targetHints":{"allow":["GET"]}}],"collection":[{"href":"https:\/\/altisk-mlak.edu.hu\/index.php\/wp-json\/wp\/v2\/posts"}],"about":[{"href":"https:\/\/altisk-mlak.edu.hu\/index.php\/wp-json\/wp\/v2\/types\/post"}],"author":[{"embeddable":true,"href":"https:\/\/altisk-mlak.edu.hu\/index.php\/wp-json\/wp\/v2\/users\/3"}],"replies":[{"embeddable":true,"href":"https:\/\/altisk-mlak.edu.hu\/index.php\/wp-json\/wp\/v2\/comments?post=2538"}],"version-history":[{"count":2,"href":"https:\/\/altisk-mlak.edu.hu\/index.php\/wp-json\/wp\/v2\/posts\/2538\/revisions"}],"predecessor-version":[{"id":2547,"href":"https:\/\/altisk-mlak.edu.hu\/index.php\/wp-json\/wp\/v2\/posts\/2538\/revisions\/2547"}],"wp:attachment":[{"href":"https:\/\/altisk-mlak.edu.hu\/index.php\/wp-json\/wp\/v2\/media?parent=2538"}],"wp:term":[{"taxonomy":"category","embeddable":true,"href":"https:\/\/altisk-mlak.edu.hu\/index.php\/wp-json\/wp\/v2\/categories?post=2538"},{"taxonomy":"post_tag","embeddable":true,"href":"https:\/\/altisk-mlak.edu.hu\/index.php\/wp-json\/wp\/v2\/tags?post=2538"}],"curies":[{"name":"wp","href":"https:\/\/api.w.org\/{rel}","templated":true}]}}