{"id":2552,"date":"2024-10-10T08:58:44","date_gmt":"2024-10-10T08:58:44","guid":{"rendered":"https:\/\/altisk-mlak.edu.hu\/?p=2552"},"modified":"2024-10-15T11:17:38","modified_gmt":"2024-10-15T11:17:38","slug":"iskolamise-rozsafuzer-kiralyneja-emleknapjan","status":"publish","type":"post","link":"https:\/\/altisk-mlak.edu.hu\/index.php\/iskolamise-rozsafuzer-kiralyneja-emleknapjan\/","title":{"rendered":"Iskolamise R\u00f3zsaf\u00fcz\u00e9r Kir\u00e1lyn\u00e9ja eml\u00e9knapj\u00e1n"},"content":{"rendered":"<p align=\"justify\"><span style=\"font-size: large;\">2024. okt\u00f3ber 7-\u00e9n, R\u00f3zsaf\u00fcz\u00e9r Kir\u00e1lyn\u00e9ja eml\u00e9knapj\u00e1n a cs\u00f6r\u00f6tneki templomban vett\u00fcnk r\u00e9szt a tan\u00e9v els\u0151 iskolamis\u00e9j\u00e9n. A szentmis\u00e9n nemcsak az iskola tanul\u00f3i, tan\u00edt\u00f3i, tan\u00e1rai, hanem sz\u00fcl\u0151k, nagysz\u00fcl\u0151k, \u00e9s a falu h\u00edvei is sz\u00e9p sz\u00e1mmal jelentek meg. <\/span><\/p>\n<p align=\"justify\"><span style=\"font-size: large;\">A szentleck\u00e9t Mesics Patr\u00edcia 8. oszt\u00e1lyos tanul\u00f3, az egyetemes k\u00f6ny\u00f6rg\u00e9seket Magyar Levente 5. oszt\u00e1lyos tanul\u00f3 olvasta fel. Gyula atya pr\u00e9dik\u00e1ci\u00f3j\u00e1ban arr\u00f3l besz\u00e9lt, hogy a r\u00f3zsaf\u00fcz\u00e9r im\u00e1ds\u00e1g az \u00dar J\u00e9zus \u00e9let\u00e9t \u00e1ll\u00edtja el\u00e9nk, \u00e9s hogy a M\u00e1ri\u00e1hoz int\u00e9zett k\u00e9r\u00e9s sokszor ism\u00e9tl\u0151d\u0151 szavai elm\u00e9ly\u00edtik lelk\u00fcnkben a gyermeki lelk\u00fcletet. Ezut\u00e1n n\u00e9h\u00e1ny sz\u00f3ban megeml\u00e9kezett arr\u00f3l, hogy \u00d6r\u00f6k Ige templomunk ebben az \u00e9vben l\u00e9pett be 40. \u00e9let\u00e9v\u00e9be, \u00e9s sz\u00fclet\u00e9snapi felk\u00f6sz\u00f6nt\u00e9sk\u00e9ppen el\u00e9nekelt\u00fck a \u201eBoldog, boldog, boldog sz\u00fclet\u00e9snapot\u2026\u201d kezdet\u0171 dalocsk\u00e1t. <\/span><\/p>\n<table style=\"border-collapse: collapse; width: 100%;\">\n<tbody>\n<tr>\n<td style=\"width: 50%;\"><img fetchpriority=\"high\" decoding=\"async\" class=\"aligncenter size-full wp-image-2555\" src=\"https:\/\/altisk-mlak.edu.hu\/wp-content\/uploads\/2024\/10\/iskolamise-1.png\" alt=\"\" width=\"547\" height=\"432\" srcset=\"https:\/\/altisk-mlak.edu.hu\/wp-content\/uploads\/2024\/10\/iskolamise-1.png 547w, https:\/\/altisk-mlak.edu.hu\/wp-content\/uploads\/2024\/10\/iskolamise-1-300x237.png 300w\" sizes=\"(max-width: 547px) 100vw, 547px\" \/><\/td>\n<td style=\"width: 50%;\"><img decoding=\"async\" class=\"aligncenter size-large wp-image-2554\" src=\"https:\/\/altisk-mlak.edu.hu\/wp-content\/uploads\/2024\/10\/IMG_20241009_171843-1024x791.jpg\" alt=\"\" width=\"604\" height=\"467\" srcset=\"https:\/\/altisk-mlak.edu.hu\/wp-content\/uploads\/2024\/10\/IMG_20241009_171843-1024x791.jpg 1024w, https:\/\/altisk-mlak.edu.hu\/wp-content\/uploads\/2024\/10\/IMG_20241009_171843-300x232.jpg 300w, https:\/\/altisk-mlak.edu.hu\/wp-content\/uploads\/2024\/10\/IMG_20241009_171843-768x593.jpg 768w, https:\/\/altisk-mlak.edu.hu\/wp-content\/uploads\/2024\/10\/IMG_20241009_171843-1536x1187.jpg 1536w, https:\/\/altisk-mlak.edu.hu\/wp-content\/uploads\/2024\/10\/IMG_20241009_171843-2048x1583.jpg 2048w, https:\/\/altisk-mlak.edu.hu\/wp-content\/uploads\/2024\/10\/IMG_20241009_171843-600x464.jpg 600w\" sizes=\"(max-width: 604px) 100vw, 604px\" \/><\/td>\n<\/tr>\n<\/tbody>\n<\/table>\n<p align=\"justify\"><span style=\"font-size: large;\">A gyerekek kifog\u00e1stalan fegyelemmel \u00e9s figyelemmel vettek r\u00e9szt a szentmis\u00e9n. Buzg\u00f3 igyekezettel mondt\u00e1k a mise v\u00e1laszait, \u00e9nekelt\u00e9k az \u00e9nekeket. \u00d6r\u00f6m volt l\u00e1tni a felh\u0151tlen boldogs\u00e1got az arcukon, amit az Isten jelenl\u00e9t\u00e9ben val\u00f3 egy\u00fcttl\u00e9t szerzett nekik. <\/span><\/p>\n<p style=\"text-align: right;\" align=\"justify\"><em>\u00c1gnes n\u0151v\u00e9r<\/em><\/p>\n<p align=\"justify\">\n","protected":false},"excerpt":{"rendered":"<p>2024. okt\u00f3ber 7-\u00e9n, R\u00f3zsaf\u00fcz\u00e9r Kir\u00e1lyn\u00e9ja eml\u00e9knapj\u00e1n a cs\u00f6r\u00f6tneki templomban vett\u00fcnk r\u00e9szt a tan\u00e9v els\u0151 iskolamis\u00e9j\u00e9n. A szentmis\u00e9n nemcsak az iskola tanul\u00f3i, tan\u00edt\u00f3i, tan\u00e1rai, hanem sz\u00fcl\u0151k, nagysz\u00fcl\u0151k, \u00e9s a falu h\u00edvei is sz\u00e9p<a class=\"moretag\" href=\"https:\/\/altisk-mlak.edu.hu\/index.php\/iskolamise-rozsafuzer-kiralyneja-emleknapjan\/\">Read More&#8230;<\/a><\/p>\n","protected":false},"author":3,"featured_media":0,"comment_status":"closed","ping_status":"closed","sticky":false,"template":"","format":"standard","meta":{"two_page_speed":[],"footnotes":""},"categories":[1],"tags":[],"class_list":["post-2552","post","type-post","status-publish","format-standard","hentry","category-egyeb"],"_links":{"self":[{"href":"https:\/\/altisk-mlak.edu.hu\/index.php\/wp-json\/wp\/v2\/posts\/2552","targetHints":{"allow":["GET"]}}],"collection":[{"href":"https:\/\/altisk-mlak.edu.hu\/index.php\/wp-json\/wp\/v2\/posts"}],"about":[{"href":"https:\/\/altisk-mlak.edu.hu\/index.php\/wp-json\/wp\/v2\/types\/post"}],"author":[{"embeddable":true,"href":"https:\/\/altisk-mlak.edu.hu\/index.php\/wp-json\/wp\/v2\/users\/3"}],"replies":[{"embeddable":true,"href":"https:\/\/altisk-mlak.edu.hu\/index.php\/wp-json\/wp\/v2\/comments?post=2552"}],"version-history":[{"count":2,"href":"https:\/\/altisk-mlak.edu.hu\/index.php\/wp-json\/wp\/v2\/posts\/2552\/revisions"}],"predecessor-version":[{"id":2557,"href":"https:\/\/altisk-mlak.edu.hu\/index.php\/wp-json\/wp\/v2\/posts\/2552\/revisions\/2557"}],"wp:attachment":[{"href":"https:\/\/altisk-mlak.edu.hu\/index.php\/wp-json\/wp\/v2\/media?parent=2552"}],"wp:term":[{"taxonomy":"category","embeddable":true,"href":"https:\/\/altisk-mlak.edu.hu\/index.php\/wp-json\/wp\/v2\/categories?post=2552"},{"taxonomy":"post_tag","embeddable":true,"href":"https:\/\/altisk-mlak.edu.hu\/index.php\/wp-json\/wp\/v2\/tags?post=2552"}],"curies":[{"name":"wp","href":"https:\/\/api.w.org\/{rel}","templated":true}]}}