{"id":2562,"date":"2024-10-16T08:59:54","date_gmt":"2024-10-16T08:59:54","guid":{"rendered":"https:\/\/altisk-mlak.edu.hu\/?p=2562"},"modified":"2024-10-17T21:11:13","modified_gmt":"2024-10-17T21:11:13","slug":"zarandoklat-pusztacsatarra","status":"publish","type":"post","link":"https:\/\/altisk-mlak.edu.hu\/index.php\/zarandoklat-pusztacsatarra\/","title":{"rendered":"Zar\u00e1ndoklat Pusztacsat\u00e1rra"},"content":{"rendered":"<table style=\"width: 100%; border-collapse: collapse;\" border=\"0\" cellspacing=\"0\" cellpadding=\"0\">\n<tbody>\n<tr>\n<td style=\"width: 50%;\"><img decoding=\"async\" class=\"aligncenter wp-image-2564\" src=\"https:\/\/altisk-mlak.edu.hu\/wp-content\/uploads\/2024\/10\/P2-300x225.jpg\" alt=\"\" width=\"225\" height=\"169\" srcset=\"https:\/\/altisk-mlak.edu.hu\/wp-content\/uploads\/2024\/10\/P2-300x225.jpg 300w, https:\/\/altisk-mlak.edu.hu\/wp-content\/uploads\/2024\/10\/P2.jpg 500w\" sizes=\"(max-width: 225px) 100vw, 225px\" \/><\/td>\n<td style=\"width: 50%;\"><img fetchpriority=\"high\" decoding=\"async\" class=\"aligncenter wp-image-2563\" src=\"https:\/\/altisk-mlak.edu.hu\/wp-content\/uploads\/2024\/10\/P1-300x169.jpg\" alt=\"\" width=\"300\" height=\"169\" srcset=\"https:\/\/altisk-mlak.edu.hu\/wp-content\/uploads\/2024\/10\/P1-300x169.jpg 300w, https:\/\/altisk-mlak.edu.hu\/wp-content\/uploads\/2024\/10\/P1.jpg 500w\" sizes=\"(max-width: 300px) 100vw, 300px\" \/><\/td>\n<\/tr>\n<\/tbody>\n<\/table>\n<p align=\"justify\">Iskol\u00e1nk zar\u00e1ndok szakk\u00f6r\u00f6sei okt\u00f3ber 13-\u00e1n ell\u00e1togattak Pusztacsat\u00e1rra, a Szombathelyi Egyh\u00e1zmegye egyetlen zalai zar\u00e1ndokhely\u00e9re, ahol r\u00e9szt vettek a szezonz\u00e1r\u00f3 szabadt\u00e9ri szentmis\u00e9n \u00e9s k\u00f6rmeneten. A szentmis\u00e9t Mikol\u00e1s Attila salomv\u00e1ri pl\u00e9b\u00e1nos mutatta be D\u00e9ri P\u00e9ter szentgotth\u00e1rdi pl\u00e9b\u00e1nos atya koncelebr\u00e1l\u00e1s\u00e1val.<\/p>\n<p align=\"justify\"><img decoding=\"async\" class=\"aligncenter size-medium wp-image-2565\" src=\"https:\/\/altisk-mlak.edu.hu\/wp-content\/uploads\/2024\/10\/P0-300x225.jpg\" alt=\"\" width=\"300\" height=\"225\" srcset=\"https:\/\/altisk-mlak.edu.hu\/wp-content\/uploads\/2024\/10\/P0-300x225.jpg 300w, https:\/\/altisk-mlak.edu.hu\/wp-content\/uploads\/2024\/10\/P0-1024x768.jpg 1024w, https:\/\/altisk-mlak.edu.hu\/wp-content\/uploads\/2024\/10\/P0-768x576.jpg 768w, https:\/\/altisk-mlak.edu.hu\/wp-content\/uploads\/2024\/10\/P0-600x450.jpg 600w, https:\/\/altisk-mlak.edu.hu\/wp-content\/uploads\/2024\/10\/P0.jpg 1230w\" sizes=\"(max-width: 300px) 100vw, 300px\" \/><\/p>\n<p align=\"justify\">A szentbesz\u00e9d r\u00e1vil\u00e1g\u00edtott arra, hogy a gazdags\u00e1got ne sz\u00f3 szerint \u00e9rtelmezz\u00fck, hanem gondoljunk bele a m\u00e9lyebb \u00e9rtelm\u00e9be is. Mindannyian gazdagok vagyunk, mert vannak olyan \u201etartal\u00e9kaink\u201d, melyeket odaadhatunk m\u00e1snak. Legyen az egy j\u00f3 sz\u00f3, egy mosoly, egy \u00f6nzetlen j\u00f3tett, b\u00e1rmi, amit embert\u00e1rsainknak \u00f6nzetlen\u00fcl ny\u00fajtunk. Kis csapatunk a Sz\u0171zanya \u0151si kegyhely\u00e9n testi-lelki b\u00e9k\u00e9t, megtisztul\u00e1st, pihen\u00e9st \u00e9s \u00e9leter\u0151t nyert, \u00e9s \u00e9lm\u00e9nyekkel gazdagodva, vid\u00e1man t\u00e9rt haza.<\/p>\n","protected":false},"excerpt":{"rendered":"<p>Iskol\u00e1nk zar\u00e1ndok szakk\u00f6r\u00f6sei okt\u00f3ber 13-\u00e1n ell\u00e1togattak Pusztacsat\u00e1rra, a Szombathelyi Egyh\u00e1zmegye egyetlen zalai zar\u00e1ndokhely\u00e9re, ahol r\u00e9szt vettek a szezonz\u00e1r\u00f3 szabadt\u00e9ri szentmis\u00e9n \u00e9s k\u00f6rmeneten. A szentmis\u00e9t Mikol\u00e1s Attila salomv\u00e1ri pl\u00e9b\u00e1nos mutatta be D\u00e9ri P\u00e9ter<a class=\"moretag\" href=\"https:\/\/altisk-mlak.edu.hu\/index.php\/zarandoklat-pusztacsatarra\/\">Read More&#8230;<\/a><\/p>\n","protected":false},"author":3,"featured_media":0,"comment_status":"closed","ping_status":"closed","sticky":false,"template":"","format":"standard","meta":{"two_page_speed":[],"footnotes":""},"categories":[1],"tags":[],"class_list":["post-2562","post","type-post","status-publish","format-standard","hentry","category-egyeb"],"_links":{"self":[{"href":"https:\/\/altisk-mlak.edu.hu\/index.php\/wp-json\/wp\/v2\/posts\/2562","targetHints":{"allow":["GET"]}}],"collection":[{"href":"https:\/\/altisk-mlak.edu.hu\/index.php\/wp-json\/wp\/v2\/posts"}],"about":[{"href":"https:\/\/altisk-mlak.edu.hu\/index.php\/wp-json\/wp\/v2\/types\/post"}],"author":[{"embeddable":true,"href":"https:\/\/altisk-mlak.edu.hu\/index.php\/wp-json\/wp\/v2\/users\/3"}],"replies":[{"embeddable":true,"href":"https:\/\/altisk-mlak.edu.hu\/index.php\/wp-json\/wp\/v2\/comments?post=2562"}],"version-history":[{"count":2,"href":"https:\/\/altisk-mlak.edu.hu\/index.php\/wp-json\/wp\/v2\/posts\/2562\/revisions"}],"predecessor-version":[{"id":2567,"href":"https:\/\/altisk-mlak.edu.hu\/index.php\/wp-json\/wp\/v2\/posts\/2562\/revisions\/2567"}],"wp:attachment":[{"href":"https:\/\/altisk-mlak.edu.hu\/index.php\/wp-json\/wp\/v2\/media?parent=2562"}],"wp:term":[{"taxonomy":"category","embeddable":true,"href":"https:\/\/altisk-mlak.edu.hu\/index.php\/wp-json\/wp\/v2\/categories?post=2562"},{"taxonomy":"post_tag","embeddable":true,"href":"https:\/\/altisk-mlak.edu.hu\/index.php\/wp-json\/wp\/v2\/tags?post=2562"}],"curies":[{"name":"wp","href":"https:\/\/api.w.org\/{rel}","templated":true}]}}