{"id":2573,"date":"2024-10-18T20:23:49","date_gmt":"2024-10-18T20:23:49","guid":{"rendered":"https:\/\/altisk-mlak.edu.hu\/?p=2573"},"modified":"2024-10-23T09:14:51","modified_gmt":"2024-10-23T09:14:51","slug":"a-tolgy-es-a-bukk-baratsaga","status":"publish","type":"post","link":"https:\/\/altisk-mlak.edu.hu\/index.php\/a-tolgy-es-a-bukk-baratsaga\/","title":{"rendered":"Im\u00e1dkoztunk a b\u00e9k\u00e9\u00e9rt"},"content":{"rendered":"<h3>A t\u00f6lgy \u00e9s a b\u00fckk bar\u00e1ts\u00e1ga<\/h3>\n<p align=\"justify\">Egyszer volt, hol nem volt, egy nevesincs erd\u0151ben \u00e9lt egy odvas, \u00f6reg kocs\u00e1nyos t\u00f6lgy \u00e9s egy korhad\u00e1snak indult b\u00fckkfa. Egy\u00fctt cseperedtek magoncc\u00e1, csemet\u00e9v\u00e9, egyszerre bontottak vir\u00e1got, ugyanakkor v\u00e1ltak term\u0151v\u00e9, \u00e9s szinte egyid\u0151ben hullatt\u00e1k le leveleiket.<\/p>\n<p align=\"justify\">Igazi bar\u00e1ts\u00e1g sz\u00f6v\u0151d\u00f6tt k\u00f6zt\u00fck: b\u00e9k\u00e9ben \u00e9ltek, kitartottak egym\u00e1s mellett j\u00f3ban-rosszban. Sohasem b\u00e1ntott\u00e1k egym\u00e1st, se sz\u00f3val, se tettel, csak a sz\u00e9lvihar, zivatar, mennyd\u00f6rg\u00e9s, j\u00e9ges\u0151 t\u00e9p\u00e1zta \u0151ket. M\u00e1sokhoz is j\u00f3k voltak, otthont \u00e9s t\u00e1pl\u00e1l\u00e9kot adtak a m\u00f3kusnak, a bagolynak, de m\u00e9g a p\u00f3knak \u00e9s sz\u00fanak is.<\/p>\n<p align=\"justify\">Egy nap arra t\u00e9vedt J\u00e1nos erd\u00e9sz, aki \u00e9ppen alapanyagot keresett \u00faj \u00edr\u00f3asztala sz\u00e1m\u00e1ra. Megakadt a szeme a termetes t\u00f6lgyf\u00e1n, \u00e9s a jel\u00f6l\u0151kr\u00e9t\u00e1val nyomban r\u00e1 is v\u00e9ste az x-et, vagyis, hogy kiv\u00e1g\u00e1sra alkalmas. A t\u00f6lgy \u00e9ppen szundik\u00e1lt, nem vette \u00e9szre, hogy az \u00e9let\u00e9re t\u00f6rtek. A b\u00fckk azonban szemf\u00fcles volt, \u00e9s megl\u00e1tta az erd\u00e9sz t\u00e9nyked\u00e9s\u00e9t. M\u00e9rgesen r\u00e1sz\u00f3lt az emberre:<\/p>\n<p align=\"justify\">&#8211; Mit csin\u00e1lsz az egyetlen bar\u00e1tommal?<\/p>\n<p align=\"justify\">Az erd\u00e9sz megrezzent a hangt\u00f3l, m\u00e9g a kr\u00e9ta is kiesett a kez\u00e9b\u0151l, ijedt hangon v\u00e1laszolt:<\/p>\n<p align=\"justify\">&#8211; Nyugodj meg, \u00e9n nem t\u00e9ged b\u00e1ntalak, hanem ezt az \u00f6reg, odvas t\u00f6lgyet mentem meg a szenved\u00e9st\u0151l. Sz\u00fcks\u00e9gem van r\u00e1, mert egy asztalt szeretn\u00e9k k\u00e9sz\u00edteni.<\/p>\n<p align=\"justify\">&#8211; Nem teheted ezt a legjobb bar\u00e1tommal, mert abba \u00e9n is belehalok!- ki\u00e1ltott a b\u00fckk.<\/p>\n<p align=\"justify\">Azt\u00e1n suhintott egyet az \u00e1g\u00e1val, amire a t\u00f6lgy fel\u00e9bredt.<\/p>\n<p align=\"justify\">&#8211; Mi folyik itt? Mi ez a civakod\u00e1s?- k\u00e9rdezte \u00e1lmos hangon a t\u00f6lgy.<\/p>\n<p>&#8211; Ez az ember el akarja venni az \u00e9letedet.- mondta a b\u00fckk.<\/p>\n<p align=\"justify\">&#8211; Csak a szenved\u00e9sedet akartam ler\u00f6vid\u00edteni. Beteg \u00e9s \u00f6reg vagy m\u00e1r, csak t\u00e1rgynak val\u00f3 vagy.- menteget\u0151z\u00f6tt az erd\u00e9sz.<\/p>\n<p align=\"justify\">&#8211; \u00d6reg vagyok ugyan, vannak sajg\u00f3 sebeim, de m\u00e9g \u00e9lni szeretn\u00e9k. Nemcsak magam, hanem a rajtam \u00e9l\u0151 \u00e1llatk\u00e1k miatt is. Nem hagyhatom \u0151ket fed\u00e9l n\u00e9lk\u00fcl. \u2013 v\u00e1laszolt b\u00fasan a t\u00f6lgy.<\/p>\n<p align=\"justify\">&#8211; \u00c9rtelek \u00e9n, de akkor mib\u0151l lesz nekem \u00edr\u00f3asztalom?!- k\u00e9rdezte m\u00e9rgesen J\u00e1nos erd\u00e9sz.<\/p>\n<p align=\"justify\">&#8211; \u00c9n sz\u00edvesen odaaj\u00e1nd\u00e9kozom neked az egyik \u00e1gam.- aj\u00e1nlkozott a b\u00fckk. &#8211; Csak hagyd b\u00e9k\u00e9n a bar\u00e1tomat.<\/p>\n<p align=\"justify\">Az erd\u00e9sz fontol\u00f3ra vette a dolgot. K\u00f6rbej\u00e1rta a sz\u00fcrke k\u00e9rg\u0171 f\u00e1t, \u00e9s m\u00e9ricsk\u00e9lni kezdett.<\/p>\n<p align=\"justify\">&#8211; Nem engedem azt, hogy miattam cs\u00fanyulj meg, kedves b\u00fckk. J\u00f3l esik, hogy igaz\u00e1n szeretsz, de ez t\u00fal nagy \u00e1ldozat lenne t\u0151led.- mondta a t\u00f6lgy.<\/p>\n<p align=\"justify\">&#8211; Megvan!- ki\u00e1ltott fel az erd\u00e9sz. K\u00e9rek egy-egy \u00e1gat mindkett\u0151t\u00f6kt\u0151l. Az asztal l\u00e1b\u00e1t t\u00f6lgyb\u0151l k\u00e9sz\u00edtem, mivel az kem\u00e9nyebb \u00e9s er\u0151sebb. Az asztallap anyag\u00e1t pedig t\u0151led k\u00e9rem, kedves b\u00fckk.<\/p>\n<p align=\"justify\">&#8211; Ez nagyszer\u0171! \u2013 \u00f6rvendtek a f\u00e1k \u00e9s \u00e1gaikkal \u00f6ssze\u00f6lelkeztek.<\/p>\n<p align=\"justify\">&#8211; Ti adt\u00e1tok a megold\u00e1st! Megtan\u00edtott\u00e1tok nekem, hogy az igaz bar\u00e1ts\u00e1g mindenn\u00e9l er\u0151sebb \u00e9s minden akad\u00e1lyt legy\u0151z. A bel\u0151letek k\u00e9sz\u00edtett \u00edr\u00f3asztal az egym\u00e1s ir\u00e1nt \u00e9rzett szeretet, az egy\u00fcv\u00e9 tartoz\u00e1s jelk\u00e9p\u00e9t fogja szimboliz\u00e1lni sz\u00e1momra. Ha le\u00fcl\u00f6k hozz\u00e1 dolgozni, mindig j\u00f3 sz\u00edvvel gondolok r\u00e1tok, \u00e9s ez a tudat meg\u00e9des\u00edti a munk\u00e1t.- mondta elcsukl\u00f3 hangon az erd\u00e9sz.<\/p>\n<p align=\"justify\">&#8211; K\u00f6sz\u00f6nj\u00fck, hogy meg\u00e9rtett\u00e9l benn\u00fcnket. K\u00e9rlek, add tov\u00e1bb az emberbar\u00e1taidnak, hogy ha mindenki ad mag\u00e1b\u00f3l egy kicsit a m\u00e1siknak, ha lemond egy-egy dologt\u00f3l, az nem nagy gond, hanem egy szeretetteljes cselekedet, melyt\u0151l csak jobb \u00e9s szebb lesz a vil\u00e1g.- mondta a b\u00fckk.<\/p>\n<p align=\"justify\">&#8211; Ma ism\u00e9t megtapasztaltam, hogy a j\u00f3 Isten a legk\u00f6zvetlenebb, legh\u00e9tk\u00f6znapibb m\u00f3don, a term\u00e9szeten kereszt\u00fcl tan\u00edt benn\u00fcnket a helyes viselked\u00e9sre. Isten Veletek, Dr\u00e1ga Bar\u00e1taim!- k\u00f6nnyes szemmel b\u00facs\u00fazott el J\u00e1nos erd\u00e9sz.<\/p>\n<p align=\"justify\">&#8211; \u00c9g Veled, kedves J\u00e1nos erd\u00e9sz!- k\u00f6sz\u00f6ntek el a f\u00e1k.<\/p>\n<p align=\"justify\">Hidd el kedves Olvas\u00f3, l\u00e9tezik a f\u00e1k k\u00f6z\u00f6tt bar\u00e1ts\u00e1g, \u00e9s a f\u00e1nak is van sz\u00edve!<\/p>\n<h3><b>Im\u00e1dkoztunk a b\u00e9k\u00e9\u00e9rt<\/b><\/h3>\n<table style=\"border-collapse: collapse; width: 100%;\">\n<tbody>\n<tr>\n<td style=\"width: 50%;\"><img fetchpriority=\"high\" decoding=\"async\" class=\"aligncenter size-large wp-image-2574\" src=\"https:\/\/altisk-mlak.edu.hu\/wp-content\/uploads\/2024\/10\/received_922795719903011-1024x768.jpeg\" alt=\"\" width=\"604\" height=\"453\" srcset=\"https:\/\/altisk-mlak.edu.hu\/wp-content\/uploads\/2024\/10\/received_922795719903011-1024x768.jpeg 1024w, https:\/\/altisk-mlak.edu.hu\/wp-content\/uploads\/2024\/10\/received_922795719903011-300x225.jpeg 300w, https:\/\/altisk-mlak.edu.hu\/wp-content\/uploads\/2024\/10\/received_922795719903011-768x576.jpeg 768w, https:\/\/altisk-mlak.edu.hu\/wp-content\/uploads\/2024\/10\/received_922795719903011-1536x1152.jpeg 1536w, https:\/\/altisk-mlak.edu.hu\/wp-content\/uploads\/2024\/10\/received_922795719903011-2048x1536.jpeg 2048w, https:\/\/altisk-mlak.edu.hu\/wp-content\/uploads\/2024\/10\/received_922795719903011-600x450.jpeg 600w\" sizes=\"(max-width: 604px) 100vw, 604px\" \/><\/td>\n<td style=\"width: 50%;\"><img decoding=\"async\" class=\"aligncenter size-large wp-image-2575\" src=\"https:\/\/altisk-mlak.edu.hu\/wp-content\/uploads\/2024\/10\/received_466870566388701-1024x768.jpeg\" alt=\"\" width=\"604\" height=\"453\" srcset=\"https:\/\/altisk-mlak.edu.hu\/wp-content\/uploads\/2024\/10\/received_466870566388701-1024x768.jpeg 1024w, https:\/\/altisk-mlak.edu.hu\/wp-content\/uploads\/2024\/10\/received_466870566388701-300x225.jpeg 300w, https:\/\/altisk-mlak.edu.hu\/wp-content\/uploads\/2024\/10\/received_466870566388701-768x576.jpeg 768w, https:\/\/altisk-mlak.edu.hu\/wp-content\/uploads\/2024\/10\/received_466870566388701-1536x1152.jpeg 1536w, https:\/\/altisk-mlak.edu.hu\/wp-content\/uploads\/2024\/10\/received_466870566388701-2048x1536.jpeg 2048w, https:\/\/altisk-mlak.edu.hu\/wp-content\/uploads\/2024\/10\/received_466870566388701-600x450.jpeg 600w\" sizes=\"(max-width: 604px) 100vw, 604px\" \/><\/td>\n<\/tr>\n<\/tbody>\n<\/table>\n<p align=\"justify\">Iskol\u00e1nk k\u00f6z\u00f6ss\u00e9ge az idei \u00e9vben is csatlakozott \u201eAz Egymilli\u00f3 gyermek im\u00e1dkozza a r\u00f3zsaf\u00fcz\u00e9rt\u201d elnevez\u00e9s\u0171 vil\u00e1gm\u00e9ret\u0171 imakamp\u00e1nyhoz. A kezdem\u00e9nyez\u00e9s f\u0151 c\u00e9lja, hogy megmutassa, hogy a gyermekek bizalommal teli im\u00e1ja ny\u00edlk\u00e9nt rep\u00fclhet egyenesen Isten sz\u00edv\u00e9be, \u00e9s ez\u00e9rt olyan k\u00fcl\u00f6n\u00f6sen nagy ereje van. A gyermekek k\u00f6z\u00f6s r\u00f3zsaf\u00fcz\u00e9r im\u00e1dkoz\u00e1sa sok kegyelmet hozhat a vil\u00e1gra \u00e9s nagy \u00e1ld\u00e1s a csal\u00e1dok \u00e9s az egyh\u00e1z sz\u00e1m\u00e1ra.<\/p>\n\n","protected":false},"excerpt":{"rendered":"<p>A t\u00f6lgy \u00e9s a b\u00fckk bar\u00e1ts\u00e1ga Egyszer volt, hol nem volt, egy nevesincs erd\u0151ben \u00e9lt egy odvas, \u00f6reg kocs\u00e1nyos t\u00f6lgy \u00e9s egy korhad\u00e1snak indult b\u00fckkfa. Egy\u00fctt cseperedtek magoncc\u00e1, csemet\u00e9v\u00e9, egyszerre bontottak vir\u00e1got,<a class=\"moretag\" href=\"https:\/\/altisk-mlak.edu.hu\/index.php\/a-tolgy-es-a-bukk-baratsaga\/\">Read More&#8230;<\/a><\/p>\n","protected":false},"author":3,"featured_media":0,"comment_status":"closed","ping_status":"closed","sticky":false,"template":"","format":"standard","meta":{"two_page_speed":[],"footnotes":""},"categories":[1],"tags":[],"class_list":["post-2573","post","type-post","status-publish","format-standard","hentry","category-egyeb"],"_links":{"self":[{"href":"https:\/\/altisk-mlak.edu.hu\/index.php\/wp-json\/wp\/v2\/posts\/2573","targetHints":{"allow":["GET"]}}],"collection":[{"href":"https:\/\/altisk-mlak.edu.hu\/index.php\/wp-json\/wp\/v2\/posts"}],"about":[{"href":"https:\/\/altisk-mlak.edu.hu\/index.php\/wp-json\/wp\/v2\/types\/post"}],"author":[{"embeddable":true,"href":"https:\/\/altisk-mlak.edu.hu\/index.php\/wp-json\/wp\/v2\/users\/3"}],"replies":[{"embeddable":true,"href":"https:\/\/altisk-mlak.edu.hu\/index.php\/wp-json\/wp\/v2\/comments?post=2573"}],"version-history":[{"count":3,"href":"https:\/\/altisk-mlak.edu.hu\/index.php\/wp-json\/wp\/v2\/posts\/2573\/revisions"}],"predecessor-version":[{"id":2579,"href":"https:\/\/altisk-mlak.edu.hu\/index.php\/wp-json\/wp\/v2\/posts\/2573\/revisions\/2579"}],"wp:attachment":[{"href":"https:\/\/altisk-mlak.edu.hu\/index.php\/wp-json\/wp\/v2\/media?parent=2573"}],"wp:term":[{"taxonomy":"category","embeddable":true,"href":"https:\/\/altisk-mlak.edu.hu\/index.php\/wp-json\/wp\/v2\/categories?post=2573"},{"taxonomy":"post_tag","embeddable":true,"href":"https:\/\/altisk-mlak.edu.hu\/index.php\/wp-json\/wp\/v2\/tags?post=2573"}],"curies":[{"name":"wp","href":"https:\/\/api.w.org\/{rel}","templated":true}]}}