{"id":2582,"date":"2024-10-25T07:57:52","date_gmt":"2024-10-25T07:57:52","guid":{"rendered":"https:\/\/altisk-mlak.edu.hu\/?p=2582"},"modified":"2024-11-04T09:00:43","modified_gmt":"2024-11-04T09:00:43","slug":"56-os-emlekfutam-a-hosok-emlekere-2","status":"publish","type":"post","link":"https:\/\/altisk-mlak.edu.hu\/index.php\/56-os-emlekfutam-a-hosok-emlekere-2\/","title":{"rendered":"\u201956-os eml\u00e9kfutam a h\u0151s\u00f6k eml\u00e9k\u00e9re"},"content":{"rendered":"<p align=\"justify\"><img fetchpriority=\"high\" decoding=\"async\" class=\"aligncenter size-large wp-image-2598\" src=\"https:\/\/altisk-mlak.edu.hu\/wp-content\/uploads\/2024\/10\/IMG_20241021_185130-1024x702.jpg\" alt=\"\" width=\"604\" height=\"414\" srcset=\"https:\/\/altisk-mlak.edu.hu\/wp-content\/uploads\/2024\/10\/IMG_20241021_185130-1024x702.jpg 1024w, https:\/\/altisk-mlak.edu.hu\/wp-content\/uploads\/2024\/10\/IMG_20241021_185130-300x206.jpg 300w, https:\/\/altisk-mlak.edu.hu\/wp-content\/uploads\/2024\/10\/IMG_20241021_185130-768x526.jpg 768w, https:\/\/altisk-mlak.edu.hu\/wp-content\/uploads\/2024\/10\/IMG_20241021_185130-1536x1053.jpg 1536w, https:\/\/altisk-mlak.edu.hu\/wp-content\/uploads\/2024\/10\/IMG_20241021_185130-2048x1403.jpg 2048w, https:\/\/altisk-mlak.edu.hu\/wp-content\/uploads\/2024\/10\/IMG_20241021_185130-600x411.jpg 600w\" sizes=\"(max-width: 604px) 100vw, 604px\" \/><\/p>\n<p align=\"justify\">Az idei tan\u00e9vben is megrendez\u00e9sre ker\u00fclt iskol\u00e1nkban a m\u00e1r hagyom\u00e1nny\u00e1 v\u00e1lt \u201956-os eml\u00e9kfut\u00e1s. A di\u00e1kok 4 korcsoportban, fi\u00fa-l\u00e1ny kateg\u00f3ri\u00e1ban versenyeztek az iskola sportp\u00e1ly\u00e1j\u00e1n. A bemeleg\u00edt\u00e9st k\u00f6vet\u0151en kicsik \u00e9s nagyok nagy lelkesed\u00e9ssel \u00e9s izgalommal \u00e1lltak rajtvonalhoz.<\/p>\n<p align=\"justify\"><img decoding=\"async\" class=\"aligncenter size-large wp-image-2599\" src=\"https:\/\/altisk-mlak.edu.hu\/wp-content\/uploads\/2024\/10\/IMG_20241021_195550-735x1024.jpg\" alt=\"\" width=\"604\" height=\"841\" srcset=\"https:\/\/altisk-mlak.edu.hu\/wp-content\/uploads\/2024\/10\/IMG_20241021_195550-735x1024.jpg 735w, https:\/\/altisk-mlak.edu.hu\/wp-content\/uploads\/2024\/10\/IMG_20241021_195550-215x300.jpg 215w, https:\/\/altisk-mlak.edu.hu\/wp-content\/uploads\/2024\/10\/IMG_20241021_195550-768x1070.jpg 768w, https:\/\/altisk-mlak.edu.hu\/wp-content\/uploads\/2024\/10\/IMG_20241021_195550-1103x1536.jpg 1103w, https:\/\/altisk-mlak.edu.hu\/wp-content\/uploads\/2024\/10\/IMG_20241021_195550-431x600.jpg 431w, https:\/\/altisk-mlak.edu.hu\/wp-content\/uploads\/2024\/10\/IMG_20241021_195550.jpg 1394w\" sizes=\"(max-width: 604px) 100vw, 604px\" \/><\/p>\n<p align=\"justify\">A fut\u00f3kat a szurkol\u00f3t\u00e1bor lelkes tapssal biztatta a c\u00e9lba \u00e9r\u00e9s pillanat\u00e1ig, vid\u00e1m hajr\u00e1juk bet\u00f6lt\u00f6tte az iskola udvar\u00e1t. A gy\u0151ztesek sz\u00e9p, log\u00f3val ell\u00e1tott serleget kaptak aj\u00e1nd\u00e9kba, melyet Frigy J\u00f3zsef karit\u00e1szvezet\u0151 aj\u00e1nlott fel. A k\u00f6vetkez\u0151 tanul\u00f3k \u00e9rtek el kimagasl\u00f3 eredm\u00e9nyeket:<\/p>\n<ul>\n<li><u>1-2. oszt\u00e1lyos korcsoport:<\/u>\n<ul>\n<li>Fi\u00fa kateg\u00f3ria: Pars Noel (Magyarlak-Cs\u00f6r\u00f6tnek \u00c1ltal\u00e1nos Iskol\u00e1ja)<\/li>\n<li>L\u00e1ny kateg\u00f3ria: Guti Kira (R\u00e1bagyarmati \u00c1ltal\u00e1nos Iskola)<\/li>\n<\/ul>\n<\/li>\n<li><u>3-4. oszt\u00e1lyos korcsoport:<\/u>\n<ul>\n<li>Fi\u00fa kateg\u00f3ria: Guti Oliv\u00e9r (R\u00e1bagyarmati \u00c1ltal\u00e1nos Iskola)<\/li>\n<li>L\u00e1ny kateg\u00f3ria: Kov\u00e1cs R\u00e9ka (R\u00e1bagyarmati \u00c1ltal\u00e1nos Iskola)<\/li>\n<\/ul>\n<\/li>\n<li><u>5-6. oszt\u00e1lyos korcsoport:<\/u>\n<ul>\n<li>Fi\u00fa kateg\u00f3ria: Szab\u00f3 Emili\u00e1n (Magyarlak-Cs\u00f6r\u00f6tnek \u00c1ltal\u00e1nos Iskol\u00e1ja)<\/li>\n<li>L\u00e1ny kateg\u00f3ria: Deli Aida Anna (Magyarlak-Cs\u00f6r\u00f6tnek \u00c1ltal\u00e1nos Iskol\u00e1ja)<\/li>\n<\/ul>\n<\/li>\n<li><u>7-8. oszt\u00e1lyos korcsoport:<\/u>\n<ul>\n<li>Fi\u00fa kateg\u00f3ria: Kov\u00e1cs Levente (Magyarlak-Cs\u00f6r\u00f6tnek \u00c1ltal\u00e1nos Iskol\u00e1ja)<\/li>\n<li>L\u00e1ny kateg\u00f3ria: Csicsai Emma (Magyarlak-Cs\u00f6r\u00f6tnek \u00c1ltal\u00e1nos Iskol\u00e1ja)<\/li>\n<\/ul>\n<\/li>\n<li><u>K\u00fcl\u00f6nd\u00edj- H\u0151s fut\u00f3k:<\/u>\n<ul>\n<li>Fi\u00fa kateg\u00f3ria: Balogh M\u00e1t\u00e9 (Magyarlak-Cs\u00f6r\u00f6tnek \u00c1ltal\u00e1nos Iskol\u00e1ja)<\/li>\n<li>L\u00e1ny kateg\u00f3ria: Hanzsek Hanna (Magyarlak-Cs\u00f6r\u00f6tnek \u00c1ltal\u00e1nos Iskol\u00e1ja)<\/li>\n<\/ul>\n<\/li>\n<\/ul>\n<p><img decoding=\"async\" class=\"aligncenter size-large wp-image-2600\" src=\"https:\/\/altisk-mlak.edu.hu\/wp-content\/uploads\/2024\/10\/IMG_20241021_185745-1024x599.jpg\" alt=\"\" width=\"604\" height=\"353\" srcset=\"https:\/\/altisk-mlak.edu.hu\/wp-content\/uploads\/2024\/10\/IMG_20241021_185745-1024x599.jpg 1024w, https:\/\/altisk-mlak.edu.hu\/wp-content\/uploads\/2024\/10\/IMG_20241021_185745-300x176.jpg 300w, https:\/\/altisk-mlak.edu.hu\/wp-content\/uploads\/2024\/10\/IMG_20241021_185745-768x450.jpg 768w, https:\/\/altisk-mlak.edu.hu\/wp-content\/uploads\/2024\/10\/IMG_20241021_185745-1536x899.jpg 1536w, https:\/\/altisk-mlak.edu.hu\/wp-content\/uploads\/2024\/10\/IMG_20241021_185745-2048x1199.jpg 2048w, https:\/\/altisk-mlak.edu.hu\/wp-content\/uploads\/2024\/10\/IMG_20241021_185745-600x351.jpg 600w\" sizes=\"(max-width: 604px) 100vw, 604px\" \/><\/p>\n<p align=\"justify\">Minden gyermek bizony\u00edtotta kitart\u00e1s\u00e1t, k\u00fczdeni akar\u00e1s\u00e1t, \u00edgy m\u00e9lt\u00e1n vehett\u00e9k \u00e1t az alkalomra k\u00e9sz\u00edtett, egyedi kit\u0171z\u0151t. A meglepet\u00e9sfutamban az iskola pedag\u00f3gusai: Kov\u00e1cs Zsuzsanna, Mezein\u00e9 Kiss Katalin, M\u00e9h\u00e9sz Zolt\u00e1n, Zak\u00f3cs Veronika, G\u00e9csek Oliv\u00e9r is rajthoz \u00e1lltak v\u00e1lt\u00f3fut\u00e1sban a di\u00e1kok nagy \u00f6r\u00f6m\u00e9re, \u00e9s az utols\u00f3 k\u00f6rt egy\u00fctt megt\u00e9ve, k\u00e9z a k\u00e9zben futottak be a c\u00e9lba.<\/p>\n<p align=\"justify\">A mozg\u00e1s \u00e1ltal ny\u00fajtott k\u00f6z\u00f6ss\u00e9gi \u00e9lm\u00e9ny \u00f6r\u00f6mteli pillanata t\u00fckr\u00f6z\u0151d\u00f6tt minden gyermek \u00e9s feln\u0151tt arc\u00e1n, melyet nagyon j\u00f3 volt l\u00e1tni. K\u00f6sz\u00f6n\u00f6m sz\u00e9pen G\u00e9csek Oliv\u00e9r tan\u00e1r \u00far, a 6. \u00e9s 8. oszt\u00e1lyos tanul\u00f3k szervez\u00e9sben ny\u00fajtott seg\u00edts\u00e9g\u00e9t! J\u00f6v\u0151re folytatjuk!<\/p>\n<p style=\"text-align: right;\"><i>Mezein\u00e9 Kiss Katalin<\/i><\/p>\n","protected":false},"excerpt":{"rendered":"<p>Az idei tan\u00e9vben is megrendez\u00e9sre ker\u00fclt iskol\u00e1nkban a m\u00e1r hagyom\u00e1nny\u00e1 v\u00e1lt \u201956-os eml\u00e9kfut\u00e1s. A di\u00e1kok 4 korcsoportban, fi\u00fa-l\u00e1ny kateg\u00f3ri\u00e1ban versenyeztek az iskola sportp\u00e1ly\u00e1j\u00e1n. A bemeleg\u00edt\u00e9st k\u00f6vet\u0151en kicsik \u00e9s nagyok nagy lelkesed\u00e9ssel \u00e9s<a class=\"moretag\" href=\"https:\/\/altisk-mlak.edu.hu\/index.php\/56-os-emlekfutam-a-hosok-emlekere-2\/\">Read More&#8230;<\/a><\/p>\n","protected":false},"author":3,"featured_media":0,"comment_status":"closed","ping_status":"closed","sticky":false,"template":"","format":"standard","meta":{"two_page_speed":[],"footnotes":""},"categories":[1],"tags":[],"class_list":["post-2582","post","type-post","status-publish","format-standard","hentry","category-egyeb"],"_links":{"self":[{"href":"https:\/\/altisk-mlak.edu.hu\/index.php\/wp-json\/wp\/v2\/posts\/2582","targetHints":{"allow":["GET"]}}],"collection":[{"href":"https:\/\/altisk-mlak.edu.hu\/index.php\/wp-json\/wp\/v2\/posts"}],"about":[{"href":"https:\/\/altisk-mlak.edu.hu\/index.php\/wp-json\/wp\/v2\/types\/post"}],"author":[{"embeddable":true,"href":"https:\/\/altisk-mlak.edu.hu\/index.php\/wp-json\/wp\/v2\/users\/3"}],"replies":[{"embeddable":true,"href":"https:\/\/altisk-mlak.edu.hu\/index.php\/wp-json\/wp\/v2\/comments?post=2582"}],"version-history":[{"count":2,"href":"https:\/\/altisk-mlak.edu.hu\/index.php\/wp-json\/wp\/v2\/posts\/2582\/revisions"}],"predecessor-version":[{"id":2601,"href":"https:\/\/altisk-mlak.edu.hu\/index.php\/wp-json\/wp\/v2\/posts\/2582\/revisions\/2601"}],"wp:attachment":[{"href":"https:\/\/altisk-mlak.edu.hu\/index.php\/wp-json\/wp\/v2\/media?parent=2582"}],"wp:term":[{"taxonomy":"category","embeddable":true,"href":"https:\/\/altisk-mlak.edu.hu\/index.php\/wp-json\/wp\/v2\/categories?post=2582"},{"taxonomy":"post_tag","embeddable":true,"href":"https:\/\/altisk-mlak.edu.hu\/index.php\/wp-json\/wp\/v2\/tags?post=2582"}],"curies":[{"name":"wp","href":"https:\/\/api.w.org\/{rel}","templated":true}]}}