{"id":2593,"date":"2024-10-23T09:24:24","date_gmt":"2024-10-23T09:24:24","guid":{"rendered":"https:\/\/altisk-mlak.edu.hu\/?p=2593"},"modified":"2024-10-25T07:53:32","modified_gmt":"2024-10-25T07:53:32","slug":"1956-hoseire-emlekeztunk","status":"publish","type":"post","link":"https:\/\/altisk-mlak.edu.hu\/index.php\/1956-hoseire-emlekeztunk\/","title":{"rendered":"1956 h\u0151seire eml\u00e9kezt\u00fcnk"},"content":{"rendered":"<p align=\"justify\"><img fetchpriority=\"high\" decoding=\"async\" class=\"aligncenter size-large wp-image-2596\" src=\"https:\/\/altisk-mlak.edu.hu\/wp-content\/uploads\/2024\/10\/Messenger_creation_8E415C8A-7250-45B7-BC2A-92EB12EEBEF7-1024x767.jpeg\" alt=\"\" width=\"604\" height=\"452\" srcset=\"https:\/\/altisk-mlak.edu.hu\/wp-content\/uploads\/2024\/10\/Messenger_creation_8E415C8A-7250-45B7-BC2A-92EB12EEBEF7-1024x767.jpeg 1024w, https:\/\/altisk-mlak.edu.hu\/wp-content\/uploads\/2024\/10\/Messenger_creation_8E415C8A-7250-45B7-BC2A-92EB12EEBEF7-300x225.jpeg 300w, https:\/\/altisk-mlak.edu.hu\/wp-content\/uploads\/2024\/10\/Messenger_creation_8E415C8A-7250-45B7-BC2A-92EB12EEBEF7-768x575.jpeg 768w, https:\/\/altisk-mlak.edu.hu\/wp-content\/uploads\/2024\/10\/Messenger_creation_8E415C8A-7250-45B7-BC2A-92EB12EEBEF7-1536x1150.jpeg 1536w, https:\/\/altisk-mlak.edu.hu\/wp-content\/uploads\/2024\/10\/Messenger_creation_8E415C8A-7250-45B7-BC2A-92EB12EEBEF7-600x449.jpeg 600w, https:\/\/altisk-mlak.edu.hu\/wp-content\/uploads\/2024\/10\/Messenger_creation_8E415C8A-7250-45B7-BC2A-92EB12EEBEF7.jpeg 2048w\" sizes=\"(max-width: 604px) 100vw, 604px\" \/><\/p>\n<p align=\"justify\"><span style=\"font-family: Arial, serif;\">Az id\u00e9n nem az iskola aul\u00e1j\u00e1ban, hanem Cs\u00f6r\u00f6tnek k\u00f6zpontj\u00e1ban, az 1956-os eml\u00e9km\u0171 el\u0151tt eml\u00e9kezt\u00fcnk meg az \u201956-os h\u0151s\u00f6kr\u0151l. A megeml\u00e9kez\u00e9s nemzeti im\u00e1ds\u00e1gunk, a Himnusz el\u00e9nekl\u00e9s\u00e9vel vette kezdet\u00e9t. Ezt k\u00f6vet\u0151en Dr. Tak\u00e1cs Gyula iskolalelk\u00e9sz felolvasta a 31. zsolt\u00e1rt, mely a bajban l\u00e9v\u0151, elhagyatott ember Istenhez val\u00f3 fordul\u00e1s\u00e1r\u00f3l sz\u00f3l. Az ima az sugallja, ha van Istenbe vetett bizalmunk, akkor meghallgat\u00e1sra tal\u00e1lunk, \u00e9s seg\u00edts\u00e9get kapunk.<\/span><\/p>\n<table style=\"border-collapse: collapse; width: 100%;\">\n<tbody>\n<tr>\n<td style=\"width: 50%;\"><img decoding=\"async\" class=\"aligncenter wp-image-2594 size-large\" src=\"https:\/\/altisk-mlak.edu.hu\/wp-content\/uploads\/2024\/10\/Messenger_creation_E559F88F-B391-4914-955A-A4A6A8F5E58F-e1729675452525-1024x490.jpeg\" alt=\"\" width=\"604\" height=\"289\" srcset=\"https:\/\/altisk-mlak.edu.hu\/wp-content\/uploads\/2024\/10\/Messenger_creation_E559F88F-B391-4914-955A-A4A6A8F5E58F-e1729675452525-1024x490.jpeg 1024w, https:\/\/altisk-mlak.edu.hu\/wp-content\/uploads\/2024\/10\/Messenger_creation_E559F88F-B391-4914-955A-A4A6A8F5E58F-e1729675452525-300x143.jpeg 300w, https:\/\/altisk-mlak.edu.hu\/wp-content\/uploads\/2024\/10\/Messenger_creation_E559F88F-B391-4914-955A-A4A6A8F5E58F-e1729675452525-768x367.jpeg 768w, https:\/\/altisk-mlak.edu.hu\/wp-content\/uploads\/2024\/10\/Messenger_creation_E559F88F-B391-4914-955A-A4A6A8F5E58F-e1729675452525-1536x734.jpeg 1536w, https:\/\/altisk-mlak.edu.hu\/wp-content\/uploads\/2024\/10\/Messenger_creation_E559F88F-B391-4914-955A-A4A6A8F5E58F-e1729675452525-600x287.jpeg 600w, https:\/\/altisk-mlak.edu.hu\/wp-content\/uploads\/2024\/10\/Messenger_creation_E559F88F-B391-4914-955A-A4A6A8F5E58F-e1729675452525.jpeg 2048w\" sizes=\"(max-width: 604px) 100vw, 604px\" \/><\/td>\n<td style=\"width: 50%;\"><img decoding=\"async\" class=\"aligncenter size-large wp-image-2595\" src=\"https:\/\/altisk-mlak.edu.hu\/wp-content\/uploads\/2024\/10\/Messenger_creation_F440C322-B258-469F-9E01-B3973FA4EA24-1024x456.jpeg\" alt=\"\" width=\"604\" height=\"269\" srcset=\"https:\/\/altisk-mlak.edu.hu\/wp-content\/uploads\/2024\/10\/Messenger_creation_F440C322-B258-469F-9E01-B3973FA4EA24-1024x456.jpeg 1024w, https:\/\/altisk-mlak.edu.hu\/wp-content\/uploads\/2024\/10\/Messenger_creation_F440C322-B258-469F-9E01-B3973FA4EA24-300x134.jpeg 300w, https:\/\/altisk-mlak.edu.hu\/wp-content\/uploads\/2024\/10\/Messenger_creation_F440C322-B258-469F-9E01-B3973FA4EA24-768x342.jpeg 768w, https:\/\/altisk-mlak.edu.hu\/wp-content\/uploads\/2024\/10\/Messenger_creation_F440C322-B258-469F-9E01-B3973FA4EA24-1536x684.jpeg 1536w, https:\/\/altisk-mlak.edu.hu\/wp-content\/uploads\/2024\/10\/Messenger_creation_F440C322-B258-469F-9E01-B3973FA4EA24-604x270.jpeg 604w, https:\/\/altisk-mlak.edu.hu\/wp-content\/uploads\/2024\/10\/Messenger_creation_F440C322-B258-469F-9E01-B3973FA4EA24-600x267.jpeg 600w, https:\/\/altisk-mlak.edu.hu\/wp-content\/uploads\/2024\/10\/Messenger_creation_F440C322-B258-469F-9E01-B3973FA4EA24.jpeg 2048w\" sizes=\"(max-width: 604px) 100vw, 604px\" \/><\/td>\n<\/tr>\n<\/tbody>\n<\/table>\n<p align=\"justify\"><span style=\"font-family: Arial, serif;\">Gyula atya besz\u00e9de ut\u00e1n k\u00f6z\u00f6sen elmondtuk az \u00dart\u00f3l tanult im\u00e1ds\u00e1got. Majd iskol\u00e1nk tanul\u00f3i az \u00fcnnephez m\u00e9lt\u00f3, sz\u00ednvonalas m\u0171sort adtak el\u0151. Az elhangzott vers, dal \u00e9s az esem\u00e9nyeket taglal\u00f3 sz\u00f6veg hiteles m\u00f3don mutatta be az 1956-os forradalom \u00e9s szabads\u00e1gharc t\u00f6rt\u00e9net\u00e9t \u00e9s eszm\u00e9ny\u00e9t. Az als\u00f3 tagozatos di\u00e1kok \u00e9s tan\u00edt\u00f3 n\u00e9nik piros-feh\u00e9r-z\u00f6ld, fekete \u00e9s lyukas z\u00e1szl\u00f3kat festettek az alkalomra, melyeket az eml\u00e9km\u0171 k\u00f6r\u00e9 t\u0171ztek ki. A megeml\u00e9kez\u00e9st a Sz\u00f3zat z\u00e1rta, v\u00e9g\u00fcl elhelyezt\u00fck az iskola koszor\u00faj\u00e1t, \u00e9s meggy\u00fajtottuk az eml\u00e9kez\u00e9s \u00e9s tisztelet l\u00e1ngj\u00e1t.<\/span><\/p>\n","protected":false},"excerpt":{"rendered":"<p>Az id\u00e9n nem az iskola aul\u00e1j\u00e1ban, hanem Cs\u00f6r\u00f6tnek k\u00f6zpontj\u00e1ban, az 1956-os eml\u00e9km\u0171 el\u0151tt eml\u00e9kezt\u00fcnk meg az \u201956-os h\u0151s\u00f6kr\u0151l. A megeml\u00e9kez\u00e9s nemzeti im\u00e1ds\u00e1gunk, a Himnusz el\u00e9nekl\u00e9s\u00e9vel vette kezdet\u00e9t. Ezt k\u00f6vet\u0151en Dr. Tak\u00e1cs Gyula<a class=\"moretag\" href=\"https:\/\/altisk-mlak.edu.hu\/index.php\/1956-hoseire-emlekeztunk\/\">Read More&#8230;<\/a><\/p>\n","protected":false},"author":3,"featured_media":0,"comment_status":"closed","ping_status":"closed","sticky":false,"template":"","format":"standard","meta":{"two_page_speed":[],"footnotes":""},"categories":[1],"tags":[],"class_list":["post-2593","post","type-post","status-publish","format-standard","hentry","category-egyeb"],"_links":{"self":[{"href":"https:\/\/altisk-mlak.edu.hu\/index.php\/wp-json\/wp\/v2\/posts\/2593","targetHints":{"allow":["GET"]}}],"collection":[{"href":"https:\/\/altisk-mlak.edu.hu\/index.php\/wp-json\/wp\/v2\/posts"}],"about":[{"href":"https:\/\/altisk-mlak.edu.hu\/index.php\/wp-json\/wp\/v2\/types\/post"}],"author":[{"embeddable":true,"href":"https:\/\/altisk-mlak.edu.hu\/index.php\/wp-json\/wp\/v2\/users\/3"}],"replies":[{"embeddable":true,"href":"https:\/\/altisk-mlak.edu.hu\/index.php\/wp-json\/wp\/v2\/comments?post=2593"}],"version-history":[{"count":1,"href":"https:\/\/altisk-mlak.edu.hu\/index.php\/wp-json\/wp\/v2\/posts\/2593\/revisions"}],"predecessor-version":[{"id":2597,"href":"https:\/\/altisk-mlak.edu.hu\/index.php\/wp-json\/wp\/v2\/posts\/2593\/revisions\/2597"}],"wp:attachment":[{"href":"https:\/\/altisk-mlak.edu.hu\/index.php\/wp-json\/wp\/v2\/media?parent=2593"}],"wp:term":[{"taxonomy":"category","embeddable":true,"href":"https:\/\/altisk-mlak.edu.hu\/index.php\/wp-json\/wp\/v2\/categories?post=2593"},{"taxonomy":"post_tag","embeddable":true,"href":"https:\/\/altisk-mlak.edu.hu\/index.php\/wp-json\/wp\/v2\/tags?post=2593"}],"curies":[{"name":"wp","href":"https:\/\/api.w.org\/{rel}","templated":true}]}}