{"id":2631,"date":"2024-11-08T10:51:32","date_gmt":"2024-11-08T10:51:32","guid":{"rendered":"https:\/\/altisk-mlak.edu.hu\/?p=2631"},"modified":"2024-11-13T09:47:40","modified_gmt":"2024-11-13T09:47:40","slug":"iskolank-csapata-az-orszagos-dontoben","status":"publish","type":"post","link":"https:\/\/altisk-mlak.edu.hu\/index.php\/iskolank-csapata-az-orszagos-dontoben\/","title":{"rendered":"Iskol\u00e1nk csapata az orsz\u00e1gos d\u00f6nt\u0151ben"},"content":{"rendered":"<p><img fetchpriority=\"high\" decoding=\"async\" class=\"aligncenter size-large wp-image-2632\" src=\"https:\/\/altisk-mlak.edu.hu\/wp-content\/uploads\/2024\/11\/bisel-11-768x1024.jpg\" alt=\"\" width=\"604\" height=\"805\" srcset=\"https:\/\/altisk-mlak.edu.hu\/wp-content\/uploads\/2024\/11\/bisel-11-768x1024.jpg 768w, https:\/\/altisk-mlak.edu.hu\/wp-content\/uploads\/2024\/11\/bisel-11-225x300.jpg 225w, https:\/\/altisk-mlak.edu.hu\/wp-content\/uploads\/2024\/11\/bisel-11-1152x1536.jpg 1152w, https:\/\/altisk-mlak.edu.hu\/wp-content\/uploads\/2024\/11\/bisel-11-450x600.jpg 450w, https:\/\/altisk-mlak.edu.hu\/wp-content\/uploads\/2024\/11\/bisel-11.jpg 1536w\" sizes=\"(max-width: 604px) 100vw, 604px\" \/><\/p>\n<p align=\"justify\">Az Energia\u00fcgyi Miniszt\u00e9rium orsz\u00e1gos versenyt hirdetett a BISEL program keret\u00e9ben \u201eA v\u00edzb\u0151l kel\u0151 \u00e9let\u201d c\u00edmmel \u00e1ltal\u00e1nos \u00e9s k\u00f6z\u00e9piskol\u00e1k 7-12. \u00e9vfolyamos tanul\u00f3i sz\u00e1m\u00e1ra k\u00e9t korcsoportban (7-9. \u00e9s 10-12. \u00e9vfolyam). A verseny c\u00e9lja a v\u00edzfoly\u00e1sok vizsg\u00e1lata, \u00e1llapot\u00e1nak BISEL m\u00f3dszerrel t\u00f6rt\u00e9n\u0151 min\u0151s\u00edt\u00e9se, \u00e9l\u0151vil\u00e1guk megismer\u00e9se, a v\u00edzfoly\u00e1sokat vesz\u00e9lyeztet\u0151 t\u00e9nyez\u0151k megfigyel\u00e9se. Iskol\u00e1nk valamennyi tanul\u00f3ja megismerkedett ezzel a tudom\u00e1nyos v\u00edzmin\u0151s\u00e9gi m\u00e9r\u00e9ssel a V\u00edz vil\u00e1gnapj\u00e1n a R\u00e1ba foly\u00f3 cs\u00f6r\u00f6tneki szakasz\u00e1n az \u0150rs\u00e9gi Nemzeti Park szakemberei seg\u00edts\u00e9g\u00e9vel.<\/p>\n<table style=\"border-collapse: collapse; width: 100%;\">\n<tbody>\n<tr>\n<td style=\"width: 50%;\"><img decoding=\"async\" class=\"aligncenter size-large wp-image-2633\" src=\"https:\/\/altisk-mlak.edu.hu\/wp-content\/uploads\/2024\/11\/bisel-13-1024x768.jpg\" alt=\"\" width=\"604\" height=\"453\" srcset=\"https:\/\/altisk-mlak.edu.hu\/wp-content\/uploads\/2024\/11\/bisel-13-1024x768.jpg 1024w, https:\/\/altisk-mlak.edu.hu\/wp-content\/uploads\/2024\/11\/bisel-13-300x225.jpg 300w, https:\/\/altisk-mlak.edu.hu\/wp-content\/uploads\/2024\/11\/bisel-13-768x576.jpg 768w, https:\/\/altisk-mlak.edu.hu\/wp-content\/uploads\/2024\/11\/bisel-13-1536x1152.jpg 1536w, https:\/\/altisk-mlak.edu.hu\/wp-content\/uploads\/2024\/11\/bisel-13-600x450.jpg 600w, https:\/\/altisk-mlak.edu.hu\/wp-content\/uploads\/2024\/11\/bisel-13.jpg 2048w\" sizes=\"(max-width: 604px) 100vw, 604px\" \/><\/td>\n<td style=\"width: 50%;\"><img decoding=\"async\" class=\"aligncenter size-large wp-image-2634\" src=\"https:\/\/altisk-mlak.edu.hu\/wp-content\/uploads\/2024\/11\/bisel-12-1024x768.jpg\" alt=\"\" width=\"604\" height=\"453\" srcset=\"https:\/\/altisk-mlak.edu.hu\/wp-content\/uploads\/2024\/11\/bisel-12-1024x768.jpg 1024w, https:\/\/altisk-mlak.edu.hu\/wp-content\/uploads\/2024\/11\/bisel-12-300x225.jpg 300w, https:\/\/altisk-mlak.edu.hu\/wp-content\/uploads\/2024\/11\/bisel-12-768x576.jpg 768w, https:\/\/altisk-mlak.edu.hu\/wp-content\/uploads\/2024\/11\/bisel-12-1536x1152.jpg 1536w, https:\/\/altisk-mlak.edu.hu\/wp-content\/uploads\/2024\/11\/bisel-12-600x450.jpg 600w, https:\/\/altisk-mlak.edu.hu\/wp-content\/uploads\/2024\/11\/bisel-12.jpg 2048w\" sizes=\"(max-width: 604px) 100vw, 604px\" \/><\/td>\n<\/tr>\n<\/tbody>\n<\/table>\n<p align=\"justify\">A leg\u00e9rdekl\u0151d\u0151bb di\u00e1kok: Gratzl Marcell, Horv\u00e1th Judit, J\u00f3zsi J\u00e1zmin, Kiszely B\u00e9la, Kiszely D\u00e1vid, Petrovics Andr\u00e1s k\u00fcl\u00f6n v\u00e1llalkoztak arra, hogy a Szala-patakot is megvizsg\u00e1lj\u00e1k term\u00e9szettudom\u00e1ny- \u00e9s k\u00e9mia\u00f3r\u00e1kon. A tanul\u00f3k a v\u00edzfoly\u00e1s t\u00f6bb szakasz\u00e1n vettek mint\u00e1t, terepi v\u00edzvizsg\u00e1latot v\u00e9geztek, fot\u00f3dokument\u00e1ci\u00f3t k\u00e9sz\u00edtettek, a fizikai \u00e9s k\u00e9miai jellemz\u0151ket szab\u00e1lyos jegyz\u0151k\u00f6nyvbe vezett\u00e9k. Az \u0150rbisel csapat a makrogerincteleneken t\u00fal a Szala k\u00f6zvetlen k\u00f6rnyezet\u00e9nek n\u00f6v\u00e9ny- \u00e9s \u00e1llatvil\u00e1g\u00e1t is szem\u00fcgyre vette, \u00e9s megvizsg\u00e1lta az egyes fajok v\u00edzhez val\u00f3 kapcsol\u00f3d\u00e1s\u00e1t, azok fejl\u0151d\u00e9s\u00e9t, \u00e9letciklus\u00e1t. A terepi vizsg\u00e1lati eredm\u00e9nyeket fel is t\u00f6lt\u00f6tt\u00e9k az orsz\u00e1gos informatikai rendszerbe. A gyakorlati feladatot egy, minden r\u00e9szletre kiterjed\u0151, v\u00e1ltozatos feladatokat tartalmaz\u00f3 elm\u00e9leti feladatsor megold\u00e1sa k\u00f6vette, ami neh\u00e9zs\u00e9ge miatt alaposan megdolgoztatta a tanul\u00f3kat. Az \u0151szi sz\u00fcnetben \u00e9rkezett a hivatalos \u00e9rtes\u00edt\u00e9s az Energia\u00fcgyi Miniszt\u00e9riumb\u00f3l, hogy iskol\u00e1nk csapata d\u00edjaz\u00e1sban r\u00e9szes\u00fclt, \u00e9s megh\u00edv\u00e1st kaptunk az \u00fcnnep\u00e9lyes d\u00edj\u00e1tad\u00f3ra, mely november 14-\u00e9n, cs\u00fct\u00f6rt\u00f6k\u00f6n lesz a P\u00e9nz\u00fcgyminiszt\u00e9rium P\u00e9nzt\u00e1rterm\u00e9ben. Izgatottan k\u00e9sz\u00fcl\u00fcnk a nagy napra, mert m\u00e9g sosem j\u00e1rtunk ilyen neves helyen, \u00e9s k\u00edv\u00e1ncsiak vagyunk, hogy h\u00e1nyadik helyez\u00e9st \u00e9rt\u00fck el. Az eredm\u00e9nyr\u0151l a k\u00e9s\u0151bbiekben tud\u00f3s\u00edtunk.<\/p>\n<p style=\"text-align: right;\"><em>Mezein\u00e9 Kiss Katalin<\/em><\/p>\n","protected":false},"excerpt":{"rendered":"<p>Az Energia\u00fcgyi Miniszt\u00e9rium orsz\u00e1gos versenyt hirdetett a BISEL program keret\u00e9ben \u201eA v\u00edzb\u0151l kel\u0151 \u00e9let\u201d c\u00edmmel \u00e1ltal\u00e1nos \u00e9s k\u00f6z\u00e9piskol\u00e1k 7-12. \u00e9vfolyamos tanul\u00f3i sz\u00e1m\u00e1ra k\u00e9t korcsoportban (7-9. \u00e9s 10-12. \u00e9vfolyam). A verseny c\u00e9lja a<a class=\"moretag\" href=\"https:\/\/altisk-mlak.edu.hu\/index.php\/iskolank-csapata-az-orszagos-dontoben\/\">Read More&#8230;<\/a><\/p>\n","protected":false},"author":3,"featured_media":0,"comment_status":"closed","ping_status":"closed","sticky":false,"template":"","format":"standard","meta":{"two_page_speed":[],"footnotes":""},"categories":[1],"tags":[],"class_list":["post-2631","post","type-post","status-publish","format-standard","hentry","category-egyeb"],"_links":{"self":[{"href":"https:\/\/altisk-mlak.edu.hu\/index.php\/wp-json\/wp\/v2\/posts\/2631","targetHints":{"allow":["GET"]}}],"collection":[{"href":"https:\/\/altisk-mlak.edu.hu\/index.php\/wp-json\/wp\/v2\/posts"}],"about":[{"href":"https:\/\/altisk-mlak.edu.hu\/index.php\/wp-json\/wp\/v2\/types\/post"}],"author":[{"embeddable":true,"href":"https:\/\/altisk-mlak.edu.hu\/index.php\/wp-json\/wp\/v2\/users\/3"}],"replies":[{"embeddable":true,"href":"https:\/\/altisk-mlak.edu.hu\/index.php\/wp-json\/wp\/v2\/comments?post=2631"}],"version-history":[{"count":2,"href":"https:\/\/altisk-mlak.edu.hu\/index.php\/wp-json\/wp\/v2\/posts\/2631\/revisions"}],"predecessor-version":[{"id":2654,"href":"https:\/\/altisk-mlak.edu.hu\/index.php\/wp-json\/wp\/v2\/posts\/2631\/revisions\/2654"}],"wp:attachment":[{"href":"https:\/\/altisk-mlak.edu.hu\/index.php\/wp-json\/wp\/v2\/media?parent=2631"}],"wp:term":[{"taxonomy":"category","embeddable":true,"href":"https:\/\/altisk-mlak.edu.hu\/index.php\/wp-json\/wp\/v2\/categories?post=2631"},{"taxonomy":"post_tag","embeddable":true,"href":"https:\/\/altisk-mlak.edu.hu\/index.php\/wp-json\/wp\/v2\/tags?post=2631"}],"curies":[{"name":"wp","href":"https:\/\/api.w.org\/{rel}","templated":true}]}}