{"id":2648,"date":"2024-11-13T10:01:40","date_gmt":"2024-11-13T10:01:40","guid":{"rendered":"https:\/\/altisk-mlak.edu.hu\/?p=2648"},"modified":"2024-11-13T12:36:27","modified_gmt":"2024-11-13T12:36:27","slug":"sikerek-a-mora-ferenc-versmondo-versenyen","status":"publish","type":"post","link":"https:\/\/altisk-mlak.edu.hu\/index.php\/sikerek-a-mora-ferenc-versmondo-versenyen\/","title":{"rendered":"Sikerek a M\u00f3ra Ferenc Versmond\u00f3 Versenyen"},"content":{"rendered":"<p align=\"justify\">2024. november 8-\u00e1n iskol\u00e1nk els\u0151 \u00e9s m\u00e1sodik oszt\u00e1lyos tanul\u00f3i a M\u00f3ra Ferenc V\u00e1rosi K\u00f6nyvt\u00e1r versmond\u00f3 verseny\u00e9n vettek r\u00e9szt Szentgotth\u00e1rdon.<\/p>\n<p>Az els\u0151 oszt\u00e1lyos kateg\u00f3ri\u00e1ban:<\/p>\n<p>I. helyezett T\u00f3th Enik\u0151<br \/>\nII. helyezett Horv\u00e1th Noel<br \/>\nIII. helyezett Mezei J\u00e1zmin lett.<br \/>\nFelk\u00e9sz\u00edt\u0151 tan\u00e1r: Zak\u00f3cs Veronika<\/p>\n<p>A m\u00e1sodik oszt\u00e1lyos kateg\u00f3ri\u00e1ban:<\/p>\n<p>I. helyezett: Gyurkovics Mirk\u00f3<br \/>\nIII. helyezett Nider Bal\u00e1zs lett.<br \/>\nK\u00fcl\u00f6nd\u00edjban pedig Sekulic Zo\u00e9 r\u00e9szes\u00fclt.<br \/>\nFelk\u00e9sz\u00edt\u0151 tan\u00e1r: H\u00e1kl\u00e1r Zolt\u00e1nn\u00e9<\/p>\n<table style=\"border-collapse: collapse; width: 100%;\">\n<tbody>\n<tr>\n<td style=\"width: 33.3333%;\"><img fetchpriority=\"high\" decoding=\"async\" class=\"aligncenter wp-image-2649\" src=\"https:\/\/altisk-mlak.edu.hu\/wp-content\/uploads\/2024\/11\/received_2010896476042181-766x1024.jpeg\" alt=\"\" width=\"449\" height=\"600\" srcset=\"https:\/\/altisk-mlak.edu.hu\/wp-content\/uploads\/2024\/11\/received_2010896476042181-766x1024.jpeg 766w, https:\/\/altisk-mlak.edu.hu\/wp-content\/uploads\/2024\/11\/received_2010896476042181-224x300.jpeg 224w, https:\/\/altisk-mlak.edu.hu\/wp-content\/uploads\/2024\/11\/received_2010896476042181-768x1027.jpeg 768w, https:\/\/altisk-mlak.edu.hu\/wp-content\/uploads\/2024\/11\/received_2010896476042181-1149x1536.jpeg 1149w, https:\/\/altisk-mlak.edu.hu\/wp-content\/uploads\/2024\/11\/received_2010896476042181-1532x2048.jpeg 1532w, https:\/\/altisk-mlak.edu.hu\/wp-content\/uploads\/2024\/11\/received_2010896476042181-449x600.jpeg 449w, https:\/\/altisk-mlak.edu.hu\/wp-content\/uploads\/2024\/11\/received_2010896476042181.jpeg 1870w\" sizes=\"(max-width: 449px) 100vw, 449px\" \/><\/td>\n<td style=\"width: 33.3333%;\"><img decoding=\"async\" class=\"aligncenter wp-image-2651\" src=\"https:\/\/altisk-mlak.edu.hu\/wp-content\/uploads\/2024\/11\/IMG_20241112_171917-1024x836.jpg\" alt=\"\" width=\"735\" height=\"600\" srcset=\"https:\/\/altisk-mlak.edu.hu\/wp-content\/uploads\/2024\/11\/IMG_20241112_171917-1024x836.jpg 1024w, https:\/\/altisk-mlak.edu.hu\/wp-content\/uploads\/2024\/11\/IMG_20241112_171917-300x245.jpg 300w, https:\/\/altisk-mlak.edu.hu\/wp-content\/uploads\/2024\/11\/IMG_20241112_171917-768x627.jpg 768w, https:\/\/altisk-mlak.edu.hu\/wp-content\/uploads\/2024\/11\/IMG_20241112_171917-1536x1254.jpg 1536w, https:\/\/altisk-mlak.edu.hu\/wp-content\/uploads\/2024\/11\/IMG_20241112_171917-600x490.jpg 600w, https:\/\/altisk-mlak.edu.hu\/wp-content\/uploads\/2024\/11\/IMG_20241112_171917.jpg 1882w\" sizes=\"(max-width: 735px) 100vw, 735px\" \/><\/td>\n<td style=\"width: 33.3333%;\"><img decoding=\"async\" class=\"aligncenter wp-image-2650\" src=\"https:\/\/altisk-mlak.edu.hu\/wp-content\/uploads\/2024\/11\/Messenger_creation_6776F011-7D0D-4144-94EE-495D823996C3-768x1024.jpeg\" alt=\"\" width=\"450\" height=\"600\" srcset=\"https:\/\/altisk-mlak.edu.hu\/wp-content\/uploads\/2024\/11\/Messenger_creation_6776F011-7D0D-4144-94EE-495D823996C3-768x1024.jpeg 768w, https:\/\/altisk-mlak.edu.hu\/wp-content\/uploads\/2024\/11\/Messenger_creation_6776F011-7D0D-4144-94EE-495D823996C3-225x300.jpeg 225w, https:\/\/altisk-mlak.edu.hu\/wp-content\/uploads\/2024\/11\/Messenger_creation_6776F011-7D0D-4144-94EE-495D823996C3-1152x1536.jpeg 1152w, https:\/\/altisk-mlak.edu.hu\/wp-content\/uploads\/2024\/11\/Messenger_creation_6776F011-7D0D-4144-94EE-495D823996C3-450x600.jpeg 450w, https:\/\/altisk-mlak.edu.hu\/wp-content\/uploads\/2024\/11\/Messenger_creation_6776F011-7D0D-4144-94EE-495D823996C3.jpeg 1500w\" sizes=\"(max-width: 450px) 100vw, 450px\" \/><\/td>\n<\/tr>\n<\/tbody>\n<\/table>\n<p>Minden r\u00e9sztvev\u0151re b\u00fcszk\u00e9k vagyunk \u00e9s gratul\u00e1lunk az el\u00e9rt eredm\u00e9nyekhez! K\u00f6sz\u00f6nj\u00fck sz\u00e9pen a sz\u00fcl\u0151k \u00e9s nagysz\u00fcl\u0151k seg\u00edt\u0151 k\u00f6zrem\u0171k\u00f6d\u00e9s\u00e9t!<\/p>\n","protected":false},"excerpt":{"rendered":"<p>2024. november 8-\u00e1n iskol\u00e1nk els\u0151 \u00e9s m\u00e1sodik oszt\u00e1lyos tanul\u00f3i a M\u00f3ra Ferenc V\u00e1rosi K\u00f6nyvt\u00e1r versmond\u00f3 verseny\u00e9n vettek r\u00e9szt Szentgotth\u00e1rdon. Az els\u0151 oszt\u00e1lyos kateg\u00f3ri\u00e1ban: I. helyezett T\u00f3th Enik\u0151 II. helyezett Horv\u00e1th Noel III.<a class=\"moretag\" href=\"https:\/\/altisk-mlak.edu.hu\/index.php\/sikerek-a-mora-ferenc-versmondo-versenyen\/\">Read More&#8230;<\/a><\/p>\n","protected":false},"author":3,"featured_media":0,"comment_status":"closed","ping_status":"closed","sticky":false,"template":"","format":"standard","meta":{"two_page_speed":[],"footnotes":""},"categories":[1],"tags":[],"class_list":["post-2648","post","type-post","status-publish","format-standard","hentry","category-egyeb"],"_links":{"self":[{"href":"https:\/\/altisk-mlak.edu.hu\/index.php\/wp-json\/wp\/v2\/posts\/2648","targetHints":{"allow":["GET"]}}],"collection":[{"href":"https:\/\/altisk-mlak.edu.hu\/index.php\/wp-json\/wp\/v2\/posts"}],"about":[{"href":"https:\/\/altisk-mlak.edu.hu\/index.php\/wp-json\/wp\/v2\/types\/post"}],"author":[{"embeddable":true,"href":"https:\/\/altisk-mlak.edu.hu\/index.php\/wp-json\/wp\/v2\/users\/3"}],"replies":[{"embeddable":true,"href":"https:\/\/altisk-mlak.edu.hu\/index.php\/wp-json\/wp\/v2\/comments?post=2648"}],"version-history":[{"count":2,"href":"https:\/\/altisk-mlak.edu.hu\/index.php\/wp-json\/wp\/v2\/posts\/2648\/revisions"}],"predecessor-version":[{"id":2653,"href":"https:\/\/altisk-mlak.edu.hu\/index.php\/wp-json\/wp\/v2\/posts\/2648\/revisions\/2653"}],"wp:attachment":[{"href":"https:\/\/altisk-mlak.edu.hu\/index.php\/wp-json\/wp\/v2\/media?parent=2648"}],"wp:term":[{"taxonomy":"category","embeddable":true,"href":"https:\/\/altisk-mlak.edu.hu\/index.php\/wp-json\/wp\/v2\/categories?post=2648"},{"taxonomy":"post_tag","embeddable":true,"href":"https:\/\/altisk-mlak.edu.hu\/index.php\/wp-json\/wp\/v2\/tags?post=2648"}],"curies":[{"name":"wp","href":"https:\/\/api.w.org\/{rel}","templated":true}]}}