{"id":2746,"date":"2024-12-02T08:36:16","date_gmt":"2024-12-02T08:36:16","guid":{"rendered":"https:\/\/altisk-mlak.edu.hu\/?p=2746"},"modified":"2024-12-02T08:36:28","modified_gmt":"2024-12-02T08:36:28","slug":"iskolamise-decemberben","status":"publish","type":"post","link":"https:\/\/altisk-mlak.edu.hu\/index.php\/iskolamise-decemberben\/","title":{"rendered":"Iskolamise decemberben"},"content":{"rendered":"<table style=\"border-collapse: collapse; width: 83.1126%; height: 714px;\">\n<tbody>\n<tr>\n<td style=\"width: 494px; height: 694px; background-image: url('https:\/\/altisk-mlak.edu.hu\/wp-content\/uploads\/2024\/12\/Iskolamise-december-hatter.png');\">\n<table style=\"border-collapse: collapse; width: 101.633%; height: 556px;\">\n<tbody>\n<tr style=\"height: 80px;\">\n<td style=\"width: 20%;\"><\/td>\n<td style=\"width: 60%; text-align: center; vertical-align: top;\"><span style=\"font-size: 10pt;\"><strong>Magyarlak-Cs\u00f6r\u00f6tnek \u00c1ltal\u00e1nos Iskol\u00e1ja<\/strong><\/span><br \/>\n<span style=\"font-size: 10pt;\"><strong>iskolamis\u00e9je<\/strong><\/span><br \/>\n<span style=\"font-size: 10pt;\"><strong>2024. december 2-\u00e1n (h\u00e9tf\u0151n)<\/strong><\/span><br \/>\n<span style=\"font-size: 10pt;\"><strong>14:30-kor<\/strong> lesz<\/span><br \/>\n<span style=\"font-size: 10pt;\">az iskola aul\u00e1j\u00e1ban.<\/span><\/td>\n<td style=\"width: 20%;\"><\/td>\n<\/tr>\n<tr style=\"height: 400px;\">\n<td style=\"width: 20%;\"><\/td>\n<td style=\"width: 60%; vertical-align: top;\">\n<p style=\"text-align: center;\"><span style=\"font-size: 10pt;\">A szentmise keret\u00e9ben Szent Mikl\u00f3sra eml\u00e9kez\u00fcnk.<\/span><br \/>\n<span style=\"font-size: 10pt;\">A szentmis\u00e9t celebr\u00e1lja:<\/span><br \/>\n<span style=\"font-size: 10pt;\">Dr. Tak\u00e1cs Gyula<\/span><br \/>\n<span style=\"font-size: 10pt;\">iskolalelk\u00e9sz.<\/span><br \/>\n<span style=\"font-size: 10pt;\">Szeretettel v\u00e1rjuk a sz\u00fcl\u0151ket. nagysz\u00fcl\u0151ket<\/span><br \/>\n<span style=\"font-size: 10pt;\">\u00e9s az egyh\u00e1zk\u00f6zs\u00e9g tagjait!<\/span><\/p>\n<\/td>\n<td style=\"width: 20%;\"><\/td>\n<\/tr>\n<\/tbody>\n<\/table>\n<\/td>\n<\/tr>\n<\/tbody>\n<\/table>\n","protected":false},"excerpt":{"rendered":"<p>Magyarlak-Cs\u00f6r\u00f6tnek \u00c1ltal\u00e1nos Iskol\u00e1ja iskolamis\u00e9je 2024. december 2-\u00e1n (h\u00e9tf\u0151n) 14:30-kor lesz az iskola aul\u00e1j\u00e1ban. A szentmise keret\u00e9ben Szent Mikl\u00f3sra eml\u00e9kez\u00fcnk. A szentmis\u00e9t celebr\u00e1lja: Dr. Tak\u00e1cs Gyula iskolalelk\u00e9sz. Szeretettel v\u00e1rjuk a sz\u00fcl\u0151ket. nagysz\u00fcl\u0151ket \u00e9s<a class=\"moretag\" href=\"https:\/\/altisk-mlak.edu.hu\/index.php\/iskolamise-decemberben\/\">Read More&#8230;<\/a><\/p>\n","protected":false},"author":3,"featured_media":0,"comment_status":"closed","ping_status":"closed","sticky":false,"template":"","format":"standard","meta":{"two_page_speed":[],"footnotes":""},"categories":[1],"tags":[],"class_list":["post-2746","post","type-post","status-publish","format-standard","hentry","category-egyeb"],"_links":{"self":[{"href":"https:\/\/altisk-mlak.edu.hu\/index.php\/wp-json\/wp\/v2\/posts\/2746","targetHints":{"allow":["GET"]}}],"collection":[{"href":"https:\/\/altisk-mlak.edu.hu\/index.php\/wp-json\/wp\/v2\/posts"}],"about":[{"href":"https:\/\/altisk-mlak.edu.hu\/index.php\/wp-json\/wp\/v2\/types\/post"}],"author":[{"embeddable":true,"href":"https:\/\/altisk-mlak.edu.hu\/index.php\/wp-json\/wp\/v2\/users\/3"}],"replies":[{"embeddable":true,"href":"https:\/\/altisk-mlak.edu.hu\/index.php\/wp-json\/wp\/v2\/comments?post=2746"}],"version-history":[{"count":1,"href":"https:\/\/altisk-mlak.edu.hu\/index.php\/wp-json\/wp\/v2\/posts\/2746\/revisions"}],"predecessor-version":[{"id":2748,"href":"https:\/\/altisk-mlak.edu.hu\/index.php\/wp-json\/wp\/v2\/posts\/2746\/revisions\/2748"}],"wp:attachment":[{"href":"https:\/\/altisk-mlak.edu.hu\/index.php\/wp-json\/wp\/v2\/media?parent=2746"}],"wp:term":[{"taxonomy":"category","embeddable":true,"href":"https:\/\/altisk-mlak.edu.hu\/index.php\/wp-json\/wp\/v2\/categories?post=2746"},{"taxonomy":"post_tag","embeddable":true,"href":"https:\/\/altisk-mlak.edu.hu\/index.php\/wp-json\/wp\/v2\/tags?post=2746"}],"curies":[{"name":"wp","href":"https:\/\/api.w.org\/{rel}","templated":true}]}}